{"id":248100,"date":"2025-07-13T22:45:11","date_gmt":"2025-07-13T22:45:11","guid":{"rendered":"https:\/\/www.europesays.com\/fr\/248100\/"},"modified":"2025-07-13T22:45:11","modified_gmt":"2025-07-13T22:45:11","slug":"audrey-crespo-mara-dement-les-rumeurs-autour-de-thierry-ardisson","status":"publish","type":"post","link":"https:\/\/www.europesays.com\/fr\/248100\/","title":{"rendered":"Audrey Crespo-Mara d\u00e9ment les rumeurs autour de Thierry Ardisson"},"content":{"rendered":"<p>C\u2019est sur le r\u00e9seau social X que la journaliste <a href=\"https:\/\/www.20minutes.fr\/arts-stars\/television\/4115099-20241011-sept-huit-ur-samuel-paty-portrait-semaine-audrey-crespo-mara-tf1\" target=\"_blank\" class=\"color-ultramarine c-link\" rel=\"noopener\">Audrey Crespo-Mara<\/a> a tenu \u00e0 r\u00e9tablir la v\u00e9rit\u00e9 sur l\u2019\u00e9tat de son mari\u00a0: \u00ab\u00a0Honte \u00e0 vous\u00a0! Non, mon mari n\u2019est pas mort.\u00a0\u00bb Un message clair apr\u00e8s que des rumeurs sur la mort du pr\u00e9sentateur <a href=\"https:\/\/www.20minutes.fr\/dossier\/thierry_ardisson\" class=\"color-ultramarine c-link\" target=\"_blank\" rel=\"noopener\">Thierry Ardisson<\/a> ont \u00e9t\u00e9 diffus\u00e9es sur les r\u00e9seaux sociaux.<\/p>\n<p class=\"mb-xxl@xs color-ultramarine font-weight-semi-bold@xs font-source-serif-pro heading-s@xs\">L\u2019acc\u00e8s \u00e0 ce contenu a \u00e9t\u00e9 bloqu\u00e9 afin de respecter votre choix de consentement<\/p>\n<p class=\"mb-m@xs text-l@xs\">En cliquant sur\u00ab J\u2019accepte \u00bb, vous acceptez le d\u00e9p\u00f4t de cookies par des services externes et aurez ainsi acc\u00e8s aux contenus de nos partenaires.<\/p>\n<p class=\"mb-xl@xs text-s@xs\">Plus d\u2019informations sur la page<a href=\"https:\/\/www.20minutes.fr\/gestion-cookies\" class=\"mx-xxs@xs color-ultramarine\" target=\"_blank\" rel=\"noopener\">Politique de gestion des cookies<\/a><\/p>\n<p>J\u2019accepte<\/p>\n<p>Cette rumeur intervient alors que la journaliste n\u2019a pas pr\u00e9sent\u00e9 le journal de TF1 vendredi et samedi comme pr\u00e9vu. A sa place, c\u2019est <a href=\"https:\/\/www.20minutes.fr\/arts-stars\/television\/4143502-20250314-television-formats-immersifs-quoi-va-ressembler-futur-jt-tf1\" target=\"_blank\" class=\"color-ultramarine c-link\" rel=\"noopener\">Anne-Claire Coudray<\/a> qui a offici\u00e9, sans commenter l\u2019absence de sa cons\u0153ur. Pourtant, le 6\u00a0juillet dernier, la journaliste avait annonc\u00e9 \u00e0 la fin de son journal\u00a0: \u00ab\u00a0Vendredi prochain, vous retrouverez Audrey Crespo-Mara. Tr\u00e8s belle semaine \u00e0 vous, et on se retrouve le 14\u00a0juillet, je compte sur vous\u00a0!\u00a0\u00bb Car la pr\u00e9sentatrice des journaux du week-end de TF1 ne devait revenir qu\u2019\u00e0 partir de lundi pour couvrir les c\u00e9l\u00e9brations de la <a href=\"https:\/\/www.20minutes.fr\/dossier\/14_juillet\" class=\"color-ultramarine c-link\" target=\"_blank\" rel=\"noopener\">F\u00eate nationale<\/a>.<\/p>\n<\/p>\n<p>Il n\u2019en fallait pas plus pour que certains utilisateurs des r\u00e9seaux sociaux soup\u00e7onnent la journaliste d\u2019\u00eatre au chevet de son mari Thierry Ardisson. Si la journaliste n\u2019a pas expliqu\u00e9 les raisons de son absence, elle a souhait\u00e9 mettre fin au plus vite aux rumeurs qui circulaient sur son \u00e9poux.<\/p>\n","protected":false},"excerpt":{"rendered":"C\u2019est sur le r\u00e9seau social X que la journaliste Audrey Crespo-Mara a tenu \u00e0 r\u00e9tablir la v\u00e9rit\u00e9 sur&hellip;\n","protected":false},"author":2,"featured_media":248101,"comment_status":"","ping_status":"","sticky":false,"template":"","format":"standard","meta":{"footnotes":""},"categories":[8],"tags":[58,59,1011,27,500,178,252,199,10058],"class_list":{"0":"post-248100","1":"post","2":"type-post","3":"status-publish","4":"format-standard","5":"has-post-thumbnail","7":"category-divertissement","8":"tag-divertissement","9":"tag-entertainment","10":"tag-fr","11":"tag-france","12":"tag-medias","13":"tag-rumeur","14":"tag-television","15":"tag-tf1","16":"tag-thierry-ardisson"},"share_on_mastodon":{"url":"https:\/\/pubeurope.com\/@fr\/114848355149023611","error":""},"_links":{"self":[{"href":"https:\/\/www.europesays.com\/fr\/wp-json\/wp\/v2\/posts\/248100","targetHints":{"allow":["GET"]}}],"collection":[{"href":"https:\/\/www.europesays.com\/fr\/wp-json\/wp\/v2\/posts"}],"about":[{"href":"https:\/\/www.europesays.com\/fr\/wp-json\/wp\/v2\/types\/post"}],"author":[{"embeddable":true,"href":"https:\/\/www.europesays.com\/fr\/wp-json\/wp\/v2\/users\/2"}],"replies":[{"embeddable":true,"href":"https:\/\/www.europesays.com\/fr\/wp-json\/wp\/v2\/comments?post=248100"}],"version-history":[{"count":0,"href":"https:\/\/www.europesays.com\/fr\/wp-json\/wp\/v2\/posts\/248100\/revisions"}],"wp:featuredmedia":[{"embeddable":true,"href":"https:\/\/www.europesays.com\/fr\/wp-json\/wp\/v2\/media\/248101"}],"wp:attachment":[{"href":"https:\/\/www.europesays.com\/fr\/wp-json\/wp\/v2\/media?parent=248100"}],"wp:term":[{"taxonomy":"category","embeddable":true,"href":"https:\/\/www.europesays.com\/fr\/wp-json\/wp\/v2\/categories?post=248100"},{"taxonomy":"post_tag","embeddable":true,"href":"https:\/\/www.europesays.com\/fr\/wp-json\/wp\/v2\/tags?post=248100"}],"curies":[{"name":"wp","href":"https:\/\/api.w.org\/{rel}","templated":true}]}}