{"id":248106,"date":"2025-07-13T22:48:14","date_gmt":"2025-07-13T22:48:14","guid":{"rendered":"https:\/\/www.europesays.com\/fr\/248106\/"},"modified":"2025-07-13T22:48:14","modified_gmt":"2025-07-13T22:48:14","slug":"des-agents-russes-presumes-tues-apres-lassassinat-dun-colonel-du-renseignement","status":"publish","type":"post","link":"https:\/\/www.europesays.com\/fr\/248106\/","title":{"rendered":"des agents russes pr\u00e9sum\u00e9s tu\u00e9s apr\u00e8s l\u2019assassinat d\u2019un colonel du renseignement"},"content":{"rendered":"<p>Le colonel Ivan Voronytch, vis\u00e9 selon Kiev par une mission du FSB, aurait \u00e9t\u00e9 suivi pendant plusieurs jours par un bin\u00f4me d\u2019ex\u00e9cutants.<\/p>\n<p class=\"fig-paragraph\">Les\u00a0<a href=\"http:\/\/www.lefigaro.fr\/flash-actu\/russie-un-diplomate-ukrainien-arrete-par-les-services-de-securite-20210417\" data-fig-type=\"NewsFlash\" data-gtm-custom-categorie=\"navigation\" data-gtm-custom-action=\"crossclick\" data-gtm-custom-label=\"Contextuel\" data-gtm-event=\"customEventSPE\" data-fig-domain=\"LEFIGARO\" target=\"_blank\" rel=\"noopener\">services de s\u00e9curit\u00e9 ukrainiens<\/a>\u00a0(SBU) ont annonc\u00e9 dimanche avoir tu\u00e9 des personnes soup\u00e7onn\u00e9es d&rsquo;\u00eatre des agents russes responsables de l&rsquo;assassinat d&rsquo;un officier du renseignement ukrainien. Ce dernier, le colonel Ivan Voronytch, qui travaillait pour le SBU, avait \u00e9t\u00e9 abattu jeudi \u00e0\u00a0<a href=\"http:\/\/www.lefigaro.fr\/international\/guerre-en-ukraine-la-russie-dit-avoir-intercepte-155-drones-ukrainiens-un-mort-dans-la-region-de-lipetsk-20250711\" data-fig-type=\"NewsFlash\" data-gtm-custom-categorie=\"navigation\" data-gtm-custom-action=\"crossclick\" data-gtm-custom-label=\"Contextuel\" data-gtm-event=\"customEventSPE\" data-fig-domain=\"LEFIGARO\" target=\"_blank\" rel=\"noopener\">Kiev<\/a>, une affaire relativement rare en Ukraine.<\/p>\n<p class=\"fig-paragraph\">Le SBU a affirm\u00e9 avoir conduit dimanche une op\u00e9ration dans la r\u00e9gion de la capitale ukrainienne en vue d&rsquo;arr\u00eater les suspects de son meurtre, identifi\u00e9s comme \u00e9tant des agents des services de s\u00e9curit\u00e9 russes (FSB). Au moment de leur arrestation, des membres de ce groupe \u00abont oppos\u00e9 une r\u00e9sistance et ont \u00e9t\u00e9 neutralis\u00e9s\u00bb, a racont\u00e9 le SBU.<\/p>\n<p>                                    <a class=\"fig-a11y-skip a11y-hidden\" href=\"#fig-a11y-skip-main-inarticle\"><br \/>\n        Passer la publicit\u00e9<br \/>\n    <\/a><\/p>\n<p class=\"fig-paragraph\">Les services ukrainiens n&rsquo;ont pas dit combien de personnes avaient \u00e9t\u00e9 tu\u00e9es au cours de cette op\u00e9ration mais ont diffus\u00e9 une vid\u00e9o dans laquelle deux cadavres sont visibles. Le meurtre du colonel ukrainien avait \u00e9t\u00e9 commis, selon le SBU, par un homme et une femme qui l&rsquo;avaient suivi pour conna\u00eetre son emploi du temps et ses itin\u00e9raires habituels.<\/p>\n<p class=\"fig-paragraph\">Un groupe d&rsquo;agents des services de s\u00e9curit\u00e9 russes \u00abavait \u00e9t\u00e9 envoy\u00e9 en Ukraine \u00e0 l&rsquo;avance\u00bb pour cet assassinat, a expliqu\u00e9 Vassyl Maliouk, le chef du SBU, cit\u00e9 dans le communiqu\u00e9.<\/p>\n<p class=\"fig-paragraph\">En plus de trois ans, Ukrainiens et Russes se sont r\u00e9guli\u00e8rement accus\u00e9s d&rsquo;assassinats, notamment de responsables politiques et militaires, ainsi que de sabotage ou encore d&rsquo;espionnage.<\/p>\n","protected":false},"excerpt":{"rendered":"Le colonel Ivan Voronytch, vis\u00e9 selon Kiev par une mission du FSB, aurait \u00e9t\u00e9 suivi pendant plusieurs jours&hellip;\n","protected":false},"author":2,"featured_media":248107,"comment_status":"","ping_status":"","sticky":false,"template":"","format":"standard","meta":{"footnotes":""},"categories":[5],"tags":[1111,47,11,1109,1112,118,1108,107,1106,1107,1011,27,1110,1114,14,12,1113,316,28],"class_list":{"0":"post-248106","1":"post","2":"type-post","3":"status-publish","4":"format-standard","5":"has-post-thumbnail","7":"category-international","8":"tag-actu","9":"tag-actualite","10":"tag-actualites","11":"tag-breves","12":"tag-depeches","13":"tag-faits-divers","14":"tag-fil","15":"tag-fil-info","16":"tag-flash","17":"tag-flash-actu","18":"tag-fr","19":"tag-france","20":"tag-informations","21":"tag-infos","22":"tag-international","23":"tag-news","24":"tag-nouvelles","25":"tag-politique","26":"tag-world"},"share_on_mastodon":{"url":"https:\/\/pubeurope.com\/@fr\/114848366772323662","error":""},"_links":{"self":[{"href":"https:\/\/www.europesays.com\/fr\/wp-json\/wp\/v2\/posts\/248106","targetHints":{"allow":["GET"]}}],"collection":[{"href":"https:\/\/www.europesays.com\/fr\/wp-json\/wp\/v2\/posts"}],"about":[{"href":"https:\/\/www.europesays.com\/fr\/wp-json\/wp\/v2\/types\/post"}],"author":[{"embeddable":true,"href":"https:\/\/www.europesays.com\/fr\/wp-json\/wp\/v2\/users\/2"}],"replies":[{"embeddable":true,"href":"https:\/\/www.europesays.com\/fr\/wp-json\/wp\/v2\/comments?post=248106"}],"version-history":[{"count":0,"href":"https:\/\/www.europesays.com\/fr\/wp-json\/wp\/v2\/posts\/248106\/revisions"}],"wp:featuredmedia":[{"embeddable":true,"href":"https:\/\/www.europesays.com\/fr\/wp-json\/wp\/v2\/media\/248107"}],"wp:attachment":[{"href":"https:\/\/www.europesays.com\/fr\/wp-json\/wp\/v2\/media?parent=248106"}],"wp:term":[{"taxonomy":"category","embeddable":true,"href":"https:\/\/www.europesays.com\/fr\/wp-json\/wp\/v2\/categories?post=248106"},{"taxonomy":"post_tag","embeddable":true,"href":"https:\/\/www.europesays.com\/fr\/wp-json\/wp\/v2\/tags?post=248106"}],"curies":[{"name":"wp","href":"https:\/\/api.w.org\/{rel}","templated":true}]}}