{"id":248112,"date":"2025-07-13T22:51:10","date_gmt":"2025-07-13T22:51:10","guid":{"rendered":"https:\/\/www.europesays.com\/fr\/248112\/"},"modified":"2025-07-13T22:51:10","modified_gmt":"2025-07-13T22:51:10","slug":"heand-mariage-felicitations-a-mari-et-corentin","status":"publish","type":"post","link":"https:\/\/www.europesays.com\/fr\/248112\/","title":{"rendered":"H\u00e9and | Mariage. F\u00e9licitations \u00e0 Mari et Corentin"},"content":{"rendered":"<p>Ce samedi \u00e0 11\u00a0heures, Olivier Borel, \u00e9lu, a proc\u00e9d\u00e9 \u00e0 l\u2019union de Mari Sunaga, 36 ans, et de Corentin Bresselle, 35 ans. Mari travaille en free-lance, Corentin est ing\u00e9nieur et c\u2019est en r\u00e9gion parisienne qu\u2019ils exercent professionnellement. C\u2019est pourtant sur le village que le couple a d\u00e9cid\u00e9 de s\u2019unir car le mari\u00e9 est originaire de Saint-H\u00e9and et ses parents r\u00e9sident encore sur la commune. Amandine et Sol\u00e8ne sont les personnes que le couple a choisies pour \u00eatre t\u00e9moins privil\u00e9gi\u00e9es de leur union.<\/p>\n","protected":false},"excerpt":{"rendered":"Ce samedi \u00e0 11\u00a0heures, Olivier Borel, \u00e9lu, a proc\u00e9d\u00e9 \u00e0 l\u2019union de Mari Sunaga, 36 ans, et de&hellip;\n","protected":false},"author":2,"featured_media":248113,"comment_status":"","ping_status":"","sticky":false,"template":"","format":"standard","meta":{"footnotes":""},"categories":[9653],"tags":[1111,11,2430,9223,7539,1777,674,1011,27,1930,12,25,4001,9664,22839,104],"class_list":{"0":"post-248112","1":"post","2":"type-post","3":"status-publish","4":"format-standard","5":"has-post-thumbnail","7":"category-saint-etienne","8":"tag-actu","9":"tag-actualites","10":"tag-auvergne-rhone-alpes","11":"tag-carnet-du-jour","12":"tag-edition-loire-sud","13":"tag-eu","14":"tag-europe","15":"tag-fr","16":"tag-france","17":"tag-mariage","18":"tag-news","19":"tag-republique-francaise","20":"tag-saint-etienne","21":"tag-saint-etienne-bassin","22":"tag-saint-heand","23":"tag-societe"},"share_on_mastodon":{"url":"https:\/\/pubeurope.com\/@fr\/114848378595232273","error":""},"_links":{"self":[{"href":"https:\/\/www.europesays.com\/fr\/wp-json\/wp\/v2\/posts\/248112","targetHints":{"allow":["GET"]}}],"collection":[{"href":"https:\/\/www.europesays.com\/fr\/wp-json\/wp\/v2\/posts"}],"about":[{"href":"https:\/\/www.europesays.com\/fr\/wp-json\/wp\/v2\/types\/post"}],"author":[{"embeddable":true,"href":"https:\/\/www.europesays.com\/fr\/wp-json\/wp\/v2\/users\/2"}],"replies":[{"embeddable":true,"href":"https:\/\/www.europesays.com\/fr\/wp-json\/wp\/v2\/comments?post=248112"}],"version-history":[{"count":0,"href":"https:\/\/www.europesays.com\/fr\/wp-json\/wp\/v2\/posts\/248112\/revisions"}],"wp:featuredmedia":[{"embeddable":true,"href":"https:\/\/www.europesays.com\/fr\/wp-json\/wp\/v2\/media\/248113"}],"wp:attachment":[{"href":"https:\/\/www.europesays.com\/fr\/wp-json\/wp\/v2\/media?parent=248112"}],"wp:term":[{"taxonomy":"category","embeddable":true,"href":"https:\/\/www.europesays.com\/fr\/wp-json\/wp\/v2\/categories?post=248112"},{"taxonomy":"post_tag","embeddable":true,"href":"https:\/\/www.europesays.com\/fr\/wp-json\/wp\/v2\/tags?post=248112"}],"curies":[{"name":"wp","href":"https:\/\/api.w.org\/{rel}","templated":true}]}}