{"id":24812,"date":"2025-04-14T17:41:09","date_gmt":"2025-04-14T17:41:09","guid":{"rendered":"https:\/\/www.europesays.com\/fr\/24812\/"},"modified":"2025-04-14T17:41:09","modified_gmt":"2025-04-14T17:41:09","slug":"etats-unis-fort-tremblement-de-terre-en-californie-pres-de-san-diego","status":"publish","type":"post","link":"https:\/\/www.europesays.com\/fr\/24812\/","title":{"rendered":"\u00c9tats-Unis\u00a0: fort tremblement de terre en Californie, pr\u00e8s de San Diego"},"content":{"rendered":"<p class=\"paragraph text_align_left\">Un tremblement de terre de magnitude 5.2 s\u2019est produit pr\u00e8s de San Diego, aux \u00c9tats-Unis, ce lundi matin (peu apr\u00e8s 19 heures \u00e0 Paris), selon <a href=\"https:\/\/earthquake.usgs.gov\/earthquakes\/map\/?currentFeatureId=ci40925991&amp;extent=-28.92163,-257.16797&amp;extent=76.55774,24.08203&amp;sort=largest\" target=\"_blank\" rel=\"noopener\">l\u2019institut g\u00e9ologique am\u00e9ricain<\/a> (U.S. Geological Survey). Le tremblement de terre a \u00e9t\u00e9 ressenti dans tout le sud de la Californie, y compris \u00e0 Los Angeles et m\u00eame jusqu\u2019au Mexique tout proche.<\/p>\n<p class=\"paragraph text_align_left\"><b>&gt; Plus d\u2019informations \u00e0 suivre sur Le Parisien\u2026<\/b><\/p>\n","protected":false},"excerpt":{"rendered":"Un tremblement de terre de magnitude 5.2 s\u2019est produit pr\u00e8s de San Diego, aux \u00c9tats-Unis, ce lundi matin&hellip;\n","protected":false},"author":2,"featured_media":24813,"comment_status":"","ping_status":"","sticky":false,"template":"","format":"standard","meta":{"footnotes":""},"categories":[1589],"tags":[11,898,8936,73,1866,118,12,1864,1865,1863,308],"class_list":{"0":"post-24812","1":"post","2":"type-post","3":"status-publish","4":"format-standard","5":"has-post-thumbnail","7":"category-etats-unis","8":"tag-actualites","9":"tag-alerte","10":"tag-breaking-news","11":"tag-etats-unis","12":"tag-etats-unis-damerique","13":"tag-faits-divers","14":"tag-news","15":"tag-united-states","16":"tag-united-states-of-america","17":"tag-us","18":"tag-usa"},"share_on_mastodon":{"url":"https:\/\/pubeurope.com\/@fr\/114337551741947875","error":""},"_links":{"self":[{"href":"https:\/\/www.europesays.com\/fr\/wp-json\/wp\/v2\/posts\/24812","targetHints":{"allow":["GET"]}}],"collection":[{"href":"https:\/\/www.europesays.com\/fr\/wp-json\/wp\/v2\/posts"}],"about":[{"href":"https:\/\/www.europesays.com\/fr\/wp-json\/wp\/v2\/types\/post"}],"author":[{"embeddable":true,"href":"https:\/\/www.europesays.com\/fr\/wp-json\/wp\/v2\/users\/2"}],"replies":[{"embeddable":true,"href":"https:\/\/www.europesays.com\/fr\/wp-json\/wp\/v2\/comments?post=24812"}],"version-history":[{"count":0,"href":"https:\/\/www.europesays.com\/fr\/wp-json\/wp\/v2\/posts\/24812\/revisions"}],"wp:featuredmedia":[{"embeddable":true,"href":"https:\/\/www.europesays.com\/fr\/wp-json\/wp\/v2\/media\/24813"}],"wp:attachment":[{"href":"https:\/\/www.europesays.com\/fr\/wp-json\/wp\/v2\/media?parent=24812"}],"wp:term":[{"taxonomy":"category","embeddable":true,"href":"https:\/\/www.europesays.com\/fr\/wp-json\/wp\/v2\/categories?post=24812"},{"taxonomy":"post_tag","embeddable":true,"href":"https:\/\/www.europesays.com\/fr\/wp-json\/wp\/v2\/tags?post=24812"}],"curies":[{"name":"wp","href":"https:\/\/api.w.org\/{rel}","templated":true}]}}