{"id":248120,"date":"2025-07-13T22:59:13","date_gmt":"2025-07-13T22:59:13","guid":{"rendered":"https:\/\/www.europesays.com\/fr\/248120\/"},"modified":"2025-07-13T22:59:13","modified_gmt":"2025-07-13T22:59:13","slug":"ferrari-amalfi-lelegance-plus-que-la-brutalite","status":"publish","type":"post","link":"https:\/\/www.europesays.com\/fr\/248120\/","title":{"rendered":"Ferrari Amalfi, l&rsquo;\u00e9l\u00e9gance plus que la brutalit\u00e9"},"content":{"rendered":"<p>            Par<br \/>\n        <strong><br \/>\n            <a href=\"https:\/\/actu.fr\/auteur\/g-martin\" title=\"Consulter tous les articles de Gil Martin\" rel=\"nofollow noopener\" target=\"_blank\">Gil Martin<\/a><br \/>\n        <\/strong><\/p>\n<p>        Publi\u00e9 le<\/p>\n<p>            13 juil. 2025 \u00e0 12h31        <\/p>\n<p>La nouvelle berlinette 2+2 de de la marque au cheval cabr\u00e9 porte un nom \u00e9voquant la c\u00f4te amalfitaine, la M\u00e9diterran\u00e9e, le soleil, un certain go\u00fbt du luxe et l\u2019art de vivre\u2026 Cette nouvelle Ferrari propose une sorte de rupture avec les pr\u00e9c\u00e9dents mod\u00e8les, tant les designers ont tenu \u00e0 proposer une voiture aux lignes tr\u00e8s \u00e9pur\u00e9es et \u00e0 l\u2019esth\u00e9tique r\u00e9solument moderne, se rapprochant de l\u2019esprit des 100% \u00e9lectriques.<\/p>\n<p>Un dessin tr\u00e8s raffin\u00e9<\/p>\n<p class=\" wall-content\">Sur ce mod\u00e8le, qui s\u2019inspire de la Roma, tous les \u00e9l\u00e9ments de carrosserie sont nouveaux et permettent \u00e0 Ferrari d\u2019innover, comme les fins projecteurs remontant tr\u00e8s haut sur les ailes reli\u00e9s par un bandeau lumineux traversant toute la calandre. En dessous du capot plongeant, du sobre avec une grosse prise d\u2019air au ras du bitume que les designers ont augment\u00e9 d\u2019une sorte de \u00ab becquet \u00bb cens\u00e9 am\u00e9liorer la tenue de route. Original et esth\u00e9tique, et peut-\u00eatre une innovation \u00e0 retrouver sur d\u2019autres mod\u00e8les\u2026<\/p>\n<p>    <img   decoding=\"async\" loading=\"lazy\" src=\"https:\/\/www.europesays.com\/fr\/wp-content\/uploads\/2025\/07\/photo-ferrari-amalfi-hayon-960x640.jpg\" alt=\"On appr\u00e9cie n\u00e9anmoins le hayon assez relev\u00e9 avec la vitre arri\u00e8re int\u00e9gr\u00e9e et le fin bandeau lumineux int\u00e9grant des feux en pointill\u00e9s\" width=\"960\" height=\"640\"\/><br \/>\n    On appr\u00e9cie n\u00e9anmoins le hayon assez relev\u00e9 avec la vitre arri\u00e8re int\u00e9gr\u00e9e et le fin bandeau lumineux int\u00e9grant des feux en pointill\u00e9s (\u00a9Ferrari)Le sou\u00e7is du d\u00e9tail<\/p>\n<p class=\" wall-content\">Pas d\u2019exc\u00e8s non-plus sur les flancs (o\u00f9 seule une nervure sculpte la silhouette de l\u2019Amalfi) et \u00e0 l\u2019arri\u00e8re avec un dessin toujours aussi gracieux et minimaliste. On appr\u00e9cie n\u00e9anmoins le hayon assez relev\u00e9 avec la vitre arri\u00e8re int\u00e9gr\u00e9e et le fin bandeau lumineux int\u00e9grant des feux en pointill\u00e9s. Ferarri a mis au point une v\u00e9ritable signature lumineuse, et la berlinette n\u2018oublie pas (aussi) de rouler un peu des m\u00e9caniques avec sa double-sortie d\u2019\u00e9chappement.<\/p>\n<p><strong>Le petit +<\/strong>\u00a0: l\u2019aileron arri\u00e8re, int\u00e9gr\u00e9 au hayon et quasiment invisible, est mobile\u00a0: il se d\u00e9ploie et peut choisir entre trois positions pour jouer sur l\u2019appui a\u00e9rodynamique<\/p>\n<p>Vid\u00e9os : en ce moment sur Actu<\/p>\n<p class=\" wall-content\">Sous le capot, on d\u00e9couvre le V8 biturbo de 3,85 litres de la Roma capable ici de d\u00e9livrer 640 ch, soit un petit gain de 20 ch par rapport au pr\u00e9c\u00e9dent mod\u00e8le et une sonorit\u00e9 beaucoup plus pr\u00e9sente. Cette Ferrari ne passe pas inaper\u00e7ue\u00a0: tr\u00e8s belle, tr\u00e8s fluide, son souffle rauque et puissant parle autant que son look et fera se retourner toutes les t\u00eates.<\/p>\n<p>    <img   decoding=\"async\" loading=\"lazy\" src=\"https:\/\/www.europesays.com\/fr\/wp-content\/uploads\/2025\/07\/photo-ferrari-amalfi-planche-960x640.jpg\" alt=\"Le constructeur s\u2019est tr\u00e8s largement inspir\u00e9 de la planche de bord de l\u2019un de ces derniers bijoux, la Dodici Cilindri\" width=\"960\" height=\"640\"\/><br \/>\n    Le constructeur s\u2019est tr\u00e8s largement inspir\u00e9 de la planche de bord de l\u2019un de ces derniers bijoux, la Dodici Cilindri (\u00a9Ferrari)<\/p>\n<blockquote class=\"ac-article-quote wall-content\">\n<p>\u00ab\u00a0La Ferrai Amalfi offre sans doute le meilleur compromis entre performances, plaisir de conduite et confort sur le segment des berlinettes de luxe\u00a0\u00bb<\/p>\n<p>    <strong\/>\n            <\/p><\/blockquote>\n<p class=\" wall-content\">A l\u2019int\u00e9rieur, pas de grandes surprises\u00a0: l\u2019Habitacle est raffin\u00e9, chaleureux, et on constate que le constructeur s\u2019est tr\u00e8s largement inspir\u00e9 de la planche de bord de l\u2019un de ces derniers bijoux, la Dodici Cilindri. La console centrale, sobre et tr\u00e8s \u00e9l\u00e9gante, s\u2019organise autour d\u2019un \u00e9cran tactile de 8,8\u2019\u2019 positionn\u00e9 juste entre les deux passagers avant. Derri\u00e8re le volant, la dalle num\u00e9rique de 15,6\u2019\u2019 est pr\u00e9sent\u00e9e en forme de triangle.<\/p>\n<p>Un bel effort sur l\u2019am\u00e9nagement<\/p>\n<p class=\" wall-content\">Ferrari a os\u00e9 s\u00e9parer cette planche en deux parties, avec une partie des commandes situ\u00e9es devant le passager. Et on ne peut s\u2019emp\u00eacher d\u2019appr\u00e9cier le design du tunnel o\u00f9 un fin panneau en aluminium int\u00e8gre les commandes de la bo\u00eete \u00e0 double embrayage \u00e0 8 rapports.<\/p>\n<p>    <img   decoding=\"async\" loading=\"lazy\" src=\"https:\/\/www.europesays.com\/fr\/wp-content\/uploads\/2025\/07\/photo-ferrari-amalfi-profil-profil-960x640.jpg\" alt=\"Le constructeur Maranello propose une supercar offrant sans doute le meilleur compromis entre performances, plaisir de conduite et confort \" width=\"960\" height=\"640\"\/><br \/>\n    Le constructeur Maranello propose une supercar offrant sans doute le meilleur compromis entre performances, plaisir de conduite et confort (\u00a9Ferrari)<\/p>\n<p><strong>Le petit +\u00a0<\/strong>: suite aux remarques de ses clients, Ferrari a opt\u00e9 pour le retour des boutons physiques sur le volant<\/p>\n<p>Confort et dynamisme<\/p>\n<p class=\" wall-content\">Au final, cette Ferrari Amalfi, au confort et au dynamisme rehauss\u00e9s, a \u00e9t\u00e9 taill\u00e9e pour prendre toute sa place sur le segment tr\u00e8s limit\u00e9 des berlinettes de luxe \u00e0 l\u2019esprit GT plus que comp\u00e9tition automobile. Le constructeur Maranello va proposer sur le march\u00e9 des supercars une voiture qui offre sans doute le meilleur compromis entre performances, plaisir de conduite et confort.<\/p>\n<p>Ferrari Amalfi : les performances<\/p>\n<p>Dimensions\u00a0: 4,66 m (l), 1,30 m (H) et 1,98 m (L)<br \/>Moteur\u00a0: V8 biturbo 3,9 L<br \/>puissance\u00a0: 640 ch<br \/>Vitesse max\u00a0: 320 km\/h<br \/>De 0 \u00e0 100 km\/h en 3,3 secondes<br \/>Coffre\u00a0: 276 L<br \/>Commercialisation \/ 1er trimestre 2026<br \/>Tarif : \u00e0 partir de 240 000 euros<\/p>\n<p class=\" wall-content\">.<\/p>\n<p class=\" wall-content\">Suivez toute l\u2019actualit\u00e9 de vos villes et m\u00e9dias favoris en vous inscrivant \u00e0 <a href=\"https:\/\/moncompte.actu.fr\" title=\"D\u00e9couvez Mon Actu\" rel=\"nofollow noopener\" data-trk=\"{&quot;cta&quot;:{&quot;action&quot;:&quot;https:\\\/\\\/moncompte.actu.fr&quot;,&quot;category&quot;:&quot;mon compte&quot;,&quot;from&quot;:&quot;article footer&quot;,&quot;name&quot;:&quot;Mon actu&quot;,&quot;type&quot;:&quot;cta&quot;}}\" target=\"_blank\">Mon Actu<\/a>.<\/p>\n","protected":false},"excerpt":{"rendered":"Par Gil Martin Publi\u00e9 le 13 juil. 2025 \u00e0 12h31 La nouvelle berlinette 2+2 de de la marque&hellip;\n","protected":false},"author":2,"featured_media":248121,"comment_status":"","ping_status":"","sticky":false,"template":"","format":"standard","meta":{"footnotes":""},"categories":[9599],"tags":[1111,11,1777,674,1011,27,1305,2208,12,2680,25],"class_list":{"0":"post-248120","1":"post","2":"type-post","3":"status-publish","4":"format-standard","5":"has-post-thumbnail","7":"category-montpellier","8":"tag-actu","9":"tag-actualites","10":"tag-eu","11":"tag-europe","12":"tag-fr","13":"tag-france","14":"tag-lifestyle","15":"tag-montpellier","16":"tag-news","17":"tag-occitanie","18":"tag-republique-francaise"},"share_on_mastodon":{"url":"https:\/\/pubeurope.com\/@fr\/114848410548973962","error":""},"_links":{"self":[{"href":"https:\/\/www.europesays.com\/fr\/wp-json\/wp\/v2\/posts\/248120","targetHints":{"allow":["GET"]}}],"collection":[{"href":"https:\/\/www.europesays.com\/fr\/wp-json\/wp\/v2\/posts"}],"about":[{"href":"https:\/\/www.europesays.com\/fr\/wp-json\/wp\/v2\/types\/post"}],"author":[{"embeddable":true,"href":"https:\/\/www.europesays.com\/fr\/wp-json\/wp\/v2\/users\/2"}],"replies":[{"embeddable":true,"href":"https:\/\/www.europesays.com\/fr\/wp-json\/wp\/v2\/comments?post=248120"}],"version-history":[{"count":0,"href":"https:\/\/www.europesays.com\/fr\/wp-json\/wp\/v2\/posts\/248120\/revisions"}],"wp:featuredmedia":[{"embeddable":true,"href":"https:\/\/www.europesays.com\/fr\/wp-json\/wp\/v2\/media\/248121"}],"wp:attachment":[{"href":"https:\/\/www.europesays.com\/fr\/wp-json\/wp\/v2\/media?parent=248120"}],"wp:term":[{"taxonomy":"category","embeddable":true,"href":"https:\/\/www.europesays.com\/fr\/wp-json\/wp\/v2\/categories?post=248120"},{"taxonomy":"post_tag","embeddable":true,"href":"https:\/\/www.europesays.com\/fr\/wp-json\/wp\/v2\/tags?post=248120"}],"curies":[{"name":"wp","href":"https:\/\/api.w.org\/{rel}","templated":true}]}}