{"id":248125,"date":"2025-07-13T23:06:19","date_gmt":"2025-07-13T23:06:19","guid":{"rendered":"https:\/\/www.europesays.com\/fr\/248125\/"},"modified":"2025-07-13T23:06:19","modified_gmt":"2025-07-13T23:06:19","slug":"cette-station-reputee-va-fermer-definitivement-a-la-fin-du-mois-de-septembre-2","status":"publish","type":"post","link":"https:\/\/www.europesays.com\/fr\/248125\/","title":{"rendered":"cette station r\u00e9put\u00e9e va fermer (d\u00e9finitivement ?) \u00e0 la fin du mois de septembre"},"content":{"rendered":"<p itemprop=\"description\"><strong>Faute d\u2019accord financier entre la communaut\u00e9 de communes et Sata group, la station de l\u2019Alpe du Grand Serre fermera ses portes en septembre prochain.<\/strong><\/p>\n<p>C\u2019\u00e9tait pressenti depuis quelques semaines, c\u2019est d\u00e9sormais officiel. La station de l\u2019Alpe du Grand Serre, situ\u00e9e dans la commune de La Morte, cessera de tourner le 28 septembre prochain, date de la fin de la saison estivale.<\/p>\n<p>La d\u00e9cision a \u00e9t\u00e9 prise par le conseil communautaire de la Matheysine, ce jeudi 10 juillet, \u00e0 la suite d\u2019un \u00e9chec cuisant autour des n\u00e9gociations pour l\u2019exploitation du domaine. En effet, aucun accord financier n\u2019a \u00e9t\u00e9 trouv\u00e9 entre la communaut\u00e9 de communes et Sata Group, qui voulait reprendre la station.<\/p>\n<p>Le maire de La Morte a lanc\u00e9 une proc\u00e9dure pour tenter de reprendre la gestion du domaine ou de la confier \u00e0 Sata group, dans le but de ne pas laisser la station pour morte. N\u00e9anmoins, il y a peu de chances qu\u2019elle rouvre pour la prochaine saison hivernale.<\/p>\n<p>Pour rappel, la station de l\u2019Alpe du Grand Serre avait ferm\u00e9 une premi\u00e8re fois \u00e0 l\u2019automne dernier, mais avait pu se relever gr\u00e2ce \u00e0 des fonds d\u00e9gag\u00e9s par les habitants sous la forme d\u2019une d\u00e9l\u00e9gation de service public (DSP) d\u2019un an avec Sata Group.\u00a0<\/p>\n","protected":false},"excerpt":{"rendered":"Faute d\u2019accord financier entre la communaut\u00e9 de communes et Sata group, la station de l\u2019Alpe du Grand Serre&hellip;\n","protected":false},"author":2,"featured_media":246659,"comment_status":"","ping_status":"","sticky":false,"template":"","format":"standard","meta":{"footnotes":""},"categories":[9566],"tags":[1111,11,2813,2430,1109,251,1112,2811,1777,674,118,1011,27,21780,2731,14004,1922,1110,1114,108,12,316,25,2812,517,800],"class_list":{"0":"post-248125","1":"post","2":"type-post","3":"status-publish","4":"format-standard","5":"has-post-thumbnail","7":"category-grenoble","8":"tag-actu","9":"tag-actualites","10":"tag-article","11":"tag-auvergne-rhone-alpes","12":"tag-breves","13":"tag-culture","14":"tag-depeches","15":"tag-economique","16":"tag-eu","17":"tag-europe","18":"tag-faits-divers","19":"tag-fr","20":"tag-france","21":"tag-gf38","22":"tag-grenoble","23":"tag-grenoblemag","24":"tag-info","25":"tag-informations","26":"tag-infos","27":"tag-isere","28":"tag-news","29":"tag-politique","30":"tag-republique-francaise","31":"tag-sociale","32":"tag-sport","33":"tag-transports"},"share_on_mastodon":{"url":"https:\/\/pubeurope.com\/@fr\/114848437584165427","error":""},"_links":{"self":[{"href":"https:\/\/www.europesays.com\/fr\/wp-json\/wp\/v2\/posts\/248125","targetHints":{"allow":["GET"]}}],"collection":[{"href":"https:\/\/www.europesays.com\/fr\/wp-json\/wp\/v2\/posts"}],"about":[{"href":"https:\/\/www.europesays.com\/fr\/wp-json\/wp\/v2\/types\/post"}],"author":[{"embeddable":true,"href":"https:\/\/www.europesays.com\/fr\/wp-json\/wp\/v2\/users\/2"}],"replies":[{"embeddable":true,"href":"https:\/\/www.europesays.com\/fr\/wp-json\/wp\/v2\/comments?post=248125"}],"version-history":[{"count":0,"href":"https:\/\/www.europesays.com\/fr\/wp-json\/wp\/v2\/posts\/248125\/revisions"}],"wp:featuredmedia":[{"embeddable":true,"href":"https:\/\/www.europesays.com\/fr\/wp-json\/wp\/v2\/media\/246659"}],"wp:attachment":[{"href":"https:\/\/www.europesays.com\/fr\/wp-json\/wp\/v2\/media?parent=248125"}],"wp:term":[{"taxonomy":"category","embeddable":true,"href":"https:\/\/www.europesays.com\/fr\/wp-json\/wp\/v2\/categories?post=248125"},{"taxonomy":"post_tag","embeddable":true,"href":"https:\/\/www.europesays.com\/fr\/wp-json\/wp\/v2\/tags?post=248125"}],"curies":[{"name":"wp","href":"https:\/\/api.w.org\/{rel}","templated":true}]}}