{"id":248128,"date":"2025-07-13T23:08:11","date_gmt":"2025-07-13T23:08:11","guid":{"rendered":"https:\/\/www.europesays.com\/fr\/248128\/"},"modified":"2025-07-13T23:08:11","modified_gmt":"2025-07-13T23:08:11","slug":"previsions-du-lundi-14-juillet-2025","status":"publish","type":"post","link":"https:\/\/www.europesays.com\/fr\/248128\/","title":{"rendered":"pr\u00e9visions du lundi 14 juillet 2025"},"content":{"rendered":"<p>Il fera 20\u00b0C en moyenne \u00e0 Rennes aujourd&rsquo;hui. Un vent de sud-ouest est attendu : il soufflera \u00e0 20 km\/h. Des \u00e9claircies sont pr\u00e9vues : on passera une matin\u00e9e agr\u00e9able. Le ciel sera toujours couvert l&rsquo;apr\u00e8s-midi avec des nuages. Des pluies \u00e9parses vont tomber. Les valeurs seront de 22\u00b0C au plus bas et de 26\u00b0C au maximum. Un ciel d\u00e9pourvu de nuages est attendu dans la nuit reliant lundi et mardi.<\/p>\n<p>Demain, une chute des temp\u00e9ratures est \u00e0 craindre \u00e0 Rennes. Les valeurs s&rsquo;\u00e9chelonneront entre 11 et 27\u00b0C. Un vent de sud-ouest, enregistrant 21 km\/h, soufflera. Les nuages dans le ciel du matin retardent l&rsquo;arriv\u00e9e du soleil. Des pluies \u00e9parses tomberont. L&rsquo;apr\u00e8s-midi qui s&rsquo;annonce, promet d&rsquo;\u00eatre superbe et ensoleill\u00e9 ! La m\u00e9t\u00e9o va se r\u00e9chauffer avec une hausse de plusieurs degr\u00e9s. Les valeurs seront comprises entre 25 et 27\u00b0C.<\/p>\n<p>Une m\u00e9t\u00e9o mitig\u00e9e est \u00e0 pr\u00e9voir pour les jours \u00e0 venir. On s&rsquo;attend \u00e0 une am\u00e9lioration jeudi, apr\u00e8s une journ\u00e9e nuageuse mercredi.<\/p>\n<p>Aujourd&rsquo;hui c&rsquo;est un jour f\u00e9ri\u00e9 pour c\u00e9l\u00e9brer la f\u00eate nationale.<\/p>\n","protected":false},"excerpt":{"rendered":"Il fera 20\u00b0C en moyenne \u00e0 Rennes aujourd&rsquo;hui. Un vent de sud-ouest est attendu : il soufflera \u00e0&hellip;\n","protected":false},"author":2,"featured_media":248129,"comment_status":"","ping_status":"","sticky":false,"template":"","format":"standard","meta":{"footnotes":""},"categories":[2821],"tags":[1111,11,829,1777,674,1011,27,848,12,2119,584,25],"class_list":{"0":"post-248128","1":"post","2":"type-post","3":"status-publish","4":"format-standard","5":"has-post-thumbnail","7":"category-rennes","8":"tag-actu","9":"tag-actualites","10":"tag-bretagne","11":"tag-eu","12":"tag-europe","13":"tag-fr","14":"tag-france","15":"tag-ille-et-vilaine","16":"tag-news","17":"tag-previsions-meteo","18":"tag-rennes","19":"tag-republique-francaise"},"share_on_mastodon":{"url":"https:\/\/pubeurope.com\/@fr\/114848445503687851","error":""},"_links":{"self":[{"href":"https:\/\/www.europesays.com\/fr\/wp-json\/wp\/v2\/posts\/248128","targetHints":{"allow":["GET"]}}],"collection":[{"href":"https:\/\/www.europesays.com\/fr\/wp-json\/wp\/v2\/posts"}],"about":[{"href":"https:\/\/www.europesays.com\/fr\/wp-json\/wp\/v2\/types\/post"}],"author":[{"embeddable":true,"href":"https:\/\/www.europesays.com\/fr\/wp-json\/wp\/v2\/users\/2"}],"replies":[{"embeddable":true,"href":"https:\/\/www.europesays.com\/fr\/wp-json\/wp\/v2\/comments?post=248128"}],"version-history":[{"count":0,"href":"https:\/\/www.europesays.com\/fr\/wp-json\/wp\/v2\/posts\/248128\/revisions"}],"wp:featuredmedia":[{"embeddable":true,"href":"https:\/\/www.europesays.com\/fr\/wp-json\/wp\/v2\/media\/248129"}],"wp:attachment":[{"href":"https:\/\/www.europesays.com\/fr\/wp-json\/wp\/v2\/media?parent=248128"}],"wp:term":[{"taxonomy":"category","embeddable":true,"href":"https:\/\/www.europesays.com\/fr\/wp-json\/wp\/v2\/categories?post=248128"},{"taxonomy":"post_tag","embeddable":true,"href":"https:\/\/www.europesays.com\/fr\/wp-json\/wp\/v2\/tags?post=248128"}],"curies":[{"name":"wp","href":"https:\/\/api.w.org\/{rel}","templated":true}]}}