{"id":248131,"date":"2025-07-13T23:10:11","date_gmt":"2025-07-13T23:10:11","guid":{"rendered":"https:\/\/www.europesays.com\/fr\/248131\/"},"modified":"2025-07-13T23:10:11","modified_gmt":"2025-07-13T23:10:11","slug":"previsions-du-lundi-14-juillet-2025-2","status":"publish","type":"post","link":"https:\/\/www.europesays.com\/fr\/248131\/","title":{"rendered":"pr\u00e9visions du lundi 14 juillet 2025"},"content":{"rendered":"<p>\u00c0 Strasbourg les temp\u00e9ratures s&rsquo;\u00e9chelonneront entre 17 et 30\u00b0C aujourd&rsquo;hui. Il faudra \u00eatre pr\u00e9voyant le matin : de l\u00e9g\u00e8res averses sont \u00e0 pr\u00e9voir. Les temp\u00e9ratures seront de 20\u00b0C. Un vent de sud, atteignant 20 km\/h, soufflera. Le ciel va quelque peu se d\u00e9gager dans l&rsquo;apr\u00e8s-midi avec des \u00e9claircies. La m\u00e9t\u00e9o va se r\u00e9chauffer avec une augmentation de plusieurs degr\u00e9s. Attention \u00e0 la vague de chaud. Des valeurs de 27 \u00e0 30\u00b0C sont attendues. Les temp\u00e9ratures seront comprises entre 27 et 30\u00b0C. Une l\u00e9g\u00e8re brise de sud-ouest soufflera. Entre lundi et mardi, la nuit sera claire.<\/p>\n<p>Demain, un ciel avec des \u00e9claircies va progressivement prendre la place des nuages \u00e0 Strasbourg. Le mercure va chuter de quelques degr\u00e9s. Les importantes chaleurs sont pr\u00e9sentes. Avec des valeurs \u00e9chelonn\u00e9es entre 16 et 30\u00b0C. Les temp\u00e9ratures afficheront entre 16 et 30\u00b0C. Un vent de sud-ouest rafra\u00eechira sensiblement l&rsquo;atmosph\u00e8re. Les temp\u00e9ratures vont enregistrer une hausse de plusieurs degr\u00e9s durant l&rsquo;apr\u00e8s-midi. De tr\u00e8s grosses chaleurs (entre 28\u00b0C et 30\u00b0C) sont pr\u00e9vues. Les maximales iront jusqu&rsquo;\u00e0 30\u00b0C tandis que les minimales seront de 28\u00b0C. Des \u00e9claircies feront leur apparition dans la soir\u00e9e.<\/p>\n<p>La m\u00e9t\u00e9o des jours qui suivent va changer peu \u00e0 peu. Apr\u00e8s un temps similaire mercredi, la situation changera jeudi.<\/p>\n<p>Aujourd&rsquo;hui, c&rsquo;est la f\u00eate nationale fran\u00e7aise qui comm\u00e9more la prise de la Bastille ainsi que la F\u00eate de la F\u00e9d\u00e9ration !<\/p>\n","protected":false},"excerpt":{"rendered":"\u00c0 Strasbourg les temp\u00e9ratures s&rsquo;\u00e9chelonneront entre 17 et 30\u00b0C aujourd&rsquo;hui. Il faudra \u00eatre pr\u00e9voyant le matin : de&hellip;\n","protected":false},"author":2,"featured_media":248132,"comment_status":"","ping_status":"","sticky":false,"template":"","format":"standard","meta":{"footnotes":""},"categories":[2820],"tags":[1111,11,2389,2649,1777,674,1011,27,775,12,2119,25,640],"class_list":{"0":"post-248131","1":"post","2":"type-post","3":"status-publish","4":"format-standard","5":"has-post-thumbnail","7":"category-strasbourg","8":"tag-actu","9":"tag-actualites","10":"tag-alsace","11":"tag-bas-rhin","12":"tag-eu","13":"tag-europe","14":"tag-fr","15":"tag-france","16":"tag-grand-est","17":"tag-news","18":"tag-previsions-meteo","19":"tag-republique-francaise","20":"tag-strasbourg"},"share_on_mastodon":{"url":"https:\/\/pubeurope.com\/@fr\/114848453308514247","error":""},"_links":{"self":[{"href":"https:\/\/www.europesays.com\/fr\/wp-json\/wp\/v2\/posts\/248131","targetHints":{"allow":["GET"]}}],"collection":[{"href":"https:\/\/www.europesays.com\/fr\/wp-json\/wp\/v2\/posts"}],"about":[{"href":"https:\/\/www.europesays.com\/fr\/wp-json\/wp\/v2\/types\/post"}],"author":[{"embeddable":true,"href":"https:\/\/www.europesays.com\/fr\/wp-json\/wp\/v2\/users\/2"}],"replies":[{"embeddable":true,"href":"https:\/\/www.europesays.com\/fr\/wp-json\/wp\/v2\/comments?post=248131"}],"version-history":[{"count":0,"href":"https:\/\/www.europesays.com\/fr\/wp-json\/wp\/v2\/posts\/248131\/revisions"}],"wp:featuredmedia":[{"embeddable":true,"href":"https:\/\/www.europesays.com\/fr\/wp-json\/wp\/v2\/media\/248132"}],"wp:attachment":[{"href":"https:\/\/www.europesays.com\/fr\/wp-json\/wp\/v2\/media?parent=248131"}],"wp:term":[{"taxonomy":"category","embeddable":true,"href":"https:\/\/www.europesays.com\/fr\/wp-json\/wp\/v2\/categories?post=248131"},{"taxonomy":"post_tag","embeddable":true,"href":"https:\/\/www.europesays.com\/fr\/wp-json\/wp\/v2\/tags?post=248131"}],"curies":[{"name":"wp","href":"https:\/\/api.w.org\/{rel}","templated":true}]}}