{"id":248133,"date":"2025-07-13T23:11:09","date_gmt":"2025-07-13T23:11:09","guid":{"rendered":"https:\/\/www.europesays.com\/fr\/248133\/"},"modified":"2025-07-13T23:11:09","modified_gmt":"2025-07-13T23:11:09","slug":"previsions-du-lundi-14-juillet-2025-3","status":"publish","type":"post","link":"https:\/\/www.europesays.com\/fr\/248133\/","title":{"rendered":"pr\u00e9visions du lundi 14 juillet 2025"},"content":{"rendered":"<p>Nice aura le plaisir de pouvoir profiter d&rsquo;une superbe journ\u00e9e ensoleill\u00e9e. Les temp\u00e9ratures seront de 21\u00b0C au minimum et de 26\u00b0C au maximum. Un l\u00e9ger vent de sud-est soufflera. Il fera 25\u00b0C en moyenne le matin. Les valeurs s&rsquo;\u00e9chelonneront entre 25\u00b0C et 26\u00b0C dans l&rsquo;apr\u00e8s-midi. Le soir, les temp\u00e9ratures afficheront entre 23 et 24\u00b0C. Durant la nuit de lundi \u00e0 mardi, le ciel sera clair.<\/p>\n<p>Demain, les Ni\u00e7ois vont pouvoir b\u00e9n\u00e9ficier d&rsquo;un soleil magnifique. Il va faire environ 24\u00b0C. Les valeurs avoisineront les 26\u00b0C au cours de la matin\u00e9e. Une petite brise de sud-est sera ressentie par les habitants. Les temp\u00e9ratures iront de 24 \u00e0 27\u00b0C sur l&rsquo;ensemble de l&rsquo;apr\u00e8s-midi. Demain soir, on pr\u00e9voit des valeurs avoisinant 24\u00b0C. Un vent de sud-ouest rafra\u00eechira sensiblement l&rsquo;atmosph\u00e8re.<\/p>\n<p>Les jours passent et se ressemblent. Une m\u00e9t\u00e9o ensoleill\u00e9e, avec des temp\u00e9ratures de 28\u00b0C en moyenne, est pr\u00e9vue.<\/p>\n<p>Aujourd&rsquo;hui, nous sommes le 14 juillet ! Et vous, savez-vous quelle date comm\u00e9more notre f\u00eate nationale ? La prise de la Bastille ou la F\u00eate de la F\u00e9d\u00e9ration ?<\/p>\n","protected":false},"excerpt":{"rendered":"Nice aura le plaisir de pouvoir profiter d&rsquo;une superbe journ\u00e9e ensoleill\u00e9e. Les temp\u00e9ratures seront de 21\u00b0C au minimum&hellip;\n","protected":false},"author":2,"featured_media":248134,"comment_status":"","ping_status":"","sticky":false,"template":"","format":"standard","meta":{"footnotes":""},"categories":[2819],"tags":[1111,11,2898,1777,674,1011,27,12,2401,883,2119,882,25],"class_list":{"0":"post-248133","1":"post","2":"type-post","3":"status-publish","4":"format-standard","5":"has-post-thumbnail","7":"category-nice","8":"tag-actu","9":"tag-actualites","10":"tag-alpes-maritimes","11":"tag-eu","12":"tag-europe","13":"tag-fr","14":"tag-france","15":"tag-news","16":"tag-nice","17":"tag-paca","18":"tag-previsions-meteo","19":"tag-provence-alpes-cote-dazur","20":"tag-republique-francaise"},"share_on_mastodon":{"url":"https:\/\/pubeurope.com\/@fr\/114848457308801258","error":""},"_links":{"self":[{"href":"https:\/\/www.europesays.com\/fr\/wp-json\/wp\/v2\/posts\/248133","targetHints":{"allow":["GET"]}}],"collection":[{"href":"https:\/\/www.europesays.com\/fr\/wp-json\/wp\/v2\/posts"}],"about":[{"href":"https:\/\/www.europesays.com\/fr\/wp-json\/wp\/v2\/types\/post"}],"author":[{"embeddable":true,"href":"https:\/\/www.europesays.com\/fr\/wp-json\/wp\/v2\/users\/2"}],"replies":[{"embeddable":true,"href":"https:\/\/www.europesays.com\/fr\/wp-json\/wp\/v2\/comments?post=248133"}],"version-history":[{"count":0,"href":"https:\/\/www.europesays.com\/fr\/wp-json\/wp\/v2\/posts\/248133\/revisions"}],"wp:featuredmedia":[{"embeddable":true,"href":"https:\/\/www.europesays.com\/fr\/wp-json\/wp\/v2\/media\/248134"}],"wp:attachment":[{"href":"https:\/\/www.europesays.com\/fr\/wp-json\/wp\/v2\/media?parent=248133"}],"wp:term":[{"taxonomy":"category","embeddable":true,"href":"https:\/\/www.europesays.com\/fr\/wp-json\/wp\/v2\/categories?post=248133"},{"taxonomy":"post_tag","embeddable":true,"href":"https:\/\/www.europesays.com\/fr\/wp-json\/wp\/v2\/tags?post=248133"}],"curies":[{"name":"wp","href":"https:\/\/api.w.org\/{rel}","templated":true}]}}