{"id":248135,"date":"2025-07-13T23:12:14","date_gmt":"2025-07-13T23:12:14","guid":{"rendered":"https:\/\/www.europesays.com\/fr\/248135\/"},"modified":"2025-07-13T23:12:14","modified_gmt":"2025-07-13T23:12:14","slug":"nice-suspension-par-la-justice-dun-arrete-destrosi-limitant-les-bateaux-de-croisiere","status":"publish","type":"post","link":"https:\/\/www.europesays.com\/fr\/248135\/","title":{"rendered":"Nice : suspension par la justice d&rsquo;un arr\u00eat\u00e9 d&rsquo;Estrosi limitant les bateaux de croisi\u00e8re"},"content":{"rendered":"<ul class=\"jsx-862013697 ArticleChapo__List\">\n<li class=\"jsx-862013697 ArticleChapo__List_Item flex\">Le juge administratif estime que la m\u00e9tropole de Nice n&rsquo;est pas comp\u00e9tente pour limiter les arriv\u00e9es de navires de croisi\u00e8re dans la baie.<\/li>\n<li class=\"jsx-862013697 ArticleChapo__List_Item flex\">Par cons\u00e9quent, l&rsquo;arr\u00eat\u00e9 pris en ce sens par Christian Estrosi a \u00e9t\u00e9 annul\u00e9 ce dimanche 13 juillet.<\/li>\n<\/ul>\n<p data-module=\"article-paragraph\" class=\"jsx-3046738180 Paragraph Paragraph__End\">C&rsquo;est un nouveau revers pour le maire de Nice, dont l&rsquo;arr\u00eat\u00e9 limitant les escales de paquebots a \u00e9t\u00e9 annul\u00e9. Ce dimanche 13 juillet, le tribunal administratif de Nice a suspendu l&rsquo;arr\u00eat\u00e9 pris par Christian Estrosi, en consid\u00e9rant que ce dernier, en tant que maire et pr\u00e9sident de la m\u00e9tropole, n&rsquo;\u00e9tait \u00ab\u00a0pas comp\u00e9tent pour \u00e9dicter de telles mesures\u00a0\u00bb. Le juge a ainsi rappel\u00e9 qu&rsquo;il appartenait au pr\u00e9fet des Alpes-Maritimes, qui l&rsquo;avait justement saisi en r\u00e9f\u00e9r\u00e9, d'\u00a0\u00bborganiser les entr\u00e9es, les sorties et les mouvements des navires\u00a0\u00bb dans le cadre de ses \u00ab\u00a0pouvoirs de police du plan d&rsquo;eau\u00a0\u00bb.<\/p>\n<p>Estrosi menace d'\u00a0\u00bbengager la responsabilit\u00e9 de l&rsquo;\u00c9tat (&#8230;) pour carence fautive\u00a0\u00bb<\/p>\n<p data-module=\"article-paragraph\" class=\"jsx-3046738180 Paragraph\">Le 9 juillet dernier, Christian Estrosi avait <a href=\"https:\/\/www.tf1info.fr\/environnement-ecologie\/interdiction-des-croisieres-geantes-a-nice-la-mesure-de-christian-estrosi-bientot-retoquee-2382294.html\" target=\"_blank\" rel=\"noopener\">pris un arr\u00eat\u00e9<\/a> pour limiter les escales de navires de croisi\u00e8re dans le port de Nice et dans la baie de Villefranche-sur-Mer, au nom de \u00ab\u00a0l&rsquo;urgence climatique, la protection de la biodiversit\u00e9 marine, la promotion d&rsquo;un tourisme raisonn\u00e9 et la protection du patrimoine\u00a0\u00bb. Voil\u00e0 un moment que le maire de Nice se bat contre la pollution des paquebots g\u00e9ants et bateaux de croisi\u00e8re, qu&rsquo;il juge trois fois plus importante que celle des avions. Une comparaison toutefois difficile \u00e0 \u00e9tablir, <a href=\"https:\/\/www.tf1info.fr\/environnement-ecologie\/les-bateaux-de-croisiere-en-mediterranee-trois-fois-plus-polluants-que-les-avions-comme-l-affirme-christian-estrosi-2261963.html\" target=\"_blank\" rel=\"noopener\">selon les sp\u00e9cialistes (nouvelle fen\u00eatre)<\/a>.\u00a0<\/p>\n<p data-module=\"article-paragraph\" class=\"jsx-3046738180 Paragraph Paragraph__End\">Mais la bataille administrative semble loin d&rsquo;\u00eatre termin\u00e9e. Dans un communiqu\u00e9 publi\u00e9 ce dimanche, l&rsquo;\u00e9dile a r\u00e9agi \u00e0 cette suspension en avertissant que \u00ab\u00a0si aucune mesure de police administrative n&rsquo;est \u00e9dict\u00e9e dans des d\u00e9lais raisonnables pour pr\u00e9venir les effets n\u00e9fastes\u00a0\u00bb des m\u00e9ga-croisi\u00e8res, la m\u00e9tropole \u00ab\u00a0engagera la responsabilit\u00e9 de l&rsquo;\u00c9tat devant le juge administratif pour carence fautive\u00a0\u00bb.\u00a0<\/p>\n<p><a href=\"https:\/\/www.tf1info.fr\/environnement-ecologie\/video-pollution-bateaux-de-croisiere-pourquoi-les-villes-de-nice-et-bordeaux-ont-elles-decide-de-limiter-leurs-escales-2363494.html\" rel=\"noopener\" class=\"jsx-3308031228 Link flex\" target=\"_blank\"><img decoding=\"async\" src=\"https:\/\/www.europesays.com\/fr\/wp-content\/uploads\/2025\/07\/bateau-croisiere-23e122-0@1x.jpeg\" alt=\"VALERY HACHE \/ AFP\" loading=\"lazy\" importance=\"low\" fetchpriority=\"low\" class=\"\" aria-hidden=\"true\"\/><\/p>\n<p class=\"jsx-3657663356 ReadMoreArticle__Title\">Lire aussi<\/p>\n<p class=\"jsx-3657663356\">Bateaux de croisi\u00e8re : pourquoi certaines villes d\u00e9cident de limiter leurs escales dans les ports ?<\/p>\n<p><\/a><\/p>\n<p data-module=\"article-paragraph\" class=\"jsx-3046738180 Paragraph Paragraph__End\">De son c\u00f4t\u00e9, \u00c9ric Ciotti, probable rival de Christian Estrosi pour la mairie de Nice en 2026, en a profit\u00e9 pour <a href=\"https:\/\/x.com\/eciotti\/status\/1944368818807034277\" target=\"_blank\">ironiser sur X (nouvelle fen\u00eatre)<\/a> : \u00ab\u00a0Faut-il y voir une nouvelle d\u00e9monstration de l&rsquo;incomp\u00e9tence d&rsquo;un \u00e9lu \u00e0 la d\u00e9rive, ou simplement une qu\u00eate effr\u00e9n\u00e9e du buzz pour le buzz ? Sans doute un peu des deux\u00a0\u00bb.<\/p>\n<p>C.Q <\/p>\n","protected":false},"excerpt":{"rendered":"Le juge administratif estime que la m\u00e9tropole de Nice n&rsquo;est pas comp\u00e9tente pour limiter les arriv\u00e9es de navires&hellip;\n","protected":false},"author":2,"featured_media":248136,"comment_status":"","ping_status":"","sticky":false,"template":"","format":"standard","meta":{"footnotes":""},"categories":[2819],"tags":[1111,11,1921,1997,2397,1777,674,1011,27,1922,12,2401,1800,5735,882,25,2803,133,4530],"class_list":{"0":"post-248135","1":"post","2":"type-post","3":"status-publish","4":"format-standard","5":"has-post-thumbnail","7":"category-nice","8":"tag-actu","9":"tag-actualites","10":"tag-article-video","11":"tag-bordeaux","12":"tag-christian-estrosi","13":"tag-eu","14":"tag-europe","15":"tag-fr","16":"tag-france","17":"tag-info","18":"tag-news","19":"tag-nice","20":"tag-pollution","21":"tag-protection-de-lenvironnement","22":"tag-provence-alpes-cote-dazur","23":"tag-republique-francaise","24":"tag-transport","25":"tag-video","26":"tag-video-politique"},"share_on_mastodon":{"url":"https:\/\/pubeurope.com\/@fr\/114848461176882719","error":""},"_links":{"self":[{"href":"https:\/\/www.europesays.com\/fr\/wp-json\/wp\/v2\/posts\/248135","targetHints":{"allow":["GET"]}}],"collection":[{"href":"https:\/\/www.europesays.com\/fr\/wp-json\/wp\/v2\/posts"}],"about":[{"href":"https:\/\/www.europesays.com\/fr\/wp-json\/wp\/v2\/types\/post"}],"author":[{"embeddable":true,"href":"https:\/\/www.europesays.com\/fr\/wp-json\/wp\/v2\/users\/2"}],"replies":[{"embeddable":true,"href":"https:\/\/www.europesays.com\/fr\/wp-json\/wp\/v2\/comments?post=248135"}],"version-history":[{"count":0,"href":"https:\/\/www.europesays.com\/fr\/wp-json\/wp\/v2\/posts\/248135\/revisions"}],"wp:featuredmedia":[{"embeddable":true,"href":"https:\/\/www.europesays.com\/fr\/wp-json\/wp\/v2\/media\/248136"}],"wp:attachment":[{"href":"https:\/\/www.europesays.com\/fr\/wp-json\/wp\/v2\/media?parent=248135"}],"wp:term":[{"taxonomy":"category","embeddable":true,"href":"https:\/\/www.europesays.com\/fr\/wp-json\/wp\/v2\/categories?post=248135"},{"taxonomy":"post_tag","embeddable":true,"href":"https:\/\/www.europesays.com\/fr\/wp-json\/wp\/v2\/tags?post=248135"}],"curies":[{"name":"wp","href":"https:\/\/api.w.org\/{rel}","templated":true}]}}