{"id":248139,"date":"2025-07-13T23:14:23","date_gmt":"2025-07-13T23:14:23","guid":{"rendered":"https:\/\/www.europesays.com\/fr\/248139\/"},"modified":"2025-07-13T23:14:23","modified_gmt":"2025-07-13T23:14:23","slug":"leffectif-2025-2026-du-nbh-est-complet","status":"publish","type":"post","link":"https:\/\/www.europesays.com\/fr\/248139\/","title":{"rendered":"L&rsquo;effectif 2025\/2026 du NBH est complet !"},"content":{"rendered":"<p>Le d\u00e9but d\u2019\u00e9t\u00e9 a \u00e9t\u00e9 studieux pour le Staff et la Direction du Nantes Basket Hermine ! R\u00e9my Valin a pu construire une \u00e9quipe \u00e0 son image : <strong>Combative, collective et ambitieuse <\/strong>!<\/p>\n<p>Avec 5 nouvelles recrues et 6 joueurs qui poursuivent l\u2019aventure, <strong>la cuv\u00e9e 2025\/2026 a toutes les cartes en main pour enflammer la Trocardi\u00e8re !\u00a0\ud83c\udf0b<\/strong><\/p>\n<p><strong>Poste 1 :<\/strong>\u00a0Kyle Riddley (28 ans \u2013 1m90) \u2013 Lucas Bourhis (25 ans \u2013 1m75)<\/p>\n<p><strong>Poste 2 :<\/strong>\u00a0E.J. Dambreville (26 ans \u2013 1m91) \u2013 Mathys Kangudia (20 ans \u2013 1m88)<\/p>\n<p><strong>Poste 3\u00a0<\/strong>: Rapha\u00ebl Boum (18 ans \u2013 1m95) \u2013 Hugo Mienandi (22 ans \u2013 2m00) Stephan Gauthier (30 ans \u2013 1m92)<\/p>\n<p><strong>Poste 4\u00a0<\/strong>: David Gassaud (24 ans \u2013 2m00) \u2013 Dylan Van Eyck (27 ans \u2013 2m01)<\/p>\n<p><strong>Poste 5 :<\/strong>\u00a0Christopher Manerlax (23 ans \u2013 2m04) \u2013 Jean-Fabrice Dossou (25 ans \u2013 2m11)<\/p>\n<p><strong>R\u00e9my Valin, Coach du Nantes Basket Hermine :<\/strong> \u00ab\u00a0Pour la saison prochaine, nous avons souhait\u00e9 d\u00e9j\u00e0 avoir une base de cette ann\u00e9e et ainsi avoir de la continuit\u00e9 et de la stabilit\u00e9 sur une partie de l\u2019effectif, les prolongations de Kyle et d\u2019Hugo ont \u00e9t\u00e9 une tr\u00e8s bonne nouvelle pour nous. <\/p>\n<p>L\u2019autre id\u00e9e directrice est de travailler avec nos jeunes issus du centre de formation, \u00e0 l\u2019instar de Mathys qui a \u00e9t\u00e9 excellent pour sa premi\u00e8re saison pro, nous avons sign\u00e9 Rapha\u00ebl sur plusieurs saisons. Autour de cette id\u00e9e le groupe professionnel sera \u00e9largit \u00e0 14 ou 15 \u00e0 tous les entra\u00eenements avec des joueurs espoirs, en esp\u00e9rant favoriser une progression de nos jeunes joueurs et de cr\u00e9er une identit\u00e9 de travail.<\/p>\n<p>Pour les recrues de l\u2019intersaison, nous voulions de la vitesse et de la compl\u00e9mentarit\u00e9 avec nos joueurs restant et des joueurs pouvant s\u2019inscrire \u00e0 moyen terme dans notre projet. Lucas Bourhis et E.J Dambreville am\u00e8nent exactement cette compl\u00e9mentarit\u00e9 sur les lignes ext\u00e9rieurs, de la vitesse, du tirs \u00e0 3 pts, et un jeu diff\u00e9rent de nos 5 joueurs ext\u00e9rieurs restant, ainsi qu\u2019une force dans le jeu de transition.<\/p>\n<p>David Gassaud et Dylan Van Eyck idem sont dans ce profil l\u00e0 et am\u00e8neront du danger sur le poste 4. Dylan ayant la particularit\u00e9 d\u2019\u00eatre un poste 4\/3 hyper mobile et un tr\u00e8s bon passeur qui peut \u00eatre une sorte de 2\u00e8me meneur de jeu. Sur le poste 5, Christopher Manerlax est de m\u00eame compl\u00e9mentaire de Fabrice, et va nous amener aussi encore plus de densit\u00e9 physique \u00e0 l\u2019int\u00e9rieur.<\/p>\n<p>Nous voulions pouvoir relever le d\u00e9fi physique de cette division, continuer ce qui a \u00e9t\u00e9 mis en place avec les jeunes, avoir une \u00e9quipe capable de courir et d\u2019\u00eatre performante aux rebonds et dans le jeu de transition, un groupe travailleur avec l\u2019envie de progresser individuellement, des joueurs compl\u00e9mentaires les uns avec les autres.\u00a0\u00bb<\/p>\n","protected":false},"excerpt":{"rendered":"Le d\u00e9but d\u2019\u00e9t\u00e9 a \u00e9t\u00e9 studieux pour le Staff et la Direction du Nantes Basket Hermine ! R\u00e9my&hellip;\n","protected":false},"author":2,"featured_media":248140,"comment_status":"","ping_status":"","sticky":false,"template":"","format":"standard","meta":{"footnotes":""},"categories":[2818],"tags":[1111,11,1465,34171,1777,674,1011,27,766,34173,12,2636,25],"class_list":{"0":"post-248139","1":"post","2":"type-post","3":"status-publish","4":"format-standard","5":"has-post-thumbnail","7":"category-nantes","8":"tag-actu","9":"tag-actualites","10":"tag-basket","11":"tag-elite2","12":"tag-eu","13":"tag-europe","14":"tag-fr","15":"tag-france","16":"tag-nantes","17":"tag-nbh","18":"tag-news","19":"tag-pays-de-la-loire","20":"tag-republique-francaise"},"share_on_mastodon":{"url":"https:\/\/pubeurope.com\/@fr\/114848469012603654","error":""},"_links":{"self":[{"href":"https:\/\/www.europesays.com\/fr\/wp-json\/wp\/v2\/posts\/248139","targetHints":{"allow":["GET"]}}],"collection":[{"href":"https:\/\/www.europesays.com\/fr\/wp-json\/wp\/v2\/posts"}],"about":[{"href":"https:\/\/www.europesays.com\/fr\/wp-json\/wp\/v2\/types\/post"}],"author":[{"embeddable":true,"href":"https:\/\/www.europesays.com\/fr\/wp-json\/wp\/v2\/users\/2"}],"replies":[{"embeddable":true,"href":"https:\/\/www.europesays.com\/fr\/wp-json\/wp\/v2\/comments?post=248139"}],"version-history":[{"count":0,"href":"https:\/\/www.europesays.com\/fr\/wp-json\/wp\/v2\/posts\/248139\/revisions"}],"wp:featuredmedia":[{"embeddable":true,"href":"https:\/\/www.europesays.com\/fr\/wp-json\/wp\/v2\/media\/248140"}],"wp:attachment":[{"href":"https:\/\/www.europesays.com\/fr\/wp-json\/wp\/v2\/media?parent=248139"}],"wp:term":[{"taxonomy":"category","embeddable":true,"href":"https:\/\/www.europesays.com\/fr\/wp-json\/wp\/v2\/categories?post=248139"},{"taxonomy":"post_tag","embeddable":true,"href":"https:\/\/www.europesays.com\/fr\/wp-json\/wp\/v2\/tags?post=248139"}],"curies":[{"name":"wp","href":"https:\/\/api.w.org\/{rel}","templated":true}]}}