{"id":24814,"date":"2025-04-14T17:42:12","date_gmt":"2025-04-14T17:42:12","guid":{"rendered":"https:\/\/www.europesays.com\/fr\/24814\/"},"modified":"2025-04-14T17:42:12","modified_gmt":"2025-04-14T17:42:12","slug":"le-royaume-uni-et-lallemagne-sont-a-la-tete-de-lalliance-europeenne-pour-lukraine","status":"publish","type":"post","link":"https:\/\/www.europesays.com\/fr\/24814\/","title":{"rendered":"Le Royaume-Uni et l&rsquo;Allemagne sont \u00e0 la t\u00eate de l&rsquo;alliance europ\u00e9enne pour l&rsquo;Ukraine"},"content":{"rendered":"<p>La reportera y periodista Mar\u00eda Senovilla, colaboradora de Atalayar, analiz\u00f3 en el programa <strong>\u201cDe cara al mundo\u201d<\/strong> de Onda Madrid el ataque ruso con misiles bal\u00edsticos a la ciudad de <strong>Sumy<\/strong> y la reuni\u00f3n del grupo de contacto para Ucrania en Bruselas.<\/p>\n<p>Adem\u00e1s, mencion\u00f3 la visita del pr\u00edncipe Harry a combatientes heridos en Le\u00f3polis.<\/p>\n<p><img loading=\"lazy\" decoding=\"async\" width=\"1200\" height=\"675\" alt=\"&lt;p&gt;Vista del lugar de un ataque con misiles rusos, en medio del ataque ruso contra Ucrania, en Sumy, Ucrania, el 13 de abril de 2025 - REUTERS\/ SOFIIA GATILOVA\u00a0&lt;\/p&gt;&#10;\" src=\"https:\/\/www.europesays.com\/fr\/wp-content\/uploads\/2025\/04\/2025041413204687454.jpg\"\/><br \/>\nVue du site d&rsquo;une attaque de missiles russes, dans le cadre de l&rsquo;attaque russe contre l&rsquo;Ukraine, \u00e0 Sumy, en Ukraine, le 13 avril 2025<strong> &#8211; REUTERS\/ SOFIIA GATILOVA\u00a0<\/strong><\/p>\n<p><strong>La ville de Soumy a \u00e9t\u00e9 bombard\u00e9e ce dimanche 13 avril par des missiles balistiques, causant la mort de plus de 30 personnes.\u00a0<\/strong><\/p>\n<p>En effet, cette fois-ci, 34 civils ont \u00e9t\u00e9 tu\u00e9s et plus d&rsquo;une centaine bless\u00e9s \u00e0 Soumy. Il suffit de se rappeler que la Russie a perp\u00e9tr\u00e9 l&rsquo;attaque avec deux missiles &#8211; contre la population civile &#8211; \u00e0 l&rsquo;heure o\u00f9 les gens sortaient des \u00e9glises le dimanche des Rameaux.\u00a0<\/p>\n<p>L&rsquo;int\u00e9r\u00eat de Poutine pour cette r\u00e9gion s&rsquo;est accru dans cette phase de la guerre. Des civils de tous \u00e2ges, dont beaucoup sortaient des \u00e9glises parce que c&rsquo;\u00e9tait le dimanche des Rameaux en Ukraine. Je ne me lasserai pas de le r\u00e9p\u00e9ter : la Russie bombarde syst\u00e9matiquement des cibles civiles en Ukraine.\u00a0<\/p>\n<p>Ce sont des crimes de guerre que plus personne ne d\u00e9nonce. Voici comment la Russie c\u00e9l\u00e8bre le dimanche des Rameaux : elle a bombard\u00e9 le centre-ville de Soumy avec des missiles balistiques \u00e0 l&rsquo;heure o\u00f9 les gens, des civils, sortaient des \u00e9glises avec des rameaux \u00e0 la main.\u00a0<\/p>\n<p><img decoding=\"async\" width=\"1200\" height=\"675\" alt=\"Soldados de infanteri\u0301a de la 22 Brigada Mecanizada trabajan en el frente de Domba\u0301s antes de ser desplegados en Sumy - PHOTO\/MAR\u00cdA SENOVILLA\" src=\"https:\/\/www.europesays.com\/fr\/wp-content\/uploads\/2025\/04\/2024082117310866218.jpg\" loading=\"lazy\"  \/><br \/>\nDes fantassins de la 22e brigade m\u00e9canis\u00e9e travaillent sur la ligne de front de Dombas avant d&rsquo;\u00eatre d\u00e9ploy\u00e9s \u00e0 Sumy <strong>&#8211; PHOTO\/MAR\u00cdA SENOVILLA<\/strong><\/p>\n<p><strong>Maria, r\u00e9union du groupe de contact pour l&rsquo;Ukraine \u00e0 Bruxelles. Un programme d&rsquo;aide de 450 millions d&rsquo;euros dirig\u00e9 par le Royaume-Uni a \u00e9t\u00e9 approuv\u00e9 au pr\u00e9alable. Comment se pr\u00e9sente cette r\u00e9union, ces d\u00e9marches pour les programmes d&rsquo;aide, mais aussi l&rsquo;\u00e9ventuel envoi de troupes en Ukraine ? \u00a0<\/strong><\/p>\n<p>Le principal fait marquant est que jusqu&rsquo;\u00e0 pr\u00e9sent, c&rsquo;\u00e9tait le secr\u00e9taire am\u00e9ricain \u00e0 la D\u00e9fense qui pr\u00e9sidait ces r\u00e9unions du groupe de contact sur la d\u00e9fense pour l&rsquo;Ukraine, mais pour la premi\u00e8re fois, elles ont \u00e9t\u00e9 dirig\u00e9es par son homologue allemand, le ministre de la D\u00e9fense Boris Pistorius.\u00a0<\/p>\n<p>Cela a clairement mis en sc\u00e8ne la rupture qui se produit entre l&rsquo;Europe et les \u00c9tats-Unis, notamment avec la question de la guerre en Ukraine, bien qu&rsquo;il y ait d&rsquo;autres \u00e9l\u00e9ments en arri\u00e8re-plan.\u00a0<\/p>\n<p>Au total, 50 pays se sont r\u00e9unis au si\u00e8ge de l&rsquo;OTAN \u00e0 Bruxelles. Le Royaume-Uni et l&rsquo;Allemagne ont dirig\u00e9 cette nouvelle r\u00e9union, au cours de laquelle on a tent\u00e9 de faire pression sur les partenaires de Kiev pour qu&rsquo;ils continuent \u00e0 soutenir \u00e0 l&rsquo;unanimit\u00e9 l&rsquo;envoi d&rsquo;aide militaire et la prise de mesures pour que ces troupes assurent le maintien de la paix en Ukraine, le cas \u00e9ch\u00e9ant.\u00a0<\/p>\n<p>\u00c0 l&rsquo;exception de la Hongrie, il y a eu unanimit\u00e9 sur cette question et l&rsquo;annonce de ce programme d&rsquo;aide de 450 millions de livres, soit plus de 500 millions d&rsquo;euros, a \u00e9t\u00e9 rendue publique. Ces fonds seront destin\u00e9s \u00e0 la r\u00e9paration et \u00e0 l&rsquo;entretien des v\u00e9hicules et des \u00e9quipements utilis\u00e9s sur le terrain de guerre.<\/p>\n<p>Il y a aussi des syst\u00e8mes radar et l&rsquo;achat de mines antichars et de centaines de milliers de drones, car les partenaires de Kiev sont conscients que ce sont les drones qui sont au c\u0153ur de la ligne de front et des tactiques qui sont actuellement mises en \u0153uvre sur les diff\u00e9rentes lignes de front. Cette nouvelle mise en sc\u00e8ne du soutien de l&rsquo;Europe et d&rsquo;autres partenaires de Kiev au pr\u00e9sident Zelensky et cette distanciation avec les \u00c9tats-Unis sont de plus en plus visibles.<\/p>\n<p><img decoding=\"async\" width=\"1200\" height=\"675\" alt=\"En su primera intervenci\u00f3n p\u00fablica, Rutte ha dado a conocer sus tres prioridades, una de las cuales es mantener el apoyo de la OTAN a Ucrania para poder rechazar la invasi\u00f3n ilegal de las fuerzas de Rusia - PHOTO\/NATO\" src=\"https:\/\/www.europesays.com\/fr\/wp-content\/uploads\/2025\/04\/2024100714545738313.jpg\" loading=\"lazy\"  \/><br \/>\nDans son premier discours public, M. Rutte a d\u00e9voil\u00e9 ses trois priorit\u00e9s, dont l&rsquo;une est de maintenir le soutien de l&rsquo;OTAN \u00e0 l&rsquo;Ukraine afin de repousser l&rsquo;invasion ill\u00e9gale des forces russes <strong>&#8211; PHOTO\/NATO<\/strong><\/p>\n<p><strong>Pendant ce temps, sur le terrain, l&rsquo;agitation r\u00e8gne, car des soldats chinois qui combattaient aux c\u00f4t\u00e9s de la Russie ont \u00e9t\u00e9 captur\u00e9s. \u00a0<\/strong><\/p>\n<p>C&rsquo;\u00e9tait le sujet de l&rsquo;actualit\u00e9 locale, mais aussi internationale, cette semaine. Zelensky a rendu public une vid\u00e9o de deux citoyens chinois v\u00eatus de l&rsquo;uniforme militaire russe qui avaient \u00e9t\u00e9 captur\u00e9s sur la ligne de front \u00e0 Donetsk. Il a \u00e9galement demand\u00e9 des comptes au gouvernement chinois sur ce qui se passait, \u00e0 savoir s&rsquo;il s&rsquo;agissait d&rsquo;un envoi r\u00e9gulier de troupes comme cela a \u00e9t\u00e9 le cas, par exemple, de la part de la Cor\u00e9e du Nord.\u00a0<\/p>\n<p>Le gouvernement chinois s&rsquo;est distanc\u00e9, il a d\u00e9clar\u00e9 que les institutions exhortent tous les citoyens chinois \u00e0 ne pas se rendre dans un pays en guerre, et encore moins \u00e0 y participer, et il semble que ces soldats ne faisaient pas partie d&rsquo;un contingent, disons, envoy\u00e9 par le gouvernement, mais qu&rsquo;ils sont des citoyens qui se sont rendus en Russie et ont volontairement sign\u00e9 un contrat avec l&rsquo;arm\u00e9e russe.\u00a0<\/p>\n<p>Il n&rsquo;y en a pas eu que deux, car quelques jours plus tard, l&rsquo;une des brigades m\u00e9canis\u00e9es avec lesquelles je travaille habituellement sur le front de Torez a captur\u00e9 un autre citoyen chinois qui travaillait activement avec un groupe militaire, avec un bataillon d&rsquo;assaut russe.\u00a0<\/p>\n<p>On pense qu&rsquo;il ne s&rsquo;agit pas de trois cas isol\u00e9s, mais que c&rsquo;est devenu une pratique g\u00e9n\u00e9ralis\u00e9e. Parmi les raisons pour lesquelles on voit maintenant des citoyens chinois parmi les lignes russes sur la ligne de front de Donetsk, il y a une campagne tr\u00e8s importante men\u00e9e par la Russie pour recruter des soldats de cette nationalit\u00e9, de Chine, par le biais des r\u00e9seaux sociaux.\u00a0<\/p>\n<p>Ces campagnes \u00e9taient d\u00e9j\u00e0 fr\u00e9quentes et se poursuivent assid\u00fbment, surtout dans les pays d&rsquo;Am\u00e9rique latine, comme la Colombie ou le Mexique, principalement via le r\u00e9seau social TikTok. Il existe des profils tr\u00e8s actifs qui vantent les m\u00e9rites de l&rsquo;enr\u00f4lement et de la signature d&rsquo;un contrat avec l&rsquo;arm\u00e9e russe, qui paie des salaires tr\u00e8s \u00e9lev\u00e9s, surtout compte tenu du niveau de vie en Am\u00e9rique latine, o\u00f9 le salaire offert par le gouvernement russe, compar\u00e9 \u00e0 ce que vous pouvez gagner chez vous, est peut-\u00eatre multipli\u00e9 par neuf ou par dix.\u00a0<\/p>\n<p>En outre, ils offrent des conditions avantageuses aux citoyens qui souhaitent faire venir leur famille en Russie et facilitent toutes les d\u00e9marches administratives, de r\u00e9sidence, d&rsquo;installation de la famille et ont obtenu de tr\u00e8s bons r\u00e9sultats avec ces campagnes de recrutement via TikTok.\u00a0<\/p>\n<p>Et il semble qu&rsquo;ils reproduiraient maintenant ce mod\u00e8le de recrutement en Chine. Les vid\u00e9os qui ont \u00e9t\u00e9 divulgu\u00e9es, qui ont \u00e9t\u00e9 trouv\u00e9es, envoient des messages aux citoyens chinois sur la fa\u00e7on d&rsquo;\u00eatre des hommes durs. Certaines ressemblent presque \u00e0 des publicit\u00e9s pour des salles de sport, qui vous vendent des services pour devenir une meilleure version de vous-m\u00eame.\u00a0<\/p>\n<p>Ils utilisent des influenceurs qu&rsquo;ils paient pour mener ces campagnes de recrutement et vendent, comme je l&rsquo;ai dit, les avantages de signer un contrat avec l&rsquo;arm\u00e9e russe. M\u00eame si vous savez que vous allez \u00eatre envoy\u00e9 dans une guerre comme celle en Ukraine et que vous pouvez y mourir, ils vous le vendent comme s&rsquo;il s&rsquo;agissait d&rsquo;une v\u00e9ritable publicit\u00e9 t\u00e9l\u00e9vis\u00e9e. C&rsquo;est terrible.<\/p>\n<p><img decoding=\"async\" width=\"1200\" height=\"675\" alt=\"El presidente ruso Vladimir Putin y el presidente chino Xi Jinping asisten a una ceremonia oficial de bienvenida en Pek\u00edn, China, el 16 de mayo de 2024 - SPUTNIK\/SERGEI BOBYLEV v\u00eda REUTERS\" src=\"https:\/\/www.europesays.com\/fr\/wp-content\/uploads\/2025\/04\/2024070116513550717.jpg\" loading=\"lazy\"  \/><br \/>\nLe pr\u00e9sident russe Vladimir Poutine et le pr\u00e9sident chinois Xi Jinping assistent \u00e0 une c\u00e9r\u00e9monie officielle de bienvenue \u00e0 P\u00e9kin, Chine, le 16 mai 2024 <strong>&#8211; SPUTNIK\/SERGEI BOBYLEV via REUTERS<\/strong><\/p>\n<p><strong>Une derni\u00e8re question, Mar\u00eda. Le prince Harry a rendu visite \u00e0 des combattants bless\u00e9s \u00e0 Lviv.\u00a0<\/strong><\/p>\n<p>Oui, il a profit\u00e9 de son voyage des \u00c9tats-Unis, o\u00f9 il r\u00e9side actuellement, \u00e0 Londres pour participer \u00e0 cette proc\u00e9dure judiciaire par laquelle il tente de contester le fait qu&rsquo;on lui ait retir\u00e9 la protection dont il b\u00e9n\u00e9ficiait auparavant en tant que prince. Elle lui a \u00e9t\u00e9 retir\u00e9e il y a quelques ann\u00e9es et ils sont maintenant en proc\u00e8s.\u00a0<\/p>\n<p>Il a fait le saut du Royaume-Uni \u00e0 Lviv, tout pr\u00e8s de la fronti\u00e8re avec la Pologne, pour visiter une clinique orthop\u00e9dique en Ukraine o\u00f9 l&rsquo;on s&rsquo;occupe de ces combattants qui ont perdu un membre, un bras, un pied, les deux, etc.\u00a0<\/p>\n<p>Il y a pass\u00e9 une journ\u00e9e \u00e0 rendre visite et \u00e0 saluer ces v\u00e9t\u00e9rans bless\u00e9s du centre Superhumans, qui est le plus connu d&rsquo;Ukraine, il est tr\u00e8s grand. Des centaines de combattants mutil\u00e9s au front et des civils, y compris des enfants, qui ont march\u00e9 sur ces terribles mines antipersonnel y sont soign\u00e9s.\u00a0<\/p>\n<p>Rappelons qu&rsquo;\u00e0 l&rsquo;heure actuelle, l&rsquo;Ukraine est le pays le plus min\u00e9 au monde. Malheureusement, les centres qui accueillent ces personnes mutil\u00e9es ne cessent de recevoir des patients, non seulement des militaires, mais aussi des civils.\u00a0<\/p>\n<p>Il a \u00e9t\u00e9 soulign\u00e9 que Harry a servi pendant 10 ans dans l&rsquo;arm\u00e9e britannique et qu&rsquo;il semble avoir une affinit\u00e9 particuli\u00e8re avec ces v\u00e9t\u00e9rans, avec ces combattants ukrainiens qui lui ont r\u00e9serv\u00e9, comme vous pouvez l&rsquo;imaginer, une belle journ\u00e9e. C&rsquo;est aussi une fa\u00e7on pour eux de comprendre que le soutien des partenaires de Kiev, de ces pays occidentaux, est toujours vivant.\u00a0<\/p>\n<p><img loading=\"lazy\" decoding=\"async\" width=\"1200\" height=\"675\" alt=\"&lt;p&gt;El pr\u00edncipe Harry de Gran Breta\u00f1a - REUTERS\/ ISABEL INFANTES&lt;\/p&gt;&#10;\" src=\"https:\/\/www.europesays.com\/fr\/wp-content\/uploads\/2025\/04\/2025041413204567154.jpg\"\/><br \/>\nLe prince Harry de Grande-Bretagne <strong>&#8211; REUTERS\/ ISABEL INFANTES<\/strong><\/p>\n<p><strong>Oui, le prince Harry est m\u00eame all\u00e9 sur l&rsquo;une des missions internationales. Quand tu parlais des mines et des enfants, je me souvenais de quelque chose qui d\u00e9montre la m\u00e9chancet\u00e9 de certains \u00eatres humains. Je pense aux mines papillons, ces mines qui sont peintes de couleurs qui ressemblent \u00e0 un papillon pour attirer les enfants et les pi\u00e9ger.\u00a0<\/strong><\/p>\n<p>\u00c0 propos de ces mines, les troupes russes ont commenc\u00e9 depuis des mois \u00e0 les lancer avec leurs drones, m\u00eame dans des zones urbaines comme la ville de Kherson.\u00a0<\/p>\n<p>Outre ces mines papillons qui sont vertes, ils lancent un autre mod\u00e8le de taille similaire, tout petit, de couleur marron qui ressemble \u00e0 des feuilles. Imaginez si cela est lanc\u00e9 dans une zone urbaine o\u00f9 il y a des parcs, o\u00f9 il y a des arbres en automne et o\u00f9 ils se confondent avec les feuilles qui tombent des arbres et tombent sur le sol.\u00a0<\/p>\n<p>Il y a encore des civils, surtout dans ces zones de Jers\u00f3n, tr\u00e8s proches de la rivi\u00e8re, qui sont \u00e0 port\u00e9e de tir de l&rsquo;artillerie, des drones russes. Il reste tr\u00e8s peu de population, surtout des personnes \u00e2g\u00e9es qui n&rsquo;ont nulle part o\u00f9 aller et qui restent. Ils sont de plus en plus soign\u00e9s dans les h\u00f4pitaux pour avoir march\u00e9 sur ces mines, comme je te l&rsquo;ai dit, semblables aux mines papillon, mais maintenant en forme de feuille pour se camoufler dans les terrains bois\u00e9s.\u00a0<\/p>\n<p>Ils les lancent \u00e9galement sur le front de combat. Outre les drones FPV, il existe des drones d&rsquo;attaque qui sont directement lanc\u00e9s arm\u00e9s d&rsquo;explosifs contre des personnes physiques, ainsi que des drones capables de transporter des grenades. En plus des grenades, ils sont arm\u00e9s de grappes de ces mines qui ressemblent \u00e0 des feuilles et les lancent sur le champ de bataille pour que les soldats les pi\u00e9tinent lorsqu&rsquo;ils sortent de la tranch\u00e9e.\u00a0<\/p>\n","protected":false},"excerpt":{"rendered":"La reportera y periodista Mar\u00eda Senovilla, colaboradora de Atalayar, analiz\u00f3 en el programa \u201cDe cara al mundo\u201d de&hellip;\n","protected":false},"author":2,"featured_media":24815,"comment_status":"","ping_status":"","sticky":false,"template":"","format":"standard","meta":{"footnotes":""},"categories":[1588],"tags":[11,8939,8937,1777,8938,674,1577,12,473,1853,8940,1885,8941,1851,1850,1852],"class_list":{"0":"post-24814","1":"post","2":"type-post","3":"status-publish","4":"format-standard","5":"has-post-thumbnail","7":"category-royaume-uni","8":"tag-actualites","9":"tag-china","10":"tag-estados-unidos","11":"tag-eu","12":"tag-europa","13":"tag-europe","14":"tag-l","15":"tag-news","16":"tag-royaume-uni","17":"tag-royaume-uni-de-grande-bretagne-et-dirlande-du-nord","18":"tag-rusia","19":"tag-russia","20":"tag-ucrania","21":"tag-uk","22":"tag-united-kingdom","23":"tag-united-kingdom-of-great-britain-and-northern-ireland"},"share_on_mastodon":{"url":"https:\/\/pubeurope.com\/@fr\/114337555662217987","error":""},"_links":{"self":[{"href":"https:\/\/www.europesays.com\/fr\/wp-json\/wp\/v2\/posts\/24814","targetHints":{"allow":["GET"]}}],"collection":[{"href":"https:\/\/www.europesays.com\/fr\/wp-json\/wp\/v2\/posts"}],"about":[{"href":"https:\/\/www.europesays.com\/fr\/wp-json\/wp\/v2\/types\/post"}],"author":[{"embeddable":true,"href":"https:\/\/www.europesays.com\/fr\/wp-json\/wp\/v2\/users\/2"}],"replies":[{"embeddable":true,"href":"https:\/\/www.europesays.com\/fr\/wp-json\/wp\/v2\/comments?post=24814"}],"version-history":[{"count":0,"href":"https:\/\/www.europesays.com\/fr\/wp-json\/wp\/v2\/posts\/24814\/revisions"}],"wp:featuredmedia":[{"embeddable":true,"href":"https:\/\/www.europesays.com\/fr\/wp-json\/wp\/v2\/media\/24815"}],"wp:attachment":[{"href":"https:\/\/www.europesays.com\/fr\/wp-json\/wp\/v2\/media?parent=24814"}],"wp:term":[{"taxonomy":"category","embeddable":true,"href":"https:\/\/www.europesays.com\/fr\/wp-json\/wp\/v2\/categories?post=24814"},{"taxonomy":"post_tag","embeddable":true,"href":"https:\/\/www.europesays.com\/fr\/wp-json\/wp\/v2\/tags?post=24814"}],"curies":[{"name":"wp","href":"https:\/\/api.w.org\/{rel}","templated":true}]}}