{"id":248141,"date":"2025-07-13T23:16:11","date_gmt":"2025-07-13T23:16:11","guid":{"rendered":"https:\/\/www.europesays.com\/fr\/248141\/"},"modified":"2025-07-13T23:16:11","modified_gmt":"2025-07-13T23:16:11","slug":"previsions-du-lundi-14-juillet-2025-5","status":"publish","type":"post","link":"https:\/\/www.europesays.com\/fr\/248141\/","title":{"rendered":"pr\u00e9visions du lundi 14 juillet 2025"},"content":{"rendered":"<p>\u00c0 Bordeaux, le ciel va progressivement se voiler durant la journ\u00e9e avec l&rsquo;apparition de nuages. Des pluies \u00e9parses sont attendues. Les temp\u00e9ratures afficheront entre 17 et 28\u00b0C. Le matin, un l\u00e9ger vent de sud-ouest sera ressenti par les habitants. Toujours de la grisaille l&rsquo;apr\u00e8s-midi. Les nuages vont stationner. D&rsquo;un autre c\u00f4t\u00e9, les temp\u00e9ratures vont conna\u00eetre une hausse de quelques degr\u00e9s. Les valeurs seront comprises entre 26 et 28\u00b0C. Le soir, on pr\u00e9voit des temp\u00e9ratures d&rsquo;environ 22\u00b0C. Le ciel sera clair dans la nuit de lundi \u00e0 mardi.<\/p>\n<p>C&rsquo;est un soleil magnifique qui va briller demain sur Bordeaux. Une diminution du mercure est \u00e0 craindre. Il va faire environ 22\u00b0C. Un vent de nord-ouest rafra\u00eechira quelque peu l&rsquo;atmosph\u00e8re. Dans la matin\u00e9e, les temp\u00e9ratures avoisineront les 23\u00b0C. Demain apr\u00e8s-midi, c&rsquo;est une hausse de quelques degr\u00e9s que vont enregistrer les temp\u00e9ratures. Les valeurs s&rsquo;\u00e9chelonneront entre 25\u00b0C et 28\u00b0C. Demain soir, le thermom\u00e8tre affichera 21\u00b0C en moyenne.<\/p>\n<p>Les jours qui suivent s&rsquo;annoncent identiques. On pr\u00e9voit des journ\u00e9es ensoleill\u00e9es, accompagn\u00e9es par des temp\u00e9ratures dans les 34\u00b0C en moyenne.<\/p>\n<p>Aujourd&rsquo;hui, c&rsquo;est le 14 juillet ! Saviez-vous que cette journ\u00e9e est officiellement f\u00eat\u00e9e depuis 1880 ?<\/p>\n","protected":false},"excerpt":{"rendered":"\u00c0 Bordeaux, le ciel va progressivement se voiler durant la journ\u00e9e avec l&rsquo;apparition de nuages. Des pluies \u00e9parses&hellip;\n","protected":false},"author":2,"featured_media":248142,"comment_status":"","ping_status":"","sticky":false,"template":"","format":"standard","meta":{"footnotes":""},"categories":[2817],"tags":[1111,11,3177,1997,1777,674,1011,27,2905,12,2219,2119,25],"class_list":{"0":"post-248141","1":"post","2":"type-post","3":"status-publish","4":"format-standard","5":"has-post-thumbnail","7":"category-bordeaux","8":"tag-actu","9":"tag-actualites","10":"tag-aquitaine","11":"tag-bordeaux","12":"tag-eu","13":"tag-europe","14":"tag-fr","15":"tag-france","16":"tag-gironde","17":"tag-news","18":"tag-nouvelle-aquitaine","19":"tag-previsions-meteo","20":"tag-republique-francaise"},"share_on_mastodon":{"url":"https:\/\/pubeurope.com\/@fr\/114848476885954270","error":""},"_links":{"self":[{"href":"https:\/\/www.europesays.com\/fr\/wp-json\/wp\/v2\/posts\/248141","targetHints":{"allow":["GET"]}}],"collection":[{"href":"https:\/\/www.europesays.com\/fr\/wp-json\/wp\/v2\/posts"}],"about":[{"href":"https:\/\/www.europesays.com\/fr\/wp-json\/wp\/v2\/types\/post"}],"author":[{"embeddable":true,"href":"https:\/\/www.europesays.com\/fr\/wp-json\/wp\/v2\/users\/2"}],"replies":[{"embeddable":true,"href":"https:\/\/www.europesays.com\/fr\/wp-json\/wp\/v2\/comments?post=248141"}],"version-history":[{"count":0,"href":"https:\/\/www.europesays.com\/fr\/wp-json\/wp\/v2\/posts\/248141\/revisions"}],"wp:featuredmedia":[{"embeddable":true,"href":"https:\/\/www.europesays.com\/fr\/wp-json\/wp\/v2\/media\/248142"}],"wp:attachment":[{"href":"https:\/\/www.europesays.com\/fr\/wp-json\/wp\/v2\/media?parent=248141"}],"wp:term":[{"taxonomy":"category","embeddable":true,"href":"https:\/\/www.europesays.com\/fr\/wp-json\/wp\/v2\/categories?post=248141"},{"taxonomy":"post_tag","embeddable":true,"href":"https:\/\/www.europesays.com\/fr\/wp-json\/wp\/v2\/tags?post=248141"}],"curies":[{"name":"wp","href":"https:\/\/api.w.org\/{rel}","templated":true}]}}