{"id":248145,"date":"2025-07-13T23:18:10","date_gmt":"2025-07-13T23:18:10","guid":{"rendered":"https:\/\/www.europesays.com\/fr\/248145\/"},"modified":"2025-07-13T23:18:10","modified_gmt":"2025-07-13T23:18:10","slug":"previsions-du-lundi-14-juillet-2025-6","status":"publish","type":"post","link":"https:\/\/www.europesays.com\/fr\/248145\/","title":{"rendered":"pr\u00e9visions du lundi 14 juillet 2025"},"content":{"rendered":"<p>C&rsquo;est une magnifique journ\u00e9e dont va b\u00e9n\u00e9ficier Toulouse, o\u00f9 le soleil va briller intens\u00e9ment. Les temp\u00e9ratures s&rsquo;\u00e9chelonneront entre 17 et 31\u00b0C. Il va faire en moyenne 23\u00b0C, le matin. Un vent de nord soufflera doucement. Une m\u00e9t\u00e9o plus chaude est \u00e0 pr\u00e9voir l&rsquo;apr\u00e8s-midi puisque le mercure va enregistrer une augmentation. De tr\u00e8s grosses chaleurs (entre 28\u00b0C et 31\u00b0C) sont annonc\u00e9es. Les valeurs seront de 28\u00b0C au plus bas et de 31\u00b0C au plus haut. D\u00e8s le soir, les temp\u00e9ratures \u00e9volueront entre 25 et 30\u2009\u00b0C. Le mercure affichera 27\u00b0C en moyenne. Pendant votre sommeil, dans la nuit de lundi \u00e0 mardi, le ciel sera clair.<\/p>\n<p>Le ciel de Toulouse sera relativement lumineux, avec quelques \u00e9claircies demain. Les valeurs afficheront entre 18 et 29\u00b0C. Un vent de nord-ouest rafra\u00eechira sensiblement l&rsquo;atmosph\u00e8re. Les temp\u00e9ratures tourneront autour des 22\u00b0C au cours de la matin\u00e9e. Les valeurs vont conna\u00eetre une hausse de plusieurs degr\u00e9s pendant l&rsquo;apr\u00e8s-midi. Les valeurs seront comprises entre 26 et 29\u00b0C.<\/p>\n<p>Les jours suivants s&rsquo;annoncent identiques. On pr\u00e9voit des journ\u00e9es ensoleill\u00e9es, accompagn\u00e9es par des temp\u00e9ratures dans les 33\u00b0C en moyenne.<\/p>\n<p>Au programme aujourd&rsquo;hui : la f\u00eate nationale ! Profitez de ce jour exceptionnel en allant regarder les feux d&rsquo;artifice ou en vivant ce moment entre amis ou en famille !<\/p>\n","protected":false},"excerpt":{"rendered":"C&rsquo;est une magnifique journ\u00e9e dont va b\u00e9n\u00e9ficier Toulouse, o\u00f9 le soleil va briller intens\u00e9ment. Les temp\u00e9ratures s&rsquo;\u00e9chelonneront entre&hellip;\n","protected":false},"author":2,"featured_media":248146,"comment_status":"","ping_status":"","sticky":false,"template":"","format":"standard","meta":{"footnotes":""},"categories":[2816],"tags":[1111,11,1777,674,1011,27,2722,2721,12,2680,2119,25,2312],"class_list":{"0":"post-248145","1":"post","2":"type-post","3":"status-publish","4":"format-standard","5":"has-post-thumbnail","7":"category-toulouse","8":"tag-actu","9":"tag-actualites","10":"tag-eu","11":"tag-europe","12":"tag-fr","13":"tag-france","14":"tag-haute-garonne","15":"tag-midi-pyrenees","16":"tag-news","17":"tag-occitanie","18":"tag-previsions-meteo","19":"tag-republique-francaise","20":"tag-toulouse"},"share_on_mastodon":{"url":"https:\/\/pubeurope.com\/@fr\/114848484776432388","error":""},"_links":{"self":[{"href":"https:\/\/www.europesays.com\/fr\/wp-json\/wp\/v2\/posts\/248145","targetHints":{"allow":["GET"]}}],"collection":[{"href":"https:\/\/www.europesays.com\/fr\/wp-json\/wp\/v2\/posts"}],"about":[{"href":"https:\/\/www.europesays.com\/fr\/wp-json\/wp\/v2\/types\/post"}],"author":[{"embeddable":true,"href":"https:\/\/www.europesays.com\/fr\/wp-json\/wp\/v2\/users\/2"}],"replies":[{"embeddable":true,"href":"https:\/\/www.europesays.com\/fr\/wp-json\/wp\/v2\/comments?post=248145"}],"version-history":[{"count":0,"href":"https:\/\/www.europesays.com\/fr\/wp-json\/wp\/v2\/posts\/248145\/revisions"}],"wp:featuredmedia":[{"embeddable":true,"href":"https:\/\/www.europesays.com\/fr\/wp-json\/wp\/v2\/media\/248146"}],"wp:attachment":[{"href":"https:\/\/www.europesays.com\/fr\/wp-json\/wp\/v2\/media?parent=248145"}],"wp:term":[{"taxonomy":"category","embeddable":true,"href":"https:\/\/www.europesays.com\/fr\/wp-json\/wp\/v2\/categories?post=248145"},{"taxonomy":"post_tag","embeddable":true,"href":"https:\/\/www.europesays.com\/fr\/wp-json\/wp\/v2\/tags?post=248145"}],"curies":[{"name":"wp","href":"https:\/\/api.w.org\/{rel}","templated":true}]}}