{"id":248147,"date":"2025-07-13T23:19:10","date_gmt":"2025-07-13T23:19:10","guid":{"rendered":"https:\/\/www.europesays.com\/fr\/248147\/"},"modified":"2025-07-13T23:19:10","modified_gmt":"2025-07-13T23:19:10","slug":"previsions-du-lundi-14-juillet-2025-7","status":"publish","type":"post","link":"https:\/\/www.europesays.com\/fr\/248147\/","title":{"rendered":"pr\u00e9visions du lundi 14 juillet 2025"},"content":{"rendered":"<p>Il va faire en moyenne 22\u00b0C \u00e0 Lille, aujourd&rsquo;hui. Le matin, le soleil va peu \u00e0 peu se substituer aux nuages. Un vent de sud-ouest, atteignant 21 km\/h, soufflera. Le soleil sera au rendez-vous : un bel apr\u00e8s-midi se pr\u00e9sente ! Les temp\u00e9ratures s&rsquo;\u00e9chelonneront de 24 \u00e0 26\u00b0C. Durant la nuit de lundi \u00e0 mardi, le ciel sera limpide.<\/p>\n<p>Demain, une diminution du mercure est \u00e0 pr\u00e9voir \u00e0 Lille. Il fera 19\u00b0C en moyenne. Un vent de sud-ouest est attendu : il soufflera \u00e0 23 km\/h. Le soleil sera dominant, la garantie d&rsquo;une magnifique matin\u00e9e ! La ville aura quelques \u00e9claircies demain apr\u00e8s-midi. Les temp\u00e9ratures vont grimper de quelques degr\u00e9s. Les valeurs s&rsquo;\u00e9chelonneront entre 22 et 25\u00b0C.<\/p>\n<p>Le temps des jours suivants va \u00e9voluer progressivement. Les conditions m\u00e9t\u00e9orologiques persisteront mercredi mais une d\u00e9gradation s&rsquo;ensuivra jeudi.<\/p>\n<p>D\u00e9fil\u00e9s, concerts en plein air, feux d&rsquo;artifice&#8230; Un sublime programme en perspective afin de comm\u00e9morer notre f\u00eate nationale aujourd&rsquo;hui !<\/p>\n","protected":false},"excerpt":{"rendered":"Il va faire en moyenne 22\u00b0C \u00e0 Lille, aujourd&rsquo;hui. Le matin, le soleil va peu \u00e0 peu se&hellip;\n","protected":false},"author":2,"featured_media":248148,"comment_status":"","ping_status":"","sticky":false,"template":"","format":"standard","meta":{"footnotes":""},"categories":[2815],"tags":[1111,11,1777,674,1011,27,811,1307,12,1308,1309,2119,25],"class_list":{"0":"post-248147","1":"post","2":"type-post","3":"status-publish","4":"format-standard","5":"has-post-thumbnail","7":"category-lille","8":"tag-actu","9":"tag-actualites","10":"tag-eu","11":"tag-europe","12":"tag-fr","13":"tag-france","14":"tag-hauts-de-france","15":"tag-lille","16":"tag-news","17":"tag-nord","18":"tag-nord-pas-de-calais","19":"tag-previsions-meteo","20":"tag-republique-francaise"},"share_on_mastodon":{"url":"https:\/\/pubeurope.com\/@fr\/114848488866833496","error":""},"_links":{"self":[{"href":"https:\/\/www.europesays.com\/fr\/wp-json\/wp\/v2\/posts\/248147","targetHints":{"allow":["GET"]}}],"collection":[{"href":"https:\/\/www.europesays.com\/fr\/wp-json\/wp\/v2\/posts"}],"about":[{"href":"https:\/\/www.europesays.com\/fr\/wp-json\/wp\/v2\/types\/post"}],"author":[{"embeddable":true,"href":"https:\/\/www.europesays.com\/fr\/wp-json\/wp\/v2\/users\/2"}],"replies":[{"embeddable":true,"href":"https:\/\/www.europesays.com\/fr\/wp-json\/wp\/v2\/comments?post=248147"}],"version-history":[{"count":0,"href":"https:\/\/www.europesays.com\/fr\/wp-json\/wp\/v2\/posts\/248147\/revisions"}],"wp:featuredmedia":[{"embeddable":true,"href":"https:\/\/www.europesays.com\/fr\/wp-json\/wp\/v2\/media\/248148"}],"wp:attachment":[{"href":"https:\/\/www.europesays.com\/fr\/wp-json\/wp\/v2\/media?parent=248147"}],"wp:term":[{"taxonomy":"category","embeddable":true,"href":"https:\/\/www.europesays.com\/fr\/wp-json\/wp\/v2\/categories?post=248147"},{"taxonomy":"post_tag","embeddable":true,"href":"https:\/\/www.europesays.com\/fr\/wp-json\/wp\/v2\/tags?post=248147"}],"curies":[{"name":"wp","href":"https:\/\/api.w.org\/{rel}","templated":true}]}}