{"id":248154,"date":"2025-07-13T23:23:25","date_gmt":"2025-07-13T23:23:25","guid":{"rendered":"https:\/\/www.europesays.com\/fr\/248154\/"},"modified":"2025-07-13T23:23:25","modified_gmt":"2025-07-13T23:23:25","slug":"en-images-les-chefs-de-la-restauration-collective-honores-par-les-pros-de-la-gastronomie-a-marcy-letoile","status":"publish","type":"post","link":"https:\/\/www.europesays.com\/fr\/248154\/","title":{"rendered":"En images. Les chefs de la restauration collective honor\u00e9s par les pros de la gastronomie \u00e0 Marcy-l&rsquo;\u00c9toile"},"content":{"rendered":"<p>Le groupe Api restauration collective vient de boucler une ann\u00e9e de concours afin d\u2019honorer ses chefs de partout en France. Une quinzaine de candidats \u00e9tait sur les rangs. Ils viennent de recevoir leur distinction de la part du parrain de la promotion 2O24-2025 le chef \u00e9toil\u00e9 Christian T\u00eatedoie. Dans le cadre de la Vatel academy, les candidats ont pu r\u00e9aliser le repas gastronomique de cl\u00f4ture.<\/p>\n","protected":false},"excerpt":{"rendered":"Le groupe Api restauration collective vient de boucler une ann\u00e9e de concours afin d\u2019honorer ses chefs de partout&hellip;\n","protected":false},"author":2,"featured_media":248155,"comment_status":"","ping_status":"","sticky":false,"template":"","format":"standard","meta":{"footnotes":""},"categories":[1889],"tags":[1111,11,2430,4406,33,3153,1777,674,1011,27,2428,38857,12,25,20284],"class_list":{"0":"post-248154","1":"post","2":"type-post","3":"status-publish","4":"format-standard","5":"has-post-thumbnail","7":"category-lyon","8":"tag-actu","9":"tag-actualites","10":"tag-auvergne-rhone-alpes","11":"tag-commerce-et-services","12":"tag-economie","13":"tag-edition-ouest-lyonnais","14":"tag-eu","15":"tag-europe","16":"tag-fr","17":"tag-france","18":"tag-lyon","19":"tag-marcy-letoile","20":"tag-news","21":"tag-republique-francaise","22":"tag-tassin-la-demi-lune-bassin"},"share_on_mastodon":{"url":"https:\/\/pubeurope.com\/@fr\/114848504418096750","error":""},"_links":{"self":[{"href":"https:\/\/www.europesays.com\/fr\/wp-json\/wp\/v2\/posts\/248154","targetHints":{"allow":["GET"]}}],"collection":[{"href":"https:\/\/www.europesays.com\/fr\/wp-json\/wp\/v2\/posts"}],"about":[{"href":"https:\/\/www.europesays.com\/fr\/wp-json\/wp\/v2\/types\/post"}],"author":[{"embeddable":true,"href":"https:\/\/www.europesays.com\/fr\/wp-json\/wp\/v2\/users\/2"}],"replies":[{"embeddable":true,"href":"https:\/\/www.europesays.com\/fr\/wp-json\/wp\/v2\/comments?post=248154"}],"version-history":[{"count":0,"href":"https:\/\/www.europesays.com\/fr\/wp-json\/wp\/v2\/posts\/248154\/revisions"}],"wp:featuredmedia":[{"embeddable":true,"href":"https:\/\/www.europesays.com\/fr\/wp-json\/wp\/v2\/media\/248155"}],"wp:attachment":[{"href":"https:\/\/www.europesays.com\/fr\/wp-json\/wp\/v2\/media?parent=248154"}],"wp:term":[{"taxonomy":"category","embeddable":true,"href":"https:\/\/www.europesays.com\/fr\/wp-json\/wp\/v2\/categories?post=248154"},{"taxonomy":"post_tag","embeddable":true,"href":"https:\/\/www.europesays.com\/fr\/wp-json\/wp\/v2\/tags?post=248154"}],"curies":[{"name":"wp","href":"https:\/\/api.w.org\/{rel}","templated":true}]}}