{"id":248158,"date":"2025-07-13T23:25:16","date_gmt":"2025-07-13T23:25:16","guid":{"rendered":"https:\/\/www.europesays.com\/fr\/248158\/"},"modified":"2025-07-13T23:25:16","modified_gmt":"2025-07-13T23:25:16","slug":"lile-de-france-a-le-reseau-routier-le-plus-utilise-et-le-plus-abandonne","status":"publish","type":"post","link":"https:\/\/www.europesays.com\/fr\/248158\/","title":{"rendered":"l\u2019\u00cele-de-France a le r\u00e9seau routier le plus utilis\u00e9\u2026 et le plus abandonn\u00e9"},"content":{"rendered":"<p>La Cour des comptes dresse un constat s\u00e9v\u00e8re de l\u2019\u00e9tat des routes nationales en \u00cele-de-France. Alors que ce r\u00e9seau, vital pour la circulation quotidienne de millions d\u2019usagers, vieillit dangereusement, la gestion et les outils utilis\u00e9s pour l\u2019entretenir semblent appartenir \u00e0 une \u00e9poque r\u00e9volue.<\/p>\n<p>Chaque jour, plus de quatre millions d\u2019usagers empruntent les routes nationales d\u2019\u00cele-de-France. <strong>Un r\u00e9seau dense et strat\u00e9gique, compos\u00e9 de rocades, de tunnels et d\u2019\u00e9changeurs, qui est au c\u0153ur de la mobilit\u00e9 francilienne. Et qui, selon le <a title=\"rapport rendu mardi 24 juin 2025 par la Cour des comptes\" href=\"https:\/\/www.ccomptes.fr\/fr\/publications\/la-gestion-du-reseau-routier-de-letat-en-ile-de-france\" target=\"_blank\" rel=\"noopener\">rapport rendu mardi 24 juin 2025 par la Cour des comptes<\/a>, est aussi <a href=\"https:\/\/www.automobile-magazine.fr\/toute-l-actualite\/article\/42820-letat-des-routes-francaises-est-devenu-deplorable-a-qui-la-faute\" target=\"_blank\" rel=\"noopener\">le plus d\u00e9grad\u00e9<\/a> du pays.<\/strong> Un paradoxe d\u2019autant plus inqui\u00e9tant que ces infrastructures sont parmi les plus sollicit\u00e9es, les plus complexes \u00e0 entretenir et, de surcro\u00eet, les plus co\u00fbteuses \u00e0 r\u00e9nover. La direction r\u00e9gionale des routes, la DiRIF, en charge de ce r\u00e9seau, ne dispose pas des outils n\u00e9cessaires pour assurer une gestion moderne de ces infrastructures. <strong>La Cour pointe un certain nombre de lacunes dans une gestion qui semble appartenir au pass\u00e9 : absence de syst\u00e8me unifi\u00e9 de maintenance assist\u00e9e par ordinateur, archivage partiel des donn\u00e9es et connaissance lacunaire du patrimoine.<\/strong> En 2025, un tel constat appara\u00eet d\u2019autant plus alarmant que la plupart des autres directions r\u00e9gionales des routes se sont dot\u00e9es d\u2019outils partag\u00e9s, permettant un suivi centralis\u00e9 de l\u2019\u00e9tat du r\u00e9seau. L\u2019\u00cele-de-France fait figure d\u2019exception. Et pas dans le bon sens du terme.<\/p>\n<p>Pas de planification, la culture de l\u2019urgence<\/p>\n<p>Plus pr\u00e9occupant encore, la gestion actuelle repose largement sur une logique de r\u00e9action. <strong>Au lieu de privil\u00e9gier un entretien r\u00e9gulier et planifi\u00e9, les interventions sont souvent curatives, d\u00e9cid\u00e9es dans l\u2019urgence, \u00e0 la suite d\u2019un incident ou d\u2019une alerte.<\/strong> On se souvient de l\u2019effondrement d\u2019un mur de sout\u00e8nement du viaduc de Gennevilliers (Hauts-de-Seine) sur l\u2019A15 en 2018, ou de la fermeture pr\u00e9cipit\u00e9e de la mont\u00e9e de <a title=\"l\u2019A13 avant le tunnel de Saint-Cloud en 2024\" href=\"https:\/\/www.automobile-magazine.fr\/toute-l-actualite\/article\/42106-enorme-bordel-sur-la13-a-cause-dune-avarie-dans-le-tunnel-de-saint-cloud\" target=\"_blank\" rel=\"noopener\">l\u2019A13 avant le tunnel de Saint-Cloud en 2024<\/a>, dans le m\u00eame d\u00e9partement. Dans les deux cas, les inspections ant\u00e9rieures n\u2019avaient pas d\u00e9tect\u00e9 les signes avant-coureurs. La DiRIF reconna\u00eet aujourd\u2019hui l\u2019importance de ces alertes. Mais n&rsquo;a pas repens\u00e9 sa strat\u00e9gie pour autant.<\/p>\n<p>Un manque de budget<img decoding=\"async\" loading=\"lazy\" alt=\"La gestion des routes de l'\u00cele-de-France est point\u00e9e du doigt, ne planifiant pas les entretiens mais agissant dans l'urgence. \" src=\"https:\/\/www.europesays.com\/fr\/wp-content\/uploads\/2025\/07\/la-gestion-des-routes-de-lile-de-france-est-pointee-du-doigt-ne-planifiant-pas-les-entretiens-mais-a.jpeg\" width=\"800\" height=\"449\"\/>La gestion des routes de l&rsquo;\u00cele-de-France est point\u00e9e du doigt, ne planifiant pas les entretiens mais agissant dans l&rsquo;urgence. \u00a9 Yayimages<\/p>\n<p>Comment expliquer alors ce fonctionnement \u00e0 flux tendu ? Selon la Cour des comptes, il s\u2019explique aussi par une stagnation des moyens. <strong>Depuis dix ans, le budget d\u2019entretien et d\u2019exploitation de la DiRIF est rest\u00e9 stable \u2013 170 millions d&rsquo;euros, auxquels s\u2019ajoutent en moyenne 120 millions d&rsquo;euros pour la modernisation \u2013 malgr\u00e9 l\u2019inflation, la hausse du trafic et l\u2019usure acc\u00e9l\u00e9r\u00e9e des infrastructures.<\/strong> Pire encore, la r\u00e9gion parisienne est rest\u00e9e \u00e0 l\u2019\u00e9cart du plan de modernisation des routes lanc\u00e9 en 2017 au niveau national. R\u00e9sultat : elle avance seule, sans vraie feuille de route ni objectifs \u00e0 long terme. Et comme plusieurs services de l\u2019\u00c9tat se partagent la responsabilit\u00e9 du r\u00e9seau sans vraiment se coordonner, les d\u00e9cisions sont souvent prises de mani\u00e8re dispers\u00e9e.<\/p>\n<p>Moderniser la gestion pour moderniser les routes<\/p>\n<p>Dans ce rapport, plusieurs recommandations sont faites par la Cour des comptes. Notamment sur le fait qu&rsquo;<strong>il est urgent non seulement de r\u00e9nover physiquement les chauss\u00e9es et ouvrages d\u2019art, mais aussi de repenser en profondeur la fa\u00e7on dont ce r\u00e9seau est pilot\u00e9.<\/strong> Modernisation des outils, meilleure collecte des donn\u00e9es, alignement sur les pratiques des autres r\u00e9gions et gouvernance plus lisible, voil\u00e0 quelques-unes des pistes \u00e0 suivre. Et puis il y a la question humaine : le climat social \u00e0 la DiRIF reste tendu, marqu\u00e9 par des gr\u00e8ves r\u00e9currentes, des tensions internes sur les r\u00e9mun\u00e9rations et une perte d\u2019attractivit\u00e9 de certains m\u00e9tiers essentiels \u00e0 l\u2019exploitation du r\u00e9seau.<strong> Il ne s\u2019agit donc pas seulement d\u2019investir davantage, mais aussi et surtout de changer de m\u00e9thode.<\/strong> Car, pour \u00e9viter la prochaine fermeture inopin\u00e9e d\u2019un axe majeur, comme cela s&rsquo;est produit d\u00e9j\u00e0, il faudra accepter que la modernisation ne commence pas par l\u2019enrob\u00e9, mais par la mani\u00e8re dont on d\u00e9cide o\u00f9, quand et comment l\u2019entretenir.<\/p>\n<p>\u00a0<\/p>\n","protected":false},"excerpt":{"rendered":"La Cour des comptes dresse un constat s\u00e9v\u00e8re de l\u2019\u00e9tat des routes nationales en \u00cele-de-France. Alors que ce&hellip;\n","protected":false},"author":2,"featured_media":248159,"comment_status":"","ping_status":"","sticky":false,"template":"","format":"standard","meta":{"footnotes":""},"categories":[1592],"tags":[1111,11,1777,674,1011,27,662,12,626,25,622],"class_list":{"0":"post-248158","1":"post","2":"type-post","3":"status-publish","4":"format-standard","5":"has-post-thumbnail","7":"category-ile-de-france","8":"tag-actu","9":"tag-actualites","10":"tag-eu","11":"tag-europe","12":"tag-fr","13":"tag-france","14":"tag-ile-de-france","15":"tag-news","16":"tag-paris","17":"tag-republique-francaise","18":"tag-toute-lu0027actualitu00e9"},"share_on_mastodon":{"url":"https:\/\/pubeurope.com\/@fr\/114848512307023525","error":""},"_links":{"self":[{"href":"https:\/\/www.europesays.com\/fr\/wp-json\/wp\/v2\/posts\/248158","targetHints":{"allow":["GET"]}}],"collection":[{"href":"https:\/\/www.europesays.com\/fr\/wp-json\/wp\/v2\/posts"}],"about":[{"href":"https:\/\/www.europesays.com\/fr\/wp-json\/wp\/v2\/types\/post"}],"author":[{"embeddable":true,"href":"https:\/\/www.europesays.com\/fr\/wp-json\/wp\/v2\/users\/2"}],"replies":[{"embeddable":true,"href":"https:\/\/www.europesays.com\/fr\/wp-json\/wp\/v2\/comments?post=248158"}],"version-history":[{"count":0,"href":"https:\/\/www.europesays.com\/fr\/wp-json\/wp\/v2\/posts\/248158\/revisions"}],"wp:featuredmedia":[{"embeddable":true,"href":"https:\/\/www.europesays.com\/fr\/wp-json\/wp\/v2\/media\/248159"}],"wp:attachment":[{"href":"https:\/\/www.europesays.com\/fr\/wp-json\/wp\/v2\/media?parent=248158"}],"wp:term":[{"taxonomy":"category","embeddable":true,"href":"https:\/\/www.europesays.com\/fr\/wp-json\/wp\/v2\/categories?post=248158"},{"taxonomy":"post_tag","embeddable":true,"href":"https:\/\/www.europesays.com\/fr\/wp-json\/wp\/v2\/tags?post=248158"}],"curies":[{"name":"wp","href":"https:\/\/api.w.org\/{rel}","templated":true}]}}