{"id":248165,"date":"2025-07-13T23:29:10","date_gmt":"2025-07-13T23:29:10","guid":{"rendered":"https:\/\/www.europesays.com\/fr\/248165\/"},"modified":"2025-07-13T23:29:10","modified_gmt":"2025-07-13T23:29:10","slug":"previsions-du-lundi-14-juillet-2025-9","status":"publish","type":"post","link":"https:\/\/www.europesays.com\/fr\/248165\/","title":{"rendered":"pr\u00e9visions du lundi 14 juillet 2025"},"content":{"rendered":"<p>\u00c0 Paris, les temp\u00e9ratures seront de 25\u00b0C au cours de la journ\u00e9e. Une brise de sud-ouest soufflera l\u00e9g\u00e8rement. La m\u00e9t\u00e9o devrait s&rsquo;am\u00e9liorer pendant la matin\u00e9e. Un beau soleil est attendu l&rsquo;apr\u00e8s-midi. C&rsquo;est une hausse de plusieurs degr\u00e9s que vont enregistrer les temp\u00e9ratures pour un temps de plus en plus estival. De tr\u00e8s grosses chaleurs (entre 27\u00b0C et 30\u00b0C) sont pr\u00e9vues. Ce sera un bel \u00e9t\u00e9 : les valeurs afficheront entre 27 et 30\u00b0C. Entre lundi et mardi, la nuit sera pluvieuse.<\/p>\n<p>Demain, un grand soleil brillera sur Paris. Une baisse des temp\u00e9ratures est attendue. Les valeurs s&rsquo;\u00e9chelonneront entre 17 et 28\u00b0C, un temps r\u00e9solument de saison. Un vent de nord-ouest rafra\u00eechira quelque peu l&rsquo;atmosph\u00e8re. La m\u00e9t\u00e9o va se r\u00e9chauffer demain apr\u00e8s-midi avec une augmentation de plusieurs degr\u00e9s pour un \u00e9t\u00e9 chaud. La chaleur estivale sera bien l\u00e0 puisque les valeurs seront quand m\u00eame de 26\u00b0C au plus bas et de 28\u00b0C au plus haut. Demain soir, on pr\u00e9voit des temp\u00e9ratures d&rsquo;environ 24\u00b0C.<\/p>\n<p>La m\u00e9t\u00e9o des jours qui suivent va \u00e9voluer progressivement. M\u00eame si le beau temps perdurera un peu mercredi, il faut pr\u00e9voir une d\u00e9gradation par la suite.<\/p>\n<p>Aujourd&rsquo;hui, nous sommes le 14 juillet ! Et vous, savez-vous quelle date c\u00e9l\u00e8bre notre f\u00eate nationale ? La prise de la Bastille ou la F\u00eate de la F\u00e9d\u00e9ration ?<\/p>\n","protected":false},"excerpt":{"rendered":"\u00c0 Paris, les temp\u00e9ratures seront de 25\u00b0C au cours de la journ\u00e9e. Une brise de sud-ouest soufflera l\u00e9g\u00e8rement.&hellip;\n","protected":false},"author":2,"featured_media":248166,"comment_status":"","ping_status":"","sticky":false,"template":"","format":"standard","meta":{"footnotes":""},"categories":[1888],"tags":[11,1777,674,1011,27,662,12,626,2119,25],"class_list":{"0":"post-248165","1":"post","2":"type-post","3":"status-publish","4":"format-standard","5":"has-post-thumbnail","7":"category-paris","8":"tag-actualites","9":"tag-eu","10":"tag-europe","11":"tag-fr","12":"tag-france","13":"tag-ile-de-france","14":"tag-news","15":"tag-paris","16":"tag-previsions-meteo","17":"tag-republique-francaise"},"share_on_mastodon":{"url":"https:\/\/pubeurope.com\/@fr\/114848528087259751","error":""},"_links":{"self":[{"href":"https:\/\/www.europesays.com\/fr\/wp-json\/wp\/v2\/posts\/248165","targetHints":{"allow":["GET"]}}],"collection":[{"href":"https:\/\/www.europesays.com\/fr\/wp-json\/wp\/v2\/posts"}],"about":[{"href":"https:\/\/www.europesays.com\/fr\/wp-json\/wp\/v2\/types\/post"}],"author":[{"embeddable":true,"href":"https:\/\/www.europesays.com\/fr\/wp-json\/wp\/v2\/users\/2"}],"replies":[{"embeddable":true,"href":"https:\/\/www.europesays.com\/fr\/wp-json\/wp\/v2\/comments?post=248165"}],"version-history":[{"count":0,"href":"https:\/\/www.europesays.com\/fr\/wp-json\/wp\/v2\/posts\/248165\/revisions"}],"wp:featuredmedia":[{"embeddable":true,"href":"https:\/\/www.europesays.com\/fr\/wp-json\/wp\/v2\/media\/248166"}],"wp:attachment":[{"href":"https:\/\/www.europesays.com\/fr\/wp-json\/wp\/v2\/media?parent=248165"}],"wp:term":[{"taxonomy":"category","embeddable":true,"href":"https:\/\/www.europesays.com\/fr\/wp-json\/wp\/v2\/categories?post=248165"},{"taxonomy":"post_tag","embeddable":true,"href":"https:\/\/www.europesays.com\/fr\/wp-json\/wp\/v2\/tags?post=248165"}],"curies":[{"name":"wp","href":"https:\/\/api.w.org\/{rel}","templated":true}]}}