{"id":248173,"date":"2025-07-13T23:33:18","date_gmt":"2025-07-13T23:33:18","guid":{"rendered":"https:\/\/www.europesays.com\/fr\/248173\/"},"modified":"2025-07-13T23:33:18","modified_gmt":"2025-07-13T23:33:18","slug":"aux-etats-unis-un-ouvrier-meurt-apres-une-descente-de-la-police-de-limmigration-pres-de-los-angeles","status":"publish","type":"post","link":"https:\/\/www.europesays.com\/fr\/248173\/","title":{"rendered":"Aux \u00c9tats-Unis, un ouvrier meurt apr\u00e8s une descente de la police de l\u2019immigration pr\u00e8s de Los Angeles"},"content":{"rendered":"<p>        <img decoding=\"async\" loading=\"lazy\" src=\"https:\/\/www.europesays.com\/fr\/wp-content\/uploads\/2025\/07\/28b928c_sirius-fs-upload-1-itorsjsu5sh8-1747313671632-063-2197150024.jpg\"  width=\"728\" height=\"410\" alt=\"Aux \u00c9tats-Unis, un ouvrier meurt apr\u00e8s une descente de la police de l\u2019immigration pr\u00e8s de Los Angeles. (image d\u2019illustration)\"\/>  <\/p>\n<p>HANDOUT \/ Getty Images via AFP<\/p>\n<p>Aux \u00c9tats-Unis, un ouvrier meurt apr\u00e8s une descente de la police de l\u2019immigration pr\u00e8s de Los Angeles. (image d\u2019illustration)<\/p>\n<p class=\"asset asset-text\">\u00c9TATS-UNIS &#8211; L\u2019affaire a suscit\u00e9 l\u2019\u00e9motion des opposants \u00e0 la <a href=\"https:\/\/www.huffingtonpost.fr\/international\/video\/donald-trump-se-moque-des-immigres-qui-voudraient-s-echapper-de-l-alcatraz-des-alligators_252090.html\" target=\"_blank\" rel=\"noopener\">politique migratoire brutale<\/a> de Donald Trump. La famille de Jaime Alanis, l\u2019ouvrier agricole qui avait \u00e9t\u00e9 gri\u00e8vement bless\u00e9 lors d\u2019une descente de la <a href=\"https:\/\/www.huffingtonpost.fr\/international\/article\/c-est-une-question-de-race-un-citoyen-americain-arrete-par-les-services-de-l-immigration_250474.html\" target=\"_blank\" rel=\"noopener\">police de l\u2019immigration<\/a> (ICE), a annonc\u00e9 samedi 12\u00a0juillet qu\u2019il \u00e9tait d\u00e9c\u00e9d\u00e9. D\u2019apr\u00e8s ses proches, l\u2019homme de 57\u00a0ans avait \u00e9t\u00e9 pourchass\u00e9 par les agents lors d\u2019une op\u00e9ration dans des fermes l\u00e9gales de cannabis, cette semaine pr\u00e8s de <a href=\"https:\/\/www.huffingtonpost.fr\/international\/article\/a-los-angeles-la-police-de-l-immigration-de-trump-empechee-d-entrer-dans-le-stade-des-dodgers_251580.html\" target=\"_blank\" rel=\"noopener\">Los Angeles<\/a>.<\/p>\n<p class=\"asset asset-text\">Lors de ces raids men\u00e9s jeudi dernier, quelque 200 personnes avaient \u00e9t\u00e9 arr\u00eat\u00e9es et des affrontements ont oppos\u00e9 agents et manifestants. La famille de Jaime Alanis avait lanc\u00e9 une page sur la plateforme de collecte de fonds GoFundMe, pour soutenir ses proches au <a href=\"https:\/\/www.huffingtonpost.fr\/international\/video\/au-mexique-cette-election-unique-au-monde-declenchee-par-la-gauche-n-a-pas-eu-le-succes-espere_250811.html\" target=\"_blank\" rel=\"noopener\">Mexique<\/a>. Samedi, cette page a publi\u00e9 une mise \u00e0 jour pour annoncer que l\u2019ouvrier, Jaime Alanis, \u00e9tait \u00ab\u00a0d\u00e9c\u00e9d\u00e9\u00a0\u00bb.<\/p>\n<p class=\"asset asset-text\">Lors de l\u2019op\u00e9ration de police qui a eu lieu dans le comt\u00e9 de Ventura, \u00e0 un peu plus d\u2019une heure de route de Los Angeles, l\u2019homme avait \u00e9t\u00e9 pourchass\u00e9 par les agents de l\u2019immigration, a indiqu\u00e9 la famille. \u00ab\u00a0Mon oncle Jaime \u00e9tait juste un agriculteur innocent et travailleur\u00a0\u00bb, a \u00e9crit un membre de sa famille sur la page de collecte de fonds.<\/p>\n<p class=\"asset asset-text\">\u00ab\u00a0Il a \u00e9t\u00e9 poursuivi par des agents de la police de l\u2019immigration, et on nous a dit qu\u2019il \u00e9tait tomb\u00e9 de 30 pieds [9 m\u00e8tres]\u00a0\u00bb, pr\u00e9cise-t-il en d\u00e9crivant ses blessures comme \u00ab\u00a0catastrophiques\u00a0\u00bb. Interrog\u00e9s par <a href=\"https:\/\/www.nbcnews.com\/news\/us-news\/california-farmworker-dies-immigration-raid-rcna218467\" target=\"_blank\" rel=\"noopener\" title=\"Nouvelle fen\u00eatre\">NBC News<\/a>, ses proches ont indiqu\u00e9 qu\u2019il s\u2019\u00e9tait bris\u00e9 la nuque et le cr\u00e2ne et avait \u00e9t\u00e9 plac\u00e9 sous assistance respiratoire pour que sa femme puisse faire le d\u00e9placement depuis le Mexique et le voir avant sa mort.<\/p>\n<p>                     L\u2019administration assure que Jaime Alanis \u00ab\u00a0n\u2019\u00e9tait pas poursuivi\u00a0\u00bb    <\/p>\n<p class=\"asset asset-text\">Du c\u00f4t\u00e9 de l\u2019administration <a href=\"https:\/\/www.huffingtonpost.fr\/culture\/article\/donald-trump-se-prend-pour-superman-ses-opposants-evoquent-en-reponse-l-affaire-epstein-sa-kryptonite_252501.html\" target=\"_blank\" rel=\"noopener\">Trump<\/a>, l\u2019ambiance est au \u00ab\u00a0circulez y\u2019a rien \u00e0 voir\u00a0\u00bb. L\u2019ouvrier \u00ab\u00a0n\u2019a jamais \u00e9t\u00e9 d\u00e9tenu\u00a0\u00bb par les policiers, avait assur\u00e9 pr\u00e9c\u00e9demment \u00e0 l\u2019AFP Tricia McLaughlin, une porte-parole du minist\u00e8re de la S\u00e9curit\u00e9 int\u00e9rieure. Elle a affirm\u00e9 que Jaime Alanis a \u00ab\u00a0grimp\u00e9 sur le toit d\u2019une serre\u00a0\u00bb, \u00ab\u00a0m\u00eame s\u2019il n\u2019\u00e9tait pas poursuivi par les forces de l\u2019ordre\u00a0\u00bb, avant de faire \u00ab\u00a0une chute de neuf m\u00e8tres\u00a0\u00bb.<\/p>\n<p class=\"asset asset-text\">Les policiers \u00ab\u00a0ont imm\u00e9diatement appel\u00e9 une ambulance\u00a0\u00bb, a-t-elle pr\u00e9cis\u00e9. Selon le minist\u00e8re, 200 migrants sans papiers ont \u00e9t\u00e9 arr\u00eat\u00e9s lors des descentes dans les localit\u00e9s de Carpinteria et Camarillo jeudi et 10 enfants ont \u00e9t\u00e9 sauv\u00e9s \u00ab\u00a0d\u2019une exploitation potentielle, du travail forc\u00e9 et du trafic d\u2019\u00eatres humains\u00a0\u00bb. La soci\u00e9t\u00e9 Glass House Brands, propri\u00e9taire des fermes, a d\u00e9clar\u00e9 dans un communiqu\u00e9 n\u2019avoir \u00ab\u00a0jamais sciemment enfreint les pratiques d\u2019embauche applicables et ne pas employer de mineurs\u00a0\u00bb.<\/p>\n<p class=\"asset asset-text\">Le minist\u00e8re a d\u00e9clar\u00e9 que plus de 500 \u00ab\u00a0\u00e9meutiers\u00a0\u00bb avaient tent\u00e9 de perturber l\u2019op\u00e9ration et que quatre citoyens am\u00e9ricains sont accus\u00e9s d\u2019avoir agress\u00e9 ou r\u00e9sist\u00e9 aux agents. Les images des m\u00e9dias locaux ont montr\u00e9 des agents de l\u2019immigration masqu\u00e9s, en tenue anti-\u00e9meutes, disperser des dizaines de protestataires avec du gaz lacrymog\u00e8ne, et certains manifestants jeter des projectiles sur les voitures de police.<\/p>\n<p>                     Trump appelle \u00e0 \u00ab\u00a0arr\u00eater les RACLURES\u00a0\u00bb qui attaquent la police    <\/p>\n<p class=\"asset asset-text\">Sur place, Aaron Fuentes, un superviseur qui travaille pour Glass House depuis deux ans, a racont\u00e9 avoir vu des dizaines de fourgons de la police de l\u2019immigration d\u00e9barquer jeudi. \u00ab\u00a0Ils ont identifi\u00e9 les personnes pour v\u00e9rifier si elles avaient des papiers ou non, puis ils les ont fait monter une par une dans les camionnettes\u00a0\u00bb, a-t-il expliqu\u00e9. \u00ab\u00a0Je n\u2019ai pas vu toute l\u2019op\u00e9ration, mais il y a eu de la violence, des mauvais traitements\u00a0\u00bb.<\/p>\n<p class=\"asset asset-text\">Cette descente risque de raviver les tensions, <a href=\"https:\/\/www.huffingtonpost.fr\/international\/video\/a-los-angeles-l-arrestation-de-travailleurs-immigres-provoque-des-heurts-entre-policiers-et-manifestants_251058.html\" target=\"_blank\" rel=\"noopener\">un mois apr\u00e8s les manifestations<\/a> \u00e0 Los Angeles contre la politique migratoire de Donald Trump, qui ont parfois d\u00e9g\u00e9n\u00e9r\u00e9 en violences. Vendredi soir, le pr\u00e9sident am\u00e9ricain a ordonn\u00e9, sur sa plateforme Truth Social, \u00e0 tout agent f\u00e9d\u00e9ral \u00ab\u00a0qui serait victime de jets de pierres, de briques ou de toute autre forme d\u2019agression, d\u2019arr\u00eater leur voiture et d\u2019arr\u00eater ces RACLURES, en utilisant tous les moyens n\u00e9cessaires pour y parvenir.\u00a0\u00bb<\/p>\n","protected":false},"excerpt":{"rendered":"HANDOUT \/ Getty Images via AFP Aux \u00c9tats-Unis, un ouvrier meurt apr\u00e8s une descente de la police de&hellip;\n","protected":false},"author":2,"featured_media":248174,"comment_status":"","ping_status":"","sticky":false,"template":"","format":"standard","meta":{"footnotes":""},"categories":[1589],"tags":[11,2139,73,1866,1061,14,6116,12,1864,1865,1863,308],"class_list":{"0":"post-248173","1":"post","2":"type-post","3":"status-publish","4":"format-standard","5":"has-post-thumbnail","7":"category-etats-unis","8":"tag-actualites","9":"tag-californie","10":"tag-etats-unis","11":"tag-etats-unis-damerique","12":"tag-immigration","13":"tag-international","14":"tag-los-angeles","15":"tag-news","16":"tag-united-states","17":"tag-united-states-of-america","18":"tag-us","19":"tag-usa"},"share_on_mastodon":{"url":"https:\/\/pubeurope.com\/@fr\/114848543740743819","error":""},"_links":{"self":[{"href":"https:\/\/www.europesays.com\/fr\/wp-json\/wp\/v2\/posts\/248173","targetHints":{"allow":["GET"]}}],"collection":[{"href":"https:\/\/www.europesays.com\/fr\/wp-json\/wp\/v2\/posts"}],"about":[{"href":"https:\/\/www.europesays.com\/fr\/wp-json\/wp\/v2\/types\/post"}],"author":[{"embeddable":true,"href":"https:\/\/www.europesays.com\/fr\/wp-json\/wp\/v2\/users\/2"}],"replies":[{"embeddable":true,"href":"https:\/\/www.europesays.com\/fr\/wp-json\/wp\/v2\/comments?post=248173"}],"version-history":[{"count":0,"href":"https:\/\/www.europesays.com\/fr\/wp-json\/wp\/v2\/posts\/248173\/revisions"}],"wp:featuredmedia":[{"embeddable":true,"href":"https:\/\/www.europesays.com\/fr\/wp-json\/wp\/v2\/media\/248174"}],"wp:attachment":[{"href":"https:\/\/www.europesays.com\/fr\/wp-json\/wp\/v2\/media?parent=248173"}],"wp:term":[{"taxonomy":"category","embeddable":true,"href":"https:\/\/www.europesays.com\/fr\/wp-json\/wp\/v2\/categories?post=248173"},{"taxonomy":"post_tag","embeddable":true,"href":"https:\/\/www.europesays.com\/fr\/wp-json\/wp\/v2\/tags?post=248173"}],"curies":[{"name":"wp","href":"https:\/\/api.w.org\/{rel}","templated":true}]}}