{"id":248177,"date":"2025-07-13T23:35:50","date_gmt":"2025-07-13T23:35:50","guid":{"rendered":"https:\/\/www.europesays.com\/fr\/248177\/"},"modified":"2025-07-13T23:35:50","modified_gmt":"2025-07-13T23:35:50","slug":"football-euro-feminin-la-france-punit-les-pays-bas-et-affrontera-lallemagne-en-quarts","status":"publish","type":"post","link":"https:\/\/www.europesays.com\/fr\/248177\/","title":{"rendered":"FOOTBALL (Euro f\u00e9minin) : La France punit les Pays-Bas et affrontera l\u2019Allemagne en quarts"},"content":{"rendered":"<p><img decoding=\"async\" class=\"newsFullImg  \" src=\"https:\/\/www.europesays.com\/fr\/wp-content\/uploads\/2025\/07\/94671_1_full.jpg\"\/><\/p>\n<p>Les Bleues avaient seulement besoin d\u2019un nul. Les N\u00e9erlandaises devaient elles l\u2019emporter par 3 buts d\u2019\u00e9cart\u2026 C\u2019est la France qui a gagn\u00e9 par 3 buts d\u2019\u00e9carts. Neuf tricolores ont d\u00e9j\u00e0 marqu\u00e9 dans cet Euro.<\/p>\n<p><img decoding=\"async\" class=\"newsFullImg\" newsfullimgreduced=\"\" src=\"https:\/\/www.europesays.com\/fr\/wp-content\/uploads\/2025\/07\/94671_2_full.jpg\"\/><\/p>\n<p>Notre analyse et les plus belles photos de la rencontre.<\/p>\n<p>Neuf fois ! Oui par neuf fois la balle s\u2019est retrouv\u00e9e au centre du terrain \u00e0 B\u00e2le en Suisse\u2026 Deux pour le coup d\u2019envoi de chaque mi-temps et sept apr\u00e8s chaque but. Deux pour la Hollande et donc cinq pour la France.<br \/>En fait, ce dimanche soir, les Fran\u00e7aises ont f\u00eat\u00e9 le 14 juillet avec un jour d\u2019avance\u2026 Comme dans beaucoup de communes e, France, c\u2019est donc le 13 juillet qu\u2019elles ont tir\u00e9 leur feu d\u2019artifice.<br \/>En s\u2019imposant sur le score sans appel de 5 buts \u00e0 2.<br \/>Apr\u00e8s avoir ouvert le score part Toletti, elles se sont retrouv\u00e9es men\u00e9es 2-1 \u00e0 la mi-temps. Mais elles n\u2019ont pas laiss\u00e9 les N\u00e9erlandaises r\u00eaver trop longtemps. Apr\u00e8s l\u2019\u00e9galisation par Katolo, c\u2019est Cascarino qui, avec deux buts en 3 minutes, a ruin\u00e9 les espoirs d\u00e8s Hollandaises qui ont encaiss\u00e9 un cinqui\u00e8me but, sur p\u00e9nalty, dans les arr\u00eats de jeu. Un but sign\u00e9 Karchaoui.<br \/>Depuis leur entr\u00e9e dans le tournoi et leur belle victoire contre les Anglaises, les Fran\u00e7aise n\u2019en finissent plus d\u2019impressionner. Le danger peut venir de partout, puisque les buts de la France ont \u00e9t\u00e9 inscrits par neuf joueuses suppl\u00e9mentaires depuis le d\u00e9but de cet Euro 2025 en Suisse.\t\t\t\t\t\t\t<\/p>\n<p>\t\t\t\t\t\t\tSamedi 19 juillet, c\u2019est l\u2019Allemagne que les Bleues affronteront en quart de finale. La pression sera sur les Allemandes qui ont toujours battu la France en Coupe du Monde et \u00e0 l\u2019Euro. Oui, mais les allemandes doivent commencer \u00e0 se poser des questions.<br \/>A.B.<br \/>(Photos Agence REUTERS)<br \/><img decoding=\"async\" src=\"https:\/\/www.europesays.com\/fr\/wp-content\/uploads\/2025\/07\/football-euro-feminin-la-france-punit-les-pays-bas-et-affrontera-l-allemagne-en-quarts-61888.jpg\"\/><img decoding=\"async\" src=\"https:\/\/www.europesays.com\/fr\/wp-content\/uploads\/2025\/07\/football-euro-feminin-la-france-punit-les-pays-bas-et-affrontera-l-allemagne-en-quarts-153723.jpg\"\/><img decoding=\"async\" src=\"https:\/\/www.europesays.com\/fr\/wp-content\/uploads\/2025\/07\/football-euro-feminin-la-france-punit-les-pays-bas-et-affrontera-l-allemagne-en-quarts-440271.jpg\"\/><img decoding=\"async\" src=\"https:\/\/www.europesays.com\/fr\/wp-content\/uploads\/2025\/07\/football-euro-feminin-la-france-punit-les-pays-bas-et-affrontera-l-allemagne-en-quarts-171081.jpg\"\/><br \/>\n<img decoding=\"async\" src=\"https:\/\/www.europesays.com\/fr\/wp-content\/uploads\/2025\/07\/football-euro-feminin-la-france-punit-les-pays-bas-et-affrontera-l-allemagne-en-quarts-154820.jpg\"\/><img decoding=\"async\" src=\"https:\/\/www.europesays.com\/fr\/wp-content\/uploads\/2025\/07\/football-euro-feminin-la-france-punit-les-pays-bas-et-affrontera-l-allemagne-en-quarts-463342.jpg\"\/><img decoding=\"async\" src=\"https:\/\/www.europesays.com\/fr\/wp-content\/uploads\/2025\/07\/football-euro-feminin-la-france-punit-les-pays-bas-et-affrontera-l-allemagne-en-quarts-156685.jpg\"\/><img decoding=\"async\" src=\"https:\/\/www.europesays.com\/fr\/wp-content\/uploads\/2025\/07\/football-euro-feminin-la-france-punit-les-pays-bas-et-affrontera-l-allemagne-en-quarts-375424.jpg\"\/><img decoding=\"async\" src=\"https:\/\/www.europesays.com\/fr\/wp-content\/uploads\/2025\/07\/football-euro-feminin-la-france-punit-les-pays-bas-et-affrontera-l-allemagne-en-quarts-132995.jpg\"\/><br \/>\n<img decoding=\"async\" src=\"https:\/\/www.europesays.com\/fr\/wp-content\/uploads\/2025\/07\/football-euro-feminin-la-france-punit-les-pays-bas-et-affrontera-l-allemagne-en-quarts-200608.jpg\"\/><img decoding=\"async\" src=\"https:\/\/www.europesays.com\/fr\/wp-content\/uploads\/2025\/07\/football-euro-feminin-la-france-punit-les-pays-bas-et-affrontera-l-allemagne-en-quarts-202216.jpg\"\/><img decoding=\"async\" src=\"https:\/\/www.europesays.com\/fr\/wp-content\/uploads\/2025\/07\/football-euro-feminin-la-france-punit-les-pays-bas-et-affrontera-l-allemagne-en-quarts-226144.jpg\"\/><img decoding=\"async\" src=\"https:\/\/www.europesays.com\/fr\/wp-content\/uploads\/2025\/07\/football-euro-feminin-la-france-punit-les-pays-bas-et-affrontera-l-allemagne-en-quarts-293680.jpg\"\/><img decoding=\"async\" src=\"https:\/\/www.europesays.com\/fr\/wp-content\/uploads\/2025\/07\/football-euro-feminin-la-france-punit-les-pays-bas-et-affrontera-l-allemagne-en-quarts-466625.jpg\"\/><br \/>\n<img decoding=\"async\" src=\"https:\/\/www.europesays.com\/fr\/wp-content\/uploads\/2025\/07\/football-euro-feminin-la-france-punit-les-pays-bas-et-affrontera-l-allemagne-en-quarts-284998.jpg\"\/><img decoding=\"async\" src=\"https:\/\/www.europesays.com\/fr\/wp-content\/uploads\/2025\/07\/football-euro-feminin-la-france-punit-les-pays-bas-et-affrontera-l-allemagne-en-quarts-93994.jpg\"\/><img decoding=\"async\" src=\"https:\/\/www.europesays.com\/fr\/wp-content\/uploads\/2025\/07\/football-euro-feminin-la-france-punit-les-pays-bas-et-affrontera-l-allemagne-en-quarts-261552.jpg\"\/><img decoding=\"async\" src=\"https:\/\/www.europesays.com\/fr\/wp-content\/uploads\/2025\/07\/football-euro-feminin-la-france-punit-les-pays-bas-et-affrontera-l-allemagne-en-quarts-410839.jpg\"\/><img decoding=\"async\" src=\"https:\/\/www.europesays.com\/fr\/wp-content\/uploads\/2025\/07\/football-euro-feminin-la-france-punit-les-pays-bas-et-affrontera-l-allemagne-en-quarts-182992.jpg\"\/><br \/>\n<img decoding=\"async\" src=\"https:\/\/www.europesays.com\/fr\/wp-content\/uploads\/2025\/07\/football-euro-feminin-la-france-punit-les-pays-bas-et-affrontera-l-allemagne-en-quarts-438476.jpg\"\/><img decoding=\"async\" src=\"https:\/\/www.europesays.com\/fr\/wp-content\/uploads\/2025\/07\/football-euro-feminin-la-france-punit-les-pays-bas-et-affrontera-l-allemagne-en-quarts-83285.jpg\"\/><img decoding=\"async\" src=\"https:\/\/www.europesays.com\/fr\/wp-content\/uploads\/2025\/07\/football-euro-feminin-la-france-punit-les-pays-bas-et-affrontera-l-allemagne-en-quarts-319356.jpg\"\/><img decoding=\"async\" src=\"https:\/\/www.europesays.com\/fr\/wp-content\/uploads\/2025\/07\/football-euro-feminin-la-france-punit-les-pays-bas-et-affrontera-l-allemagne-en-quarts-60461.jpg\"\/><img decoding=\"async\" src=\"https:\/\/www.europesays.com\/fr\/wp-content\/uploads\/2025\/07\/football-euro-feminin-la-france-punit-les-pays-bas-et-affrontera-l-allemagne-en-quarts-20724.jpg\"\/><br \/>\n<img decoding=\"async\" src=\"https:\/\/www.europesays.com\/fr\/wp-content\/uploads\/2025\/07\/football-euro-feminin-la-france-punit-les-pays-bas-et-affrontera-l-allemagne-en-quarts-28978.jpg\"\/><img decoding=\"async\" src=\"https:\/\/www.europesays.com\/fr\/wp-content\/uploads\/2025\/07\/football-euro-feminin-la-france-punit-les-pays-bas-et-affrontera-l-allemagne-en-quarts-451458.jpg\"\/><img decoding=\"async\" src=\"https:\/\/www.europesays.com\/fr\/wp-content\/uploads\/2025\/07\/football-euro-feminin-la-france-punit-les-pays-bas-et-affrontera-l-allemagne-en-quarts-115297.jpg\"\/><img decoding=\"async\" src=\"https:\/\/www.europesays.com\/fr\/wp-content\/uploads\/2025\/07\/football-euro-feminin-la-france-punit-les-pays-bas-et-affrontera-l-allemagne-en-quarts-266018.jpg\"\/><img decoding=\"async\" src=\"https:\/\/www.europesays.com\/fr\/wp-content\/uploads\/2025\/07\/football-euro-feminin-la-france-punit-les-pays-bas-et-affrontera-l-allemagne-en-quarts-319776.jpg\"\/><br \/>\n<img decoding=\"async\" src=\"https:\/\/www.europesays.com\/fr\/wp-content\/uploads\/2025\/07\/football-euro-feminin-la-france-punit-les-pays-bas-et-affrontera-l-allemagne-en-quarts-139624.jpg\"\/><img decoding=\"async\" src=\"https:\/\/www.europesays.com\/fr\/wp-content\/uploads\/2025\/07\/football-euro-feminin-la-france-punit-les-pays-bas-et-affrontera-l-allemagne-en-quarts-270052.jpg\"\/><img decoding=\"async\" src=\"https:\/\/www.europesays.com\/fr\/wp-content\/uploads\/2025\/07\/football-euro-feminin-la-france-punit-les-pays-bas-et-affrontera-l-allemagne-en-quarts-491599.jpg\"\/><img decoding=\"async\" src=\"https:\/\/www.europesays.com\/fr\/wp-content\/uploads\/2025\/07\/football-euro-feminin-la-france-punit-les-pays-bas-et-affrontera-l-allemagne-en-quarts-317080.jpg\"\/><img decoding=\"async\" src=\"https:\/\/www.europesays.com\/fr\/wp-content\/uploads\/2025\/07\/football-euro-feminin-la-france-punit-les-pays-bas-et-affrontera-l-allemagne-en-quarts-185958.jpg\"\/><br \/>\n<img decoding=\"async\" src=\"https:\/\/www.europesays.com\/fr\/wp-content\/uploads\/2025\/07\/football-euro-feminin-la-france-punit-les-pays-bas-et-affrontera-l-allemagne-en-quarts-437611.jpg\"\/><img decoding=\"async\" src=\"https:\/\/www.europesays.com\/fr\/wp-content\/uploads\/2025\/07\/football-euro-feminin-la-france-punit-les-pays-bas-et-affrontera-l-allemagne-en-quarts-320206.jpg\"\/><img decoding=\"async\" src=\"https:\/\/www.europesays.com\/fr\/wp-content\/uploads\/2025\/07\/football-euro-feminin-la-france-punit-les-pays-bas-et-affrontera-l-allemagne-en-quarts-154914.jpg\"\/><img decoding=\"async\" src=\"https:\/\/www.europesays.com\/fr\/wp-content\/uploads\/2025\/07\/football-euro-feminin-la-france-punit-les-pays-bas-et-affrontera-l-allemagne-en-quarts-35418.jpg\"\/><img decoding=\"async\" src=\"https:\/\/www.europesays.com\/fr\/wp-content\/uploads\/2025\/07\/football-euro-feminin-la-france-punit-les-pays-bas-et-affrontera-l-allemagne-en-quarts-57812.jpg\"\/><br \/>\n<img decoding=\"async\" src=\"https:\/\/www.europesays.com\/fr\/wp-content\/uploads\/2025\/07\/football-euro-feminin-la-france-punit-les-pays-bas-et-affrontera-l-allemagne-en-quarts-243792.jpg\"\/><img decoding=\"async\" src=\"https:\/\/www.europesays.com\/fr\/wp-content\/uploads\/2025\/07\/football-euro-feminin-la-france-punit-les-pays-bas-et-affrontera-l-allemagne-en-quarts-169810.jpg\"\/><img decoding=\"async\" src=\"https:\/\/www.europesays.com\/fr\/wp-content\/uploads\/2025\/07\/football-euro-feminin-la-france-punit-les-pays-bas-et-affrontera-l-allemagne-en-quarts-441146.jpg\"\/><img decoding=\"async\" src=\"https:\/\/www.europesays.com\/fr\/wp-content\/uploads\/2025\/07\/football-euro-feminin-la-france-punit-les-pays-bas-et-affrontera-l-allemagne-en-quarts-199785.jpg\"\/><img decoding=\"async\" src=\"https:\/\/www.europesays.com\/fr\/wp-content\/uploads\/2025\/07\/football-euro-feminin-la-france-punit-les-pays-bas-et-affrontera-l-allemagne-en-quarts-205172.jpg\"\/><br \/>\n<img decoding=\"async\" src=\"https:\/\/www.europesays.com\/fr\/wp-content\/uploads\/2025\/07\/football-euro-feminin-la-france-punit-les-pays-bas-et-affrontera-l-allemagne-en-quarts-374160.jpg\"\/><img decoding=\"async\" src=\"https:\/\/www.europesays.com\/fr\/wp-content\/uploads\/2025\/07\/football-euro-feminin-la-france-punit-les-pays-bas-et-affrontera-l-allemagne-en-quarts-78659.jpg\"\/><img decoding=\"async\" src=\"https:\/\/www.europesays.com\/fr\/wp-content\/uploads\/2025\/07\/football-euro-feminin-la-france-punit-les-pays-bas-et-affrontera-l-allemagne-en-quarts-472363.jpg\"\/><img decoding=\"async\" src=\"https:\/\/www.europesays.com\/fr\/wp-content\/uploads\/2025\/07\/football-euro-feminin-la-france-punit-les-pays-bas-et-affrontera-l-allemagne-en-quarts-70538.jpg\"\/><img decoding=\"async\" src=\"https:\/\/www.europesays.com\/fr\/wp-content\/uploads\/2025\/07\/football-euro-feminin-la-france-punit-les-pays-bas-et-affrontera-l-allemagne-en-quarts-363637.jpg\"\/><br \/>\n<img decoding=\"async\" src=\"https:\/\/www.europesays.com\/fr\/wp-content\/uploads\/2025\/07\/football-euro-feminin-la-france-punit-les-pays-bas-et-affrontera-l-allemagne-en-quarts-378115.jpg\"\/><img decoding=\"async\" src=\"https:\/\/www.europesays.com\/fr\/wp-content\/uploads\/2025\/07\/football-euro-feminin-la-france-punit-les-pays-bas-et-affrontera-l-allemagne-en-quarts-62661.jpg\"\/><img decoding=\"async\" src=\"https:\/\/www.europesays.com\/fr\/wp-content\/uploads\/2025\/07\/football-euro-feminin-la-france-punit-les-pays-bas-et-affrontera-l-allemagne-en-quarts-290478.jpg\"\/><img decoding=\"async\" src=\"https:\/\/www.europesays.com\/fr\/wp-content\/uploads\/2025\/07\/football-euro-feminin-la-france-punit-les-pays-bas-et-affrontera-l-allemagne-en-quarts-109004.jpg\"\/><img decoding=\"async\" src=\"https:\/\/www.europesays.com\/fr\/wp-content\/uploads\/2025\/07\/football-euro-feminin-la-france-punit-les-pays-bas-et-affrontera-l-allemagne-en-quarts-405427.jpg\"\/><br \/>\n<img decoding=\"async\" src=\"https:\/\/www.europesays.com\/fr\/wp-content\/uploads\/2025\/07\/football-euro-feminin-la-france-punit-les-pays-bas-et-affrontera-l-allemagne-en-quarts-262960.jpg\"\/><img decoding=\"async\" src=\"https:\/\/www.europesays.com\/fr\/wp-content\/uploads\/2025\/07\/football-euro-feminin-la-france-punit-les-pays-bas-et-affrontera-l-allemagne-en-quarts-475674.jpg\"\/><img decoding=\"async\" src=\"https:\/\/www.europesays.com\/fr\/wp-content\/uploads\/2025\/07\/football-euro-feminin-la-france-punit-les-pays-bas-et-affrontera-l-allemagne-en-quarts-131781.jpg\"\/><img decoding=\"async\" src=\"https:\/\/www.europesays.com\/fr\/wp-content\/uploads\/2025\/07\/football-euro-feminin-la-france-punit-les-pays-bas-et-affrontera-l-allemagne-en-quarts-407125.jpg\"\/>\t\t\t\t\t\t\t<\/p>\n","protected":false},"excerpt":{"rendered":"Les Bleues avaient seulement besoin d\u2019un nul. Les N\u00e9erlandaises devaient elles l\u2019emporter par 3 buts d\u2019\u00e9cart\u2026 C\u2019est la&hellip;\n","protected":false},"author":2,"featured_media":248178,"comment_status":"","ping_status":"","sticky":false,"template":"","format":"standard","meta":{"footnotes":""},"categories":[1587],"tags":[11,672,1804,1805,1803,1777,674,1801,12,1802],"class_list":{"0":"post-248177","1":"post","2":"type-post","3":"status-publish","4":"format-standard","5":"has-post-thumbnail","7":"category-allemagne","8":"tag-actualites","9":"tag-allemagne","10":"tag-bundesrepublik-deutschland","11":"tag-de","12":"tag-deutschland","13":"tag-eu","14":"tag-europe","15":"tag-germany","16":"tag-news","17":"tag-republique-federale-dallemagne"},"share_on_mastodon":{"url":"https:\/\/pubeurope.com\/@fr\/114848557803780040","error":""},"_links":{"self":[{"href":"https:\/\/www.europesays.com\/fr\/wp-json\/wp\/v2\/posts\/248177","targetHints":{"allow":["GET"]}}],"collection":[{"href":"https:\/\/www.europesays.com\/fr\/wp-json\/wp\/v2\/posts"}],"about":[{"href":"https:\/\/www.europesays.com\/fr\/wp-json\/wp\/v2\/types\/post"}],"author":[{"embeddable":true,"href":"https:\/\/www.europesays.com\/fr\/wp-json\/wp\/v2\/users\/2"}],"replies":[{"embeddable":true,"href":"https:\/\/www.europesays.com\/fr\/wp-json\/wp\/v2\/comments?post=248177"}],"version-history":[{"count":0,"href":"https:\/\/www.europesays.com\/fr\/wp-json\/wp\/v2\/posts\/248177\/revisions"}],"wp:featuredmedia":[{"embeddable":true,"href":"https:\/\/www.europesays.com\/fr\/wp-json\/wp\/v2\/media\/248178"}],"wp:attachment":[{"href":"https:\/\/www.europesays.com\/fr\/wp-json\/wp\/v2\/media?parent=248177"}],"wp:term":[{"taxonomy":"category","embeddable":true,"href":"https:\/\/www.europesays.com\/fr\/wp-json\/wp\/v2\/categories?post=248177"},{"taxonomy":"post_tag","embeddable":true,"href":"https:\/\/www.europesays.com\/fr\/wp-json\/wp\/v2\/tags?post=248177"}],"curies":[{"name":"wp","href":"https:\/\/api.w.org\/{rel}","templated":true}]}}