{"id":248191,"date":"2025-07-13T23:43:12","date_gmt":"2025-07-13T23:43:12","guid":{"rendered":"https:\/\/www.europesays.com\/fr\/248191\/"},"modified":"2025-07-13T23:43:12","modified_gmt":"2025-07-13T23:43:12","slug":"les-journalistes-du-midi-olympique-inquiets-au-sujet-dun-joueur-du-xv-de-france-on-la-vu-defendre-autour-dun-maul-en-marchant-sans-y-mettre-la-tete","status":"publish","type":"post","link":"https:\/\/www.europesays.com\/fr\/248191\/","title":{"rendered":"Les journalistes du Midi Olympique inquiets au sujet d&rsquo;un joueur du XV de France : \u00ab\u00a0On l&rsquo;a vu d\u00e9fendre autour d&rsquo;un maul en marchant sans y mettre la t\u00eate !\u00a0\u00bb"},"content":{"rendered":"<p>Align\u00e9 d\u2019entr\u00e9e pour le deuxi\u00e8me test de la tourn\u00e9e estivale en Nouvelle-Z\u00e9lande, Georges-Henri Colombe a v\u00e9cu une reprise d\u00e9licate. Absent des terrains depuis le mois de mars, le pilier droit a connu une matin\u00e9e \u00e9prouvante face \u00e0 la puissance du pack n\u00e9o-z\u00e9landais.<\/p>\n<p>Plus de quatre mois apr\u00e8s sa derni\u00e8re apparition sous le maillot de La Rochelle, le futur joueur du Stade Toulousain retrouvait la comp\u00e9tition dans un contexte des plus exigeants. Pour sa dixi\u00e8me s\u00e9lection, le droitier n\u2019a pas r\u00e9ussi \u00e0 retrouver ses automatismes, bouscul\u00e9 d\u00e8s les premiers contacts.<\/p>\n<p>En difficult\u00e9 tout au long de son court passage, il a c\u00e9d\u00e9 sa place \u00e0 la 43e minute \u00e0 R\u00e9gis Montagne.<\/p>\n<p>Ce choix du staff tricolore, qui a surpris plusieurs observateurs, a \u00e9t\u00e9 au c\u0153ur des d\u00e9bats dans l\u2019\u00e9mission <a href=\"https:\/\/www.rugbyrama.fr\/2025\/07\/13\/video-xv-de-france-la-performance-manquee-de-georges-henri-colombe-face-a-la-nouvelle-zelande-interroge-12823399.php\" rel=\"nofollow noopener\" target=\"_blank\">La Troisi\u00e8me Mi-Temps<\/a>. Fallait-il vraiment lancer un joueur sans rythme dans un match aussi intense ? Si l\u2019intention \u00e9tait sans doute de relancer un profil prometteur, l\u2019exp\u00e9rience s\u2019est r\u00e9v\u00e9l\u00e9e peu concluante.<\/p>\n<p>Alors que les Bleus poursuivent leur s\u00e9rie de tests face aux All Blacks, cette titularisation pourrait amener des ajustements pour le troisi\u00e8me et dernier affrontement. La gestion de la rotation, notamment en premi\u00e8re ligne, sera scrut\u00e9e de pr\u00e8s pour \u00e9viter de nouvelles m\u00e9saventures.<\/p>\n<p><strong>Les journalistes du Midi Olympique ont exprim\u00e9 leur incompr\u00e9hension devant ce choix de Fabien Galthi\u00e9. Extrait:<\/strong><\/p>\n<p>\u00ab\u00a0Parmi les notes les plus s\u00e9v\u00e8re, nous avons Georges-Henri Colombe qui a \u00e9cop\u00e9 d\u2019un 1,5\/10. C\u2019est tr\u00e8s faible. Est-ce que Fabien Galthi\u00e9 ne l\u2019a pas envoy\u00e9 au feu en l\u2019envoyant contre les All-Blacks, apr\u00e8s quatre mois sans comp\u00e9tition ?\u00a0<\/p>\n<p>Moi, je trouve que les torts sont partag\u00e9s. On a mis cette note car clairement la prestation n\u2019y est pas. Georges-Henri Colombe a commis beaucoup de fautes, des fautes de mains. Mais surtout, ce qui nous a beaucoup d\u00e9rang\u00e9, c\u2019est au niveau de son engagement. Qu\u2019il marche, c\u2019est tr\u00e8s limite, mais on l\u2019a vu d\u00e9fendre autour d\u2019un maul en marchant sans y mettre la t\u00eate. Il n\u2019a pas \u00e9t\u00e9 du tout \u00e0 la hauteur de l\u2019engagement car c\u2019est un match international.<\/p>\n<p>Mais je trouve que les torts sont partag\u00e9s car je n\u2019arrive pas \u00e0 comprendre pourquoi Fabien Galthi\u00e9 a d\u00e9cid\u00e9 de le titulariser. Il le voit mieux que nous, il le voit \u00e0 tous les entrainements. Il sait tr\u00e8s\u00a0 bien que Georges-Henri Colombe n\u2019a pas 40 minutes dans les jambes car \u00e7a fait quatre mois qu\u2019il n\u2019a pas jou\u00e9. S\u2019il n\u2019a plus le gaz, il ne peut plus aller dans le maul et il marche \u00e0 c\u00f4t\u00e9 plut\u00f4t que d\u2019aller dedans pour d\u00e9fendre.<\/p>\n<p>C\u2019est une note tr\u00e8s s\u00e9v\u00e8re, mais la prestation n\u2019y est clairement pas. Et je pense qu\u2019il y a une vraie responsabilit\u00e9 du staff dans cette prestation.\u00a0\u00bb<\/p>\n","protected":false},"excerpt":{"rendered":"Align\u00e9 d\u2019entr\u00e9e pour le deuxi\u00e8me test de la tourn\u00e9e estivale en Nouvelle-Z\u00e9lande, Georges-Henri Colombe a v\u00e9cu une reprise&hellip;\n","protected":false},"author":2,"featured_media":248192,"comment_status":"","ping_status":"","sticky":false,"template":"","format":"standard","meta":{"footnotes":""},"categories":[1416],"tags":[1011,27,479,1468,60],"class_list":{"0":"post-248191","1":"post","2":"type-post","3":"status-publish","4":"format-standard","5":"has-post-thumbnail","7":"category-rugby","8":"tag-fr","9":"tag-france","10":"tag-rugby","11":"tag-rugby-football","12":"tag-sports"},"share_on_mastodon":{"url":"https:\/\/pubeurope.com\/@fr\/114848583062428094","error":""},"_links":{"self":[{"href":"https:\/\/www.europesays.com\/fr\/wp-json\/wp\/v2\/posts\/248191","targetHints":{"allow":["GET"]}}],"collection":[{"href":"https:\/\/www.europesays.com\/fr\/wp-json\/wp\/v2\/posts"}],"about":[{"href":"https:\/\/www.europesays.com\/fr\/wp-json\/wp\/v2\/types\/post"}],"author":[{"embeddable":true,"href":"https:\/\/www.europesays.com\/fr\/wp-json\/wp\/v2\/users\/2"}],"replies":[{"embeddable":true,"href":"https:\/\/www.europesays.com\/fr\/wp-json\/wp\/v2\/comments?post=248191"}],"version-history":[{"count":0,"href":"https:\/\/www.europesays.com\/fr\/wp-json\/wp\/v2\/posts\/248191\/revisions"}],"wp:featuredmedia":[{"embeddable":true,"href":"https:\/\/www.europesays.com\/fr\/wp-json\/wp\/v2\/media\/248192"}],"wp:attachment":[{"href":"https:\/\/www.europesays.com\/fr\/wp-json\/wp\/v2\/media?parent=248191"}],"wp:term":[{"taxonomy":"category","embeddable":true,"href":"https:\/\/www.europesays.com\/fr\/wp-json\/wp\/v2\/categories?post=248191"},{"taxonomy":"post_tag","embeddable":true,"href":"https:\/\/www.europesays.com\/fr\/wp-json\/wp\/v2\/tags?post=248191"}],"curies":[{"name":"wp","href":"https:\/\/api.w.org\/{rel}","templated":true}]}}