{"id":248203,"date":"2025-07-13T23:51:08","date_gmt":"2025-07-13T23:51:08","guid":{"rendered":"https:\/\/www.europesays.com\/fr\/248203\/"},"modified":"2025-07-13T23:51:08","modified_gmt":"2025-07-13T23:51:08","slug":"franck-briere-presente-une-centaine-de-ses-tableaux","status":"publish","type":"post","link":"https:\/\/www.europesays.com\/fr\/248203\/","title":{"rendered":"Franck Bri\u00e8re pr\u00e9sente une centaine de ses tableaux"},"content":{"rendered":"<p>            Par<br \/>\n        <strong><br \/>\n            <a href=\"https:\/\/actu.fr\/auteur\/redaction-pa\" title=\"Consulter tous les articles de R\u00e9daction Le Pays d&#039;Auge\" target=\"_blank\" rel=\"noopener\">R\u00e9daction Le Pays d&rsquo;Auge<\/a><br \/>\n        <\/strong><\/p>\n<p>        Publi\u00e9 le<\/p>\n<p>            13 juil. 2025 \u00e0 19h32        <\/p>\n<p><a href=\"https:\/\/actu.fr\/normandie\/honfleur_14333\" target=\"_blank\" rel=\"noopener\">Honfleur <\/a>(Calvados), a d\u00e9cid\u00e9, pour cette saison estivale, de pr\u00e9senter les artistes actuels qui font sa renomm\u00e9e. <a href=\"https:\/\/actu.fr\/normandie\/honfleur_14333\/honfleur-lacademie-des-artistes-tire-la-sonnette-dalarme_62227250.html\" target=\"_blank\" rel=\"noopener\">Franck Bri\u00e8re<\/a> va donc ouvrir le bal dans le petit Grenier \u00e0 Sel. \u00c0 cette occasion sera pr\u00e9sent\u00e9e une <b>r\u00e9trospective <\/b>de ses \u0153uvres, dont certaines n\u2019ont jamais \u00e9t\u00e9 expos\u00e9es au grand public.<\/p>\n<p class=\" wall-content\">Franck Bri\u00e8re est un n\u00e9 natif, issu d\u2019une lign\u00e9e de marins p\u00eacheurs sur plusieurs g\u00e9n\u00e9rations, et de parents enseignants. Il a grandi au milieu des <a href=\"https:\/\/www.bing.com\/search?q=p%C3%AAcheurs%20du%20port%20de%20Honfleur%20actu%3Bfr&amp;qs=n&amp;form=QBRE&amp;sp=-1&amp;ghc=1&amp;lq=0&amp;pq=p%C3%AAcheurs%20du%20port%20de%20honfleur%20actu%3Bf&amp;sc=12-35&amp;sk=&amp;cvid=09AA9F48C8B04AF5B9D18BA11DEAC133\" target=\"_blank\" rel=\"noopener\">p\u00eacheurs du port de Honfleur<\/a> et des artistes de l\u2019Estuaire qui, \u00e0 l\u2019\u00e9poque, peignaient sur les quais. Il a ainsi c\u00f4toy\u00e9 les peintres Hambourg, Bouyssou, Leterreux, Loriot et surtout Fernand Herbo, son ma\u00eetre, partageant avec lui le go\u00fbt des sujets portuaires et maritimes. Au contact de ces artistes renomm\u00e9s, il a pu se former aux techniques traditionnelles.<\/p>\n<p>\u00ab\u00a0Je suis un apprenti \u00e0 l\u2019\u00e9cole de la rue\u00a0\u00bb<\/p>\n<p class=\" wall-content\">Il dessine et peint depuis l\u2019\u00e2ge de cinq ans, gagne \u00e0 sept ans un 1er prix de dessin et se d\u00e9signe comme un <b>apprenti \u00e0 l\u2019\u00e9cole de la rue. <\/b>Apr\u00e8s des \u00e9tudes en dessin industriel, la contemplation des couchers de soleil sur l\u2019horizon depuis la berge l\u2019invite \u00e0 prendre le large. Il part ainsi faire son service militaire dans la Marine nationale sur le porte-avion Foch et devient plus tard dessinateur \u00e0 bord, en plus d\u2019\u00eatre marin. La mer et les escales en M\u00e9diterran\u00e9e remplissent ses yeux de ciels, de vagues, de bateaux et de couleurs et la vision des felouques sur le Nil le ram\u00e8ne aux chaloupes de son port d\u2019attache. De retour de l\u2019arm\u00e9e, il int\u00e8gre la marine marchande au pilotage de la Seine, mais poursuit cependant sa recherche picturale. Patron de bateau-pilote le jour, mais peintre continuel, baignant en permanence dans l\u2019univers qu\u2019il aime repr\u00e9senter, ses th\u00e8mes favoris sont les paquebots transatlantiques, ceux que l\u2019on appelle les Rois des mers : le Normandie, le France, mais aussi les grands voiliers, les vieux gr\u00e9ements, les cargos, les remorqueurs, les ports comme Le Havre, Rouen et bien s\u00fbr Honfleur.<\/p>\n<p class=\" wall-content\">Et c\u2019est tout naturellement qu\u2019en 2010, il reprend en main l<a href=\"https:\/\/actu.fr\/normandie\/honfleur_14333\/honfleur-lacademie-des-artistes-sinstalle-aux-greniers-a-sel_62604424.html\" target=\"_blank\" rel=\"noopener\">\u2018Acad\u00e9mie des artistes de Honfleur,<\/a> en devenant le pr\u00e9sident de cette association fond\u00e9e en 1948. Sous son \u00e9gide, elle va perp\u00e9tuer la tradition de ses pr\u00e9d\u00e9cesseurs, en r\u00e9unissant artistes confirm\u00e9s et nouveaux talents, participant ainsi au rayonnement culturel de la r\u00e9gion.<\/p>\n<p class=\" wall-content\">Pour cette <b>exposition<\/b>, le peintre va accrocher <b>130 tableaux,<\/b> qui repr\u00e9sentent ses peintures des ann\u00e9es 80 jusqu\u2019\u00e0 maintenant.<\/p>\n<p>Saisir l\u2019atmosph\u00e8re de l\u2019estuaire<\/p>\n<p class=\" wall-content\">Tout en conservant l\u2019esprit des grands anciens dont il revendique l\u2019h\u00e9ritage, Franck Bri\u00e8re en r\u00e9invente les th\u00e8mes <b>impressionnistes<\/b>. En recherche perp\u00e9tuelle, il cr\u00e9e de nouvelles techniques, peignant avec du caf\u00e9, du th\u00e9, du vin rouge, du whisky, m\u00e9langeant les pigments traditionnels avec de la t\u00e9r\u00e9benthine, de l\u2019huile de lin, des spiritueux, obtenant ainsi des couleurs et des transparences in\u00e9dites. Illustrateur de presse et de publicit\u00e9, Franck a r\u00e9alis\u00e9 des <b>fresques <\/b>pour sa ville et des d\u00e9corations pour des h\u00f4tels.<\/p>\n<p>Vid\u00e9os : en ce moment sur Actu<\/p>\n<blockquote class=\"ac-article-quote wall-content\">\n<p>\u00ab Je suis tr\u00e8s heureux de cet \u00e9v\u00e9nement. Il est rare qu\u2019une telle exposition soit organis\u00e9e pour un seul artiste, et de plus, de son vivant ! \u00bb<\/p>\n<p>Franck Bri\u00e8re.<\/p><\/blockquote>\n<p class=\" wall-content\">L\u2019exposition en galerie de son travail, commenc\u00e9 dans sa ville natale, l\u2019emm\u00e8nera jusqu\u2019aux USA.<\/p>\n<p>Exposition du 12\u00a0juillet au 17\u00a0ao\u00fbt, Petit Grenier \u00e0 Sel rue de la Ville \u00e0 Honfleur. Du lundi au jeudi de 10 h 30 \u00e0 12 h 30 et 14 h \u00e0 19 h, les vendredis, samedis, dimanches et jours f\u00e9ri\u00e9s de 10 h 30 \u00e0 19 h, en nocturne jusqu\u2019\u00e0 21 h le samedi 2\u00a0ao\u00fbt dans le cadre de la Nuit des Artistes, Vernissage le vendredi 11\u00a0juillet \u00e0 18 h, possibilit\u00e9 d\u2019\u00e9change et de rencontre avec l\u2019artiste entre 12 h 30 et 14 h les vendredis, samedis, dimanches et jours f\u00e9ri\u00e9s.<\/p>\n<p class=\" wall-content\">Suivez toute l\u2019actualit\u00e9 de vos villes et m\u00e9dias favoris en vous inscrivant \u00e0 <a href=\"https:\/\/moncompte.actu.fr\" title=\"D\u00e9couvez Mon Actu\" rel=\"nofollow noopener\" data-trk=\"{&quot;cta&quot;:{&quot;action&quot;:&quot;https:\\\/\\\/moncompte.actu.fr&quot;,&quot;category&quot;:&quot;mon compte&quot;,&quot;from&quot;:&quot;article footer&quot;,&quot;name&quot;:&quot;Mon actu&quot;,&quot;type&quot;:&quot;cta&quot;}}\" target=\"_blank\">Mon Actu<\/a>.<\/p>\n","protected":false},"excerpt":{"rendered":"Par R\u00e9daction Le Pays d&rsquo;Auge Publi\u00e9 le 13 juil. 2025 \u00e0 19h32 Honfleur (Calvados), a d\u00e9cid\u00e9, pour cette&hellip;\n","protected":false},"author":2,"featured_media":248204,"comment_status":"","ping_status":"","sticky":false,"template":"","format":"standard","meta":{"footnotes":""},"categories":[1358],"tags":[1348,1384,1385,1386,58,59,1011,27,1652,24646],"class_list":{"0":"post-248203","1":"post","2":"type-post","3":"status-publish","4":"format-standard","5":"has-post-thumbnail","7":"category-arts-et-design","8":"tag-arts","9":"tag-arts-and-design","10":"tag-arts-et-design","11":"tag-design","12":"tag-divertissement","13":"tag-entertainment","14":"tag-fr","15":"tag-france","16":"tag-loisirs-culture","17":"tag-made-in-normandie"},"share_on_mastodon":{"url":"https:\/\/pubeurope.com\/@fr\/114848614548137387","error":""},"_links":{"self":[{"href":"https:\/\/www.europesays.com\/fr\/wp-json\/wp\/v2\/posts\/248203","targetHints":{"allow":["GET"]}}],"collection":[{"href":"https:\/\/www.europesays.com\/fr\/wp-json\/wp\/v2\/posts"}],"about":[{"href":"https:\/\/www.europesays.com\/fr\/wp-json\/wp\/v2\/types\/post"}],"author":[{"embeddable":true,"href":"https:\/\/www.europesays.com\/fr\/wp-json\/wp\/v2\/users\/2"}],"replies":[{"embeddable":true,"href":"https:\/\/www.europesays.com\/fr\/wp-json\/wp\/v2\/comments?post=248203"}],"version-history":[{"count":0,"href":"https:\/\/www.europesays.com\/fr\/wp-json\/wp\/v2\/posts\/248203\/revisions"}],"wp:featuredmedia":[{"embeddable":true,"href":"https:\/\/www.europesays.com\/fr\/wp-json\/wp\/v2\/media\/248204"}],"wp:attachment":[{"href":"https:\/\/www.europesays.com\/fr\/wp-json\/wp\/v2\/media?parent=248203"}],"wp:term":[{"taxonomy":"category","embeddable":true,"href":"https:\/\/www.europesays.com\/fr\/wp-json\/wp\/v2\/categories?post=248203"},{"taxonomy":"post_tag","embeddable":true,"href":"https:\/\/www.europesays.com\/fr\/wp-json\/wp\/v2\/tags?post=248203"}],"curies":[{"name":"wp","href":"https:\/\/api.w.org\/{rel}","templated":true}]}}