{"id":248207,"date":"2025-07-13T23:53:27","date_gmt":"2025-07-13T23:53:27","guid":{"rendered":"https:\/\/www.europesays.com\/fr\/248207\/"},"modified":"2025-07-13T23:53:27","modified_gmt":"2025-07-13T23:53:27","slug":"je-me-suis-endormie-les-internautes-sont-sans-pitie-avec-la-serie-numero-1-de-netflix","status":"publish","type":"post","link":"https:\/\/www.europesays.com\/fr\/248207\/","title":{"rendered":"\u00ab\u00a0Je me suis endormie\u2026\u00a0\u00bb Les internautes sont sans piti\u00e9 avec la s\u00e9rie num\u00e9ro 1 de Netflix"},"content":{"rendered":"<p>R\u00e9cemment mise en ligne sur Netflix, cette s\u00e9rie fran\u00e7aise s&rsquo;est tr\u00e8s rapidement hiss\u00e9e \u00e0 la premi\u00e8re place du classement des productions les plus visionn\u00e9es sur la plateforme de streaming. Mais malgr\u00e9 ce succ\u00e8s, les internautes sont loin d&rsquo;\u00eatre tous convaincus. Certains se sont d&rsquo;ailleurs montr\u00e9s sans piti\u00e9 dans leurs critiques sur les r\u00e9seaux sociaux.<\/p>\n<p><b>Ce mercredi 9 juillet 2025, Netflix a sorti sa derni\u00e8re cr\u00e9ation in\u00e9dite : <\/b><b>Soleil noir, <\/b>Under a Dark Sun en version anglaise.<b> <\/b>Une s\u00e9rie compos\u00e9e de six \u00e9pisodes qui fait un v\u00e9ritable carton sur la plateforme de streaming, puisqu&rsquo;\u00e0 ce jour, elle est \u00e0 la premi\u00e8re place du classement. Au casting de Soleil noir, les abonn\u00e9s Netflix ont notamment pu retrouver <a href=\"https:\/\/www.programme-tv.net\/news\/series-tv\/382950-soleil-noir-cest-pas-possible-ava-baya-alba-reagit-au-final-surprenant-de-la-serie-de-netflix\/\" data-api-deeplink=\"teleloisirs:\/\/news\/382950\" target=\"_blank\" rel=\"noopener\">Isabelle Adjani qui a racont\u00e9 avec humour l&rsquo;une des sc\u00e8nes chocs de la s\u00e9rie. <\/a>Dans Soleil noir, la com\u00e9dienne de 70 ans donne la r\u00e9plique \u00e0 Ava Baya qui tient le r\u00f4le principal, celui d&rsquo;Alba. D&rsquo;ailleurs, <a href=\"https:\/\/www.programme-tv.net\/news\/series-tv\/382950-soleil-noir-cest-pas-possible-ava-baya-alba-reagit-au-final-surprenant-de-la-serie-de-netflix\/\" data-api-deeplink=\"teleloisirs:\/\/news\/382950\" target=\"_blank\" rel=\"noopener\">cette derni\u00e8re s&rsquo;est souvenue des punchlines d&rsquo;Isabelle Adjani sur le tournage<\/a> avant de r\u00e9agir<a href=\"https:\/\/www.programme-tv.net\/news\/series-tv\/382950-soleil-noir-cest-pas-possible-ava-baya-alba-reagit-au-final-surprenant-de-la-serie-de-netflix\/\" data-api-deeplink=\"teleloisirs:\/\/news\/382950\" target=\"_blank\" rel=\"noopener\"> au final de la s\u00e9rie qui a fait beaucoup parler sur les r\u00e9seaux sociaux.<\/a><\/p>\n<p>Mais de quoi parle Soleil noir sur Netflix ?<\/p>\n<p>L&rsquo;histoire suit Alba, une jeune m\u00e8re c\u00e9libataire qui fuit ses parents car ces derniers veulent obtenir la garde de son fils. La jeune femme trouve alors un travail dans un champ de roses sont destin\u00e9es \u00e0 la cr\u00e9ation de parfums. Un jour apr\u00e8s son arriv\u00e9e sur place, elle trouve le corps sans vie de son patron. Tr\u00e8s vite, sa propre vie est en danger. Alba d\u00e9couvre alors que le d\u00e9funt \u00e9tait en r\u00e9alit\u00e9 son p\u00e8re biologique. \u00c0 force de mener l&rsquo;enqu\u00eate, elle va d\u00e9couvrir des secrets dont personne ne soup\u00e7onnait l&rsquo;existence. Trahisons, sang, r\u00e9v\u00e9lations, argent et pouvoir : Soleil noir plonge les abonn\u00e9s dans une histoire familiale pleine de rebondissements.<\/p>\n<p>                        Les internautes pas tous convaincus par Soleil noir avec Isabelle Adjani<\/p>\n<p>Si Soleil noir est \u00e0 la premi\u00e8re place du top 10 Netflix, la s\u00e9rie ne fait pas l&rsquo;unanimit\u00e9 sur les r\u00e9seaux sociaux. Sur le Facebook de T\u00e9l\u00e9-Loisirs, de nombreux commentaires critiques ont d&rsquo;ailleurs \u00e9t\u00e9 publi\u00e9s. On a ainsi pu lire :<b> \u00ab\u00a0Pas fou fou quand m\u00eame. <\/b>Juste heureuse pour ma part de voir Isabelle Adjani\u00a0\u00bb, \u00ab\u00a0<b>Je ne suis m\u00eame pas arriv\u00e9e \u00e0 voir la fin du premier \u00e9pisode tellement c&rsquo;est mou, je me suis endormie<\/b>\u00a0\u00bb ou encore \u00ab\u00a0<b>Bof, heureusement que madame Adjani est l\u00e0<\/b>\u00ab\u00a0.<\/p>\n<p>Article \u00e9crit avec la collaboration de 6m\u00e9dias.<\/p>\n","protected":false},"excerpt":{"rendered":"R\u00e9cemment mise en ligne sur Netflix, cette s\u00e9rie fran\u00e7aise s&rsquo;est tr\u00e8s rapidement hiss\u00e9e \u00e0 la premi\u00e8re place du&hellip;\n","protected":false},"author":2,"featured_media":248208,"comment_status":"","ping_status":"","sticky":false,"template":"","format":"standard","meta":{"footnotes":""},"categories":[1356],"tags":[38859,38862,244,58,59,1011,27,27053,127,1722,38863,38860,129,252,38861,1364],"class_list":{"0":"post-248207","1":"post","2":"type-post","3":"status-publish","4":"format-standard","5":"has-post-thumbnail","7":"category-television","8":"tag-ava-baya","9":"tag-claire-romain","10":"tag-commentaire","11":"tag-divertissement","12":"tag-entertainment","13":"tag-fr","14":"tag-france","15":"tag-isabelle-adjani","16":"tag-netflix","17":"tag-pub-streaming-netflix","18":"tag-soleil-noir-2025","19":"tag-soleil-noir-2025-su00e9rie-52189674","20":"tag-svod","21":"tag-television","22":"tag-thibault-de-montalembert","23":"tag-tv"},"share_on_mastodon":{"url":"https:\/\/pubeurope.com\/@fr\/114848622397323245","error":""},"_links":{"self":[{"href":"https:\/\/www.europesays.com\/fr\/wp-json\/wp\/v2\/posts\/248207","targetHints":{"allow":["GET"]}}],"collection":[{"href":"https:\/\/www.europesays.com\/fr\/wp-json\/wp\/v2\/posts"}],"about":[{"href":"https:\/\/www.europesays.com\/fr\/wp-json\/wp\/v2\/types\/post"}],"author":[{"embeddable":true,"href":"https:\/\/www.europesays.com\/fr\/wp-json\/wp\/v2\/users\/2"}],"replies":[{"embeddable":true,"href":"https:\/\/www.europesays.com\/fr\/wp-json\/wp\/v2\/comments?post=248207"}],"version-history":[{"count":0,"href":"https:\/\/www.europesays.com\/fr\/wp-json\/wp\/v2\/posts\/248207\/revisions"}],"wp:featuredmedia":[{"embeddable":true,"href":"https:\/\/www.europesays.com\/fr\/wp-json\/wp\/v2\/media\/248208"}],"wp:attachment":[{"href":"https:\/\/www.europesays.com\/fr\/wp-json\/wp\/v2\/media?parent=248207"}],"wp:term":[{"taxonomy":"category","embeddable":true,"href":"https:\/\/www.europesays.com\/fr\/wp-json\/wp\/v2\/categories?post=248207"},{"taxonomy":"post_tag","embeddable":true,"href":"https:\/\/www.europesays.com\/fr\/wp-json\/wp\/v2\/tags?post=248207"}],"curies":[{"name":"wp","href":"https:\/\/api.w.org\/{rel}","templated":true}]}}