{"id":248227,"date":"2025-07-14T00:05:11","date_gmt":"2025-07-14T00:05:11","guid":{"rendered":"https:\/\/www.europesays.com\/fr\/248227\/"},"modified":"2025-07-14T00:05:11","modified_gmt":"2025-07-14T00:05:11","slug":"trophee-de-lavenir-a-saint-etienne-du-gres-blanc-et-lou-pantai-en-1-2-finale","status":"publish","type":"post","link":"https:\/\/www.europesays.com\/fr\/248227\/","title":{"rendered":"Troph\u00e9e de l\u2019Avenir\/\u00e0 Saint-Etienne du Gr\u00e8s\/Blanc et Lou Pantai en 1\/2 finale"},"content":{"rendered":"<p><strong>Entr\u00e9e\u00a0: 3\/4 d\u2019ar\u00e8ne.\u00a0Organisation\u00a0: AGCFT. Pr\u00e9sidence\u00a0: Philippe Gibert. Raseteurs droitiers\u00a0: Champetier, Chevalier, Michelier, Ouennouri. Raseteurs gauchers\u00a0: Camacho, Chanat, Geoffray.\u00a0Tourneurs\u00a0: Jockin, Lafare, Villard.<\/strong><\/p>\n<p>La place en demi-finale du Trident d\u2019Or n\u2019\u00e9tait pas gagn\u00e9e, tant <a href=\"https:\/\/www.laprovence.com\/article\/region\/1587625796079415\/course-camarguaise-avantage-a-lagarde-pour-cette-premiere-serie-du-trident-dor-avenir\" target=\"_blank\" rel=\"noopener\">Lagarde <\/a>et Allard avaient d\u00e9j\u00e0 mis la barre haute (198 contre 197 points).<\/p>\n<p>Mais c\u2019\u00e9tait sans compter les beaux scores effectu\u00e9s par Blanc (199) et Lou Panta\u00ef (198), qui pour ce dernier, vient chercher sa place gr\u00e2ce \u00e0 Papalino, bien s\u00e9rieux exemplaire.<\/p>\n<p>Tr\u00e8s bon sur le d\u00e9bat, Gin\u00e8s est remarqu\u00e9 chez Blanc, dont Bolz\u00e9 tire \u00e9galement bien son \u00e9pingle du jeu.<\/p>\n<p>Chez les hommes, Ouennouri prend des risques, Chanat et Champetier sont de bons travailleurs.<\/p>\n<p><strong>BOLZ\u00c9 (Blanc, N.808)<\/strong>.- Un bon \u00e9l\u00e9ment en introduction, qui prend \u00e0 c\u0153ur les \u00e9changes.<\/p>\n<p>Toujours plac\u00e9, l\u2019\u0153il au combat, sert des anticipations notables et un coup remarqu\u00e9 sur Ouennouri.<\/p>\n<p>Rentre ses ficelles en musique entendue 5 fois.<\/p>\n<p><strong>NONCHALAND (Lou Panta\u00ef, N.917)<\/strong>.- Au milieu et sans convictions, joue l\u2019opportunisme avec dangerosit\u00e9.<\/p>\n<p>Vient frapper sur Chevalier et Ouennouri, se d\u00e9doublant sur le premier et venant le chercher aux tubes, lui laissant une ficelle.<\/p>\n<p>Conserve la seconde pour 5 Carmen et rentr\u00e9e.<\/p>\n<p><strong>GIN\u00c8S (Blanc, N.813)<\/strong>.- Excellent combattant, s\u2019applique dans les r\u00e9ponses, faisant force de son armure atypique. Brillant sur des s\u00e9ries rondement men\u00e9es, se bagarre comme les hommes, ne l\u00e2chant pas le morceau, entendant les Carmen.<\/p>\n<p>Pointe les cornes et n\u2019h\u00e9site pas \u00e0 les passer en cl\u00f4ture.<\/p>\n<p>7 Carmen et rentr\u00e9e, porteur d\u2019une ficelle.<\/p>\n<p><strong>OUROUS (Lou Panta\u00ef, N.914)<\/strong>.- Bon placement mais d\u00e9marrage en douceur. Ouennouri perd l\u2019avance et fr\u00f4le la correctionnelle. D\u00e8s lors, accentue ses appuis, poussant ses poursuites jusqu\u2019aux planches pour plusieurs fois Carmen. Se montre g\u00e9n\u00e9reux, dans un ensemble d\u2019o\u00f9 il tire la seconde ficelle. 8 Carmen et rentr\u00e9e.<\/p>\n<p><strong>CAPEAU (Blanc, N.820)<\/strong>.- Peu bouscul\u00e9 mais il en veut, exposant de bons principes sur les rencontres, cherchant ses adversaires et dessinant des conclusions. Sauve ses ficelles pour 4 Carmen et rentr\u00e9e.<\/p>\n<p><strong>PAPALINO (Lou Panta\u00ef, N.910)<\/strong>.- Le client s\u00e9rieux de l\u2019apr\u00e8s-midi. Allie vitesse et habilet\u00e9 sur des retours francs et secs \u00e0 l\u2019arriv\u00e9e. Entends Carmen sur un final dans les planches apr\u00e8s Chanat. 7 Carmen et rentr\u00e9e, avec ses ficelles.<strong\/><\/p>\n<p>Troph\u00e9e de l\u2019Avenir\u00a0: Chanat (13), Ouennouri (12), Champetier (11). Troph\u00e9e Honneur\u00a0: Chevalier (7), Geoffray &amp; Michelier (4).<\/p>\n","protected":false},"excerpt":{"rendered":"Entr\u00e9e\u00a0: 3\/4 d\u2019ar\u00e8ne.\u00a0Organisation\u00a0: AGCFT. Pr\u00e9sidence\u00a0: Philippe Gibert. Raseteurs droitiers\u00a0: Champetier, Chevalier, Michelier, Ouennouri. Raseteurs gauchers\u00a0: Camacho, Chanat, Geoffray.\u00a0Tourneurs\u00a0:&hellip;\n","protected":false},"author":2,"featured_media":248228,"comment_status":"","ping_status":"","sticky":false,"template":"","format":"standard","meta":{"footnotes":""},"categories":[9653],"tags":[38865,17,1111,11,2430,15021,38866,1777,674,2396,1011,27,9216,12,38864,16,25,4001,34565],"class_list":{"0":"post-248227","1":"post","2":"type-post","3":"status-publish","4":"format-standard","5":"has-post-thumbnail","7":"category-saint-etienne","8":"tag-1-2","9":"tag-17","10":"tag-actu","11":"tag-actualites","12":"tag-auvergne-rhone-alpes","13":"tag-blanc","14":"tag-dor","15":"tag-eu","16":"tag-europe","17":"tag-finale","18":"tag-fr","19":"tag-france","20":"tag-lou","21":"tag-news","22":"tag-pantai","23":"tag-region","24":"tag-republique-francaise","25":"tag-saint-etienne","26":"tag-trident"},"share_on_mastodon":{"url":"https:\/\/pubeurope.com\/@fr\/114848669563939170","error":""},"_links":{"self":[{"href":"https:\/\/www.europesays.com\/fr\/wp-json\/wp\/v2\/posts\/248227","targetHints":{"allow":["GET"]}}],"collection":[{"href":"https:\/\/www.europesays.com\/fr\/wp-json\/wp\/v2\/posts"}],"about":[{"href":"https:\/\/www.europesays.com\/fr\/wp-json\/wp\/v2\/types\/post"}],"author":[{"embeddable":true,"href":"https:\/\/www.europesays.com\/fr\/wp-json\/wp\/v2\/users\/2"}],"replies":[{"embeddable":true,"href":"https:\/\/www.europesays.com\/fr\/wp-json\/wp\/v2\/comments?post=248227"}],"version-history":[{"count":0,"href":"https:\/\/www.europesays.com\/fr\/wp-json\/wp\/v2\/posts\/248227\/revisions"}],"wp:featuredmedia":[{"embeddable":true,"href":"https:\/\/www.europesays.com\/fr\/wp-json\/wp\/v2\/media\/248228"}],"wp:attachment":[{"href":"https:\/\/www.europesays.com\/fr\/wp-json\/wp\/v2\/media?parent=248227"}],"wp:term":[{"taxonomy":"category","embeddable":true,"href":"https:\/\/www.europesays.com\/fr\/wp-json\/wp\/v2\/categories?post=248227"},{"taxonomy":"post_tag","embeddable":true,"href":"https:\/\/www.europesays.com\/fr\/wp-json\/wp\/v2\/tags?post=248227"}],"curies":[{"name":"wp","href":"https:\/\/api.w.org\/{rel}","templated":true}]}}