{"id":248239,"date":"2025-07-14T00:18:10","date_gmt":"2025-07-14T00:18:10","guid":{"rendered":"https:\/\/www.europesays.com\/fr\/248239\/"},"modified":"2025-07-14T00:18:10","modified_gmt":"2025-07-14T00:18:10","slug":"chantepie-adhere-au-dispositif-monalisa-daide-aux-personnes-isolees","status":"publish","type":"post","link":"https:\/\/www.europesays.com\/fr\/248239\/","title":{"rendered":"Chantepie adh\u00e8re au dispositif Monalisa d\u2019aide aux personnes isol\u00e9es"},"content":{"rendered":"<p>La commune de Chantepie (Ille-et-Vilaine) a rejoint la charte Monalisa (Mobilisation nationale contre l\u2019isolement des personnes \u00e2g\u00e9es). Le dispositif r\u00e9unit des professionnels et des b\u00e9n\u00e9voles autour\u00a0de l\u2019isolement social des seniors. Par l\u2019adh\u00e9sion \u00e0 cette charte, le CCAS (Centre communale d\u2019action sociale) affirme sa volont\u00e9 de renforcer les actions d\u00e9j\u00e0 engag\u00e9es en direction des personnes \u00e2g\u00e9es. <strong> <strong>\u00a0Chantepie est confront\u00e9e, comme les autres communes, au vieillissement de sa population<\/strong><\/strong>, reconnaissait Gilles Dreuslin.<strong>\u00a0Nous avons lanc\u00e9 des actions ponctuelles en p\u00e9riode de canicule. Sur un plan convivial, tout au long de l\u2019ann\u00e9e, nous organisons des repas \u00e0 l\u2019intention de nos anciens, repas auxquels participent des \u00e9lus. Mais nous voulons faire plus. D\u2019o\u00f9 la signature de cette charte.\u00a0\u00bb<\/strong><\/p>\n<p>La commune recevra le soutien de l\u2019UDCCAS (Union d\u00e9partementale des CCAS). <strong> <strong>\u00a0Nous suivons et soutenons les efforts des commune<\/strong><\/strong>s, expliquait B\u00e9rang\u00e8re Turmel, coordinatrice. D <strong>eux\u00a0r\u00e9unions annuelles auxquelles sont convi\u00e9s des professionnels, b\u00e9n\u00e9voles et \u00e9lus sont l\u2019occasion de faire le point des actions engag\u00e9es, d\u2019\u00e9changer nos exp\u00e9riences et de cr\u00e9er une synergie.<\/strong>\u00a0\u00bb<\/p>\n<p><strong>Rejoindre l\u2019\u00e9quipe de Chantepie<\/strong><\/p>\n<p>Concr\u00e8tement, sur le terrain, le CCAS<strong>\u00a0<\/strong>engage<strong>\u00a0<\/strong>une campagne de mobilisation citoyenne afin de constituer une \u00e9quipe de b\u00e9n\u00e9voles en charge de la lutte contre l\u2019isolement, voire l\u2019exclusion des seniors. Jeanne Gavaland, responsable du CCAS \u00e9num\u00e8re les diff\u00e9rentes actions\u00a0: <strong> <strong>\u00a0En premier lieu, il faut identifier les personnes isol\u00e9es. Ce sont souvent les enfants qui attirent notre attention, parfois les voisins.\u00a0Il s\u2019agira de r\u00e9aliser des visites de courtoisie \u00e0 domicile, d\u2019offrir des coups de main ponctuels, d\u2019\u00eatre \u00e0 l\u2019\u00e9coute. Des temps d\u2019\u00e9change entre b\u00e9n\u00e9voles et partenaires sont pr\u00e9vus, ainsi que la tenue d\u2019ateliers collectifs<\/strong><\/strong>.\u00a0\u00bb<\/p>\n<p>Une r\u00e9union d\u2019information aura lieu le jeudi 11\u00a0septembre 2025, de 15\u00a0h\u00a0\u00e0 17\u00a0h \u00e0 la salle Pierre Four\u00e9 de la Maison pour tous \u00e0 Chantepie. L\u2019\u00e9quipe de Vern-sur-Seiche (Ille-et-Vilaine), d\u00e9j\u00e0 engag\u00e9e dans le dispositif Monalisa viendra y pr\u00e9senter ses actions concr\u00e8tes. <strong> <strong>\u00a0La r\u00e9union est ouverte \u00e0 toutes et \u00e0 tous, sans condition d\u2019\u00e2ge\u00a0\u00bb <\/strong><\/strong>pr\u00e9cise la responsable du CCAS de Chantepie.<\/p>\n<p><strong>Contact CCAS Chantepie<\/strong>\u00a0: par t\u00e9l. 02\u00a099\u00a041\u00a005\u00a027<\/p>\n<p>\u00a0<\/p>\n","protected":false},"excerpt":{"rendered":"La commune de Chantepie (Ille-et-Vilaine) a rejoint la charte Monalisa (Mobilisation nationale contre l\u2019isolement des personnes \u00e2g\u00e9es). Le&hellip;\n","protected":false},"author":2,"featured_media":248240,"comment_status":"","ping_status":"","sticky":false,"template":"","format":"standard","meta":{"footnotes":""},"categories":[2821],"tags":[1111,11,38867,4526,829,12790,9119,1777,674,1011,27,27179,38868,12,3744,584,25],"class_list":{"0":"post-248239","1":"post","2":"type-post","3":"status-publish","4":"format-standard","5":"has-post-thumbnail","7":"category-rennes","8":"tag-actu","9":"tag-actualites","10":"tag-adhere","11":"tag-aide","12":"tag-bretagne","13":"tag-chantepie","14":"tag-dispositif","15":"tag-eu","16":"tag-europe","17":"tag-fr","18":"tag-france","19":"tag-isolees","20":"tag-monalisa","21":"tag-news","22":"tag-personnes","23":"tag-rennes","24":"tag-republique-francaise"},"share_on_mastodon":{"url":"https:\/\/pubeurope.com\/@fr\/114848720733600143","error":""},"_links":{"self":[{"href":"https:\/\/www.europesays.com\/fr\/wp-json\/wp\/v2\/posts\/248239","targetHints":{"allow":["GET"]}}],"collection":[{"href":"https:\/\/www.europesays.com\/fr\/wp-json\/wp\/v2\/posts"}],"about":[{"href":"https:\/\/www.europesays.com\/fr\/wp-json\/wp\/v2\/types\/post"}],"author":[{"embeddable":true,"href":"https:\/\/www.europesays.com\/fr\/wp-json\/wp\/v2\/users\/2"}],"replies":[{"embeddable":true,"href":"https:\/\/www.europesays.com\/fr\/wp-json\/wp\/v2\/comments?post=248239"}],"version-history":[{"count":0,"href":"https:\/\/www.europesays.com\/fr\/wp-json\/wp\/v2\/posts\/248239\/revisions"}],"wp:featuredmedia":[{"embeddable":true,"href":"https:\/\/www.europesays.com\/fr\/wp-json\/wp\/v2\/media\/248240"}],"wp:attachment":[{"href":"https:\/\/www.europesays.com\/fr\/wp-json\/wp\/v2\/media?parent=248239"}],"wp:term":[{"taxonomy":"category","embeddable":true,"href":"https:\/\/www.europesays.com\/fr\/wp-json\/wp\/v2\/categories?post=248239"},{"taxonomy":"post_tag","embeddable":true,"href":"https:\/\/www.europesays.com\/fr\/wp-json\/wp\/v2\/tags?post=248239"}],"curies":[{"name":"wp","href":"https:\/\/api.w.org\/{rel}","templated":true}]}}