{"id":248252,"date":"2025-07-14T00:25:21","date_gmt":"2025-07-14T00:25:21","guid":{"rendered":"https:\/\/www.europesays.com\/fr\/248252\/"},"modified":"2025-07-14T00:25:21","modified_gmt":"2025-07-14T00:25:21","slug":"une-nouvelle-maison-daccueil-pour-les-plus-vulnerables-a-nantes","status":"publish","type":"post","link":"https:\/\/www.europesays.com\/fr\/248252\/","title":{"rendered":"Une nouvelle maison d\u2019accueil pour les plus vuln\u00e9rables \u00e0 Nantes"},"content":{"rendered":"<p>Ce nouvel \u00e9quipement de 300\u00a0m\u00b2 sur deux niveaux, avec un jardin de 400\u00a0m\u00b2, remplace l\u2019ancienne structure devenue inadapt\u00e9e. Il a \u00e9t\u00e9 con\u00e7u pour offrir de meilleures conditions d\u2019accueil aux usagers et aux professionnels de l\u2019association Anef-Ferrer, gestionnaire du lieu depuis 30\u00a0ans.<\/p>\n<p>\u00ab\u00a0Ce lieu de r\u00e9pita \u00e9t\u00e9 pens\u00e9 pour offrirun meilleur accueil\u00a0\u00bb<\/p>\n<p>La <a href=\"https:\/\/www.anef-ferrer.fr\/actions-daccueil-et-de-veille-sociale\/maison-daccueil-de-jour\/\" target=\"_self\" rel=\"noopener\">maison Fran\u00e7oise Seligmann<\/a> accueille sans condition les hommes et femmes majeurs sans domicile. Elle offre un espace de r\u00e9pit autour d\u2019un caf\u00e9, ainsi qu\u2019un accompagnement social, un service de domiciliation, des rendez-vous sant\u00e9 avec une infirmi\u00e8re, la consultation du courrier et des ateliers collectifs.<\/p>\n<p>Port\u00e9 par la Ville de Nantes, avec le soutien de l\u2019\u00c9tat, du D\u00e9partement et de l\u2019ADEME, le projet a mobilis\u00e9 2,4\u00a0millions d\u2019euros. Il s\u2019inscrit aussi dans une d\u00e9marche \u00e9cologique ambitieuse\u00a0: \u00e9co-construction, mat\u00e9riaux biosourc\u00e9s, panneaux solaires et v\u00e9g\u00e9talisation.<\/p>\n<p>\u00a0Ce lieu de r\u00e9pit a \u00e9t\u00e9 pens\u00e9 pour faire face aux fortes chaleurs et offrir un meilleur accueil\u00a0, a soulign\u00e9 Johanna Rolland, maire de Nantes, rappelant que ce nouvel espace s\u2019int\u00e8gre dans un r\u00e9seau solidaire renforc\u00e9 depuis 2020, aux c\u00f4t\u00e9s de l\u2019espace Agn\u00e8s Varda, des 5\u00a0Ponts et de l\u2019accueil familles.<\/p>\n<p>L\u2019\u00c9tat, repr\u00e9sent\u00e9 par Tom Follet, sous-pr\u00e9fet charg\u00e9 de la coh\u00e9sion sociale, a rappel\u00e9 que ce lieu \u00a0d\u00e9passe le simple centre d\u2019accueil, r\u00e9tablit le lien social et oriente vers des solutions durables\u00a0.<\/p>\n<p>M\u00eame regard du D\u00e9partement de Loire-Atlantique, dont le vice-pr\u00e9sident J\u00e9r\u00f4me Alemany a salu\u00e9 \u00a0un espace de dignit\u00e9 o\u00f9 chacun est \u00e9cout\u00e9 et respect\u00e9\u00a0.<\/p>\n<p>Cette nouvelle structure, qui en remplace une autre, est ouverte depuis le 16\u00a0juin. Dans l\u2019ancienne structure, la maison d\u2019accueil a enregistr\u00e9 plus de 6\u00a0500\u00a0passages en 2024. Les usagers saluent la qualit\u00e9 des lieux, la luminosit\u00e9 et la s\u00e9curit\u00e9. Un vrai soulagement aussi pour les \u00e9quipes de l\u2019Anef-Ferrer, longtemps \u00e0 l\u2019\u00e9troit dans l\u2019ancien local.<\/p>\n<p>Ce dernier, situ\u00e9 juste \u00e0 c\u00f4t\u00e9, entre dans le cadre de la 3e \u00e9dition de l\u2019appel \u00e0 projets Lieux \u00e0 r\u00e9inventer. Deux propositions citoyennes seront soumises au vote des Nantais du 12\u00a0septembre au 12\u00a0octobre.<\/p>\n<p>Avec ce nouvel \u00e9quipement, Nantes renforce son engagement aupr\u00e8s des plus d\u00e9munis. Il compl\u00e8te un dispositif solidaire qui va des accueils de jour saisonniers \u00e0 la gestion de plus de 1\u00a0600\u00a0places d\u2019h\u00e9bergement chaque soir, en lien avec de nombreuses associations locales.<\/p>\n<p>Sans rendez-vous<\/p>\n<p>La maison Fran\u00e7oise Seligmann, 4,\u00a0rue Francisco-Ferrer, est accessible via le tram ligne 1 (arr\u00eat Moutonnerie). L\u2019accueil collectif sans rendez-vous se fait lundi, mardi, jeudi et vendredi de 10\u00a0h \u00e0 12\u00a0h. Les accueils individuels ont lieu sur rendez-vous l\u2019apr\u00e8s-midi. La distribution du courrier a lieu chaque matin. Plus d\u2019infos sur metropole.nantes.fr\/urgence-sociale ou au 02\u00a040\u00a029\u00a021\u00a000.<\/p>\n<p>\u00a0<\/p>\n","protected":false},"excerpt":{"rendered":"Ce nouvel \u00e9quipement de 300\u00a0m\u00b2 sur deux niveaux, avec un jardin de 400\u00a0m\u00b2, remplace l\u2019ancienne structure devenue inadapt\u00e9e.&hellip;\n","protected":false},"author":2,"featured_media":248253,"comment_status":"","ping_status":"","sticky":false,"template":"","format":"standard","meta":{"footnotes":""},"categories":[2818],"tags":[14073,1111,11,1777,674,1011,27,2142,766,12,2043,2636,25,38872],"class_list":{"0":"post-248252","1":"post","2":"type-post","3":"status-publish","4":"format-standard","5":"has-post-thumbnail","7":"category-nantes","8":"tag-accueil","9":"tag-actu","10":"tag-actualites","11":"tag-eu","12":"tag-europe","13":"tag-fr","14":"tag-france","15":"tag-maison","16":"tag-nantes","17":"tag-news","18":"tag-nouvelle","19":"tag-pays-de-la-loire","20":"tag-republique-francaise","21":"tag-vulnerables"},"share_on_mastodon":{"url":"https:\/\/pubeurope.com\/@fr\/114848748192728248","error":""},"_links":{"self":[{"href":"https:\/\/www.europesays.com\/fr\/wp-json\/wp\/v2\/posts\/248252","targetHints":{"allow":["GET"]}}],"collection":[{"href":"https:\/\/www.europesays.com\/fr\/wp-json\/wp\/v2\/posts"}],"about":[{"href":"https:\/\/www.europesays.com\/fr\/wp-json\/wp\/v2\/types\/post"}],"author":[{"embeddable":true,"href":"https:\/\/www.europesays.com\/fr\/wp-json\/wp\/v2\/users\/2"}],"replies":[{"embeddable":true,"href":"https:\/\/www.europesays.com\/fr\/wp-json\/wp\/v2\/comments?post=248252"}],"version-history":[{"count":0,"href":"https:\/\/www.europesays.com\/fr\/wp-json\/wp\/v2\/posts\/248252\/revisions"}],"wp:featuredmedia":[{"embeddable":true,"href":"https:\/\/www.europesays.com\/fr\/wp-json\/wp\/v2\/media\/248253"}],"wp:attachment":[{"href":"https:\/\/www.europesays.com\/fr\/wp-json\/wp\/v2\/media?parent=248252"}],"wp:term":[{"taxonomy":"category","embeddable":true,"href":"https:\/\/www.europesays.com\/fr\/wp-json\/wp\/v2\/categories?post=248252"},{"taxonomy":"post_tag","embeddable":true,"href":"https:\/\/www.europesays.com\/fr\/wp-json\/wp\/v2\/tags?post=248252"}],"curies":[{"name":"wp","href":"https:\/\/api.w.org\/{rel}","templated":true}]}}