{"id":24826,"date":"2025-04-14T17:48:09","date_gmt":"2025-04-14T17:48:09","guid":{"rendered":"https:\/\/www.europesays.com\/fr\/24826\/"},"modified":"2025-04-14T17:48:09","modified_gmt":"2025-04-14T17:48:09","slug":"crise-france-algerie-alger-expulse-douze-agents-de-lambassade-de-france","status":"publish","type":"post","link":"https:\/\/www.europesays.com\/fr\/24826\/","title":{"rendered":"Crise France-Alg\u00e9rie : Alger expulse douze agents de l\u2019ambassade de France"},"content":{"rendered":"<p class=\"editorJs-text mb-5\">Les autorit\u00e9s alg\u00e9riennes ont demand\u00e9 \u00e0 douze agents de l\u2019ambassade de France de quitter le territoire, a annonc\u00e9 lundi 14\u00a0avril le chef de la diplomatie fran\u00e7aise, pr\u00e9cisant que cette d\u00e9cision \u00e9tait une r\u00e9ponse \u00e0 l\u2019arrestation de trois ressortissants alg\u00e9riens en France.<\/p>\n<p class=\"editorJs-text mb-5\">Paris s\u2019est dit pr\u00eat \u00e0 des repr\u00e9sailles imm\u00e9diates si Alger expulse ses agents.\u00a0\u00ab\u00a0Je demande aux autorit\u00e9s alg\u00e9riennes de renoncer \u00e0 ces mesures d\u2019expulsion sans lien avec la proc\u00e9dure judiciaire en cours\u00a0\u00bb, a dit Jean-No\u00ebl Barrot dans une d\u00e9claration \u00e9crite transmise \u00e0 des journalistes.\u00a0\u00ab\u00a0Si la d\u00e9cision de renvoyer nos agents \u00e9tait maintenue, nous n\u2019aurons d\u2019autre choix que d\u2019y r\u00e9pondre imm\u00e9diatement\u00a0\u00bb, a-t-il ajout\u00e9.<\/p>\n<p>    Regain de tensions entre Paris et Alger<\/p>\n<p class=\"editorJs-text mb-5\">Parmi les onze agents qu\u2019Alger souhaite expulser, certains sont fonctionnaires du minist\u00e8re de l\u2019Int\u00e9rieur, a indiqu\u00e9 une source diplomatique.<\/p>\n<p class=\"editorJs-text mb-5\">Une semaine jour pour jour apr\u00e8s le d\u00e9placement du chef de la diplomatie fran\u00e7aise \u00e0 Alger, la r\u00e9conciliation entre la France et l\u2019Alg\u00e9rie est d\u00e9j\u00e0 mise \u00e0 l\u2019\u00e9preuve avec la d\u00e9tention d\u2019un agent consulaire alg\u00e9rien en France qui a suscit\u00e9 l\u2019ire des autorit\u00e9s alg\u00e9riennes.<\/p>\n<p class=\"editorJs-text mb-5\">Le minist\u00e8re alg\u00e9rien des affaires \u00e9trang\u00e8res a tonn\u00e9 samedi soir contre\u00a0\u00ab\u00a0ce nouveau d\u00e9veloppement inadmissible et inqualifiable (qui) causera un grand dommage aux relations alg\u00e9ro-fran\u00e7aises\u00a0\u00bb. Il s\u2019est engag\u00e9 \u00e0 ne pas\u00a0\u00ab\u00a0laisser cette situation sans cons\u00e9quences\u00a0\u00bb\u00a0et a\u00a0\u00ab\u00a0re\u00e7u\u00a0\u00bb\u00a0d\u00e8s samedi l\u2019ambassadeur de France en Alg\u00e9rie, St\u00e9phane Romatet, pour\u00a0\u00ab\u00a0exprimer (s) a vive protestation\u00a0\u00bb.<\/p>\n<p class=\"editorJs-text mb-5\">Ces propos contrastent avec l\u2019annonce, la semaine derni\u00e8re par le ministre fran\u00e7ais des affaires \u00e9trang\u00e8res Jean-No\u00ebl Barrot, d\u2019\u00ab\u00a0une nouvelle phase\u00a0\u00bb\u00a0pour les relations entre Paris et Alger,\u00a0\u00e0 l\u2019issue d\u2019un entretien avec son homologue Ahmed Attaf et surtout avec le pr\u00e9sident alg\u00e9rien Abdelmadjid Tebboune.<\/p>\n<p class=\"editorJs-text mb-5\">Le pr\u00e9sident fran\u00e7ais Emmanuel Macron et Abdelmadjid Tebboune avaient act\u00e9 quelques jours auparavant la fin d\u2019une crise d\u2019une intensit\u00e9 rare, qui avait conduit les deux pays au bord de la rupture diplomatique.<\/p>\n<p class=\"editorJs-text mb-5\">Trois hommes, dont l\u2019un employ\u00e9 dans l\u2019un des consulats d\u2019Alg\u00e9rie en France,\u00a0ont \u00e9t\u00e9 mis en examen vendredi \u00e0 Paris\u00a0pour arrestation, enl\u00e8vement, s\u00e9questration ou d\u00e9tention arbitraire suivie de lib\u00e9ration avant le 7e jour, en relation avec une entreprise terroriste, selon le parquet national antiterroriste (Pnat) fran\u00e7ais.<\/p>\n<p class=\"editorJs-text mb-5\">Dans cette affaire qui concerne l\u2019opposant au r\u00e9gime alg\u00e9rien Amir Boukhors, influenceur surnomm\u00e9 Amir DZ, ces hommes sont aussi poursuivis pour association de malfaiteurs terroriste criminelle. Ils ont \u00e9t\u00e9 plac\u00e9s en d\u00e9tention provisoire.<\/p>\n<p class=\"editorJs-text mb-5\">\u00ab\u00a0Nous ne commentons pas une enqu\u00eate en cours. L\u2019autorit\u00e9 judiciaire, qui agit en toute ind\u00e9pendance, est seule comp\u00e9tente pour se prononcer\u00a0\u00bb, a d\u00e9clar\u00e9 une source diplomatique fran\u00e7aise dimanche.\u00a0\u00ab\u00a0L\u2019enl\u00e8vement est av\u00e9r\u00e9 y compris par un individu qui travaille \u00e0 Cr\u00e9teil au consulat g\u00e9n\u00e9ral d\u2019Alg\u00e9rie\u00a0\u00bb, a r\u00e9agi pour sa part le ministre fran\u00e7ais de l\u2019int\u00e9rieur Bruno Retailleau, interrog\u00e9 sur la cha\u00eene LCI.<\/p>\n<p class=\"editorJs-text mb-5\">Il s\u2019est en revanche montr\u00e9 prudent sur une \u00e9ventuelle ing\u00e9rence des autorit\u00e9s alg\u00e9riennes.\u00a0\u00ab\u00a0Le lien avec le pays n\u2019est pas av\u00e9r\u00e9\u00a0\u00bb, a-t-il dit tout en soulignant que cette affaire \u00e9tait\u00a0\u00ab\u00a0grave\u00a0\u00bb.\u00a0\u00ab\u00a0Nous sommes un pays souverain et nous entendons que sur le sol fran\u00e7ais nos r\u00e8gles soient respect\u00e9es\u00a0\u00bb.<\/p>\n<p class=\"editorJs-text mb-5\">Aupr\u00e8s de l\u2019ambassadeur fran\u00e7ais, Alger avait protest\u00e9 samedi soir sur\u00a0\u00ab\u00a0la forme\u00a0\u00bb\u00a0et sur\u00a0\u00ab\u00a0le fond\u00a0\u00bb\u00a0de l\u2019affaire, reprochant notamment l\u2019absence de\u00a0\u00ab\u00a0notification par le canal diplomatique\u00a0\u00bb.<\/p>\n<p>    \u00ab\u00a0Argumentaire vermoulu\u00a0\u00bb<\/p>\n<p class=\"editorJs-text mb-5\">De plus, le minist\u00e8re alg\u00e9rien des affaires \u00e9trang\u00e8res a d\u00e9nonc\u00e9\u00a0\u00ab\u00a0l\u2019argumentaire vermoulu et farfelu\u00a0\u00bb\u00a0du minist\u00e8re de l\u2019int\u00e9rieur fran\u00e7ais, fustigeant une\u00a0\u00ab\u00a0cabale judiciaire inadmissible\u00a0\u00bb\u00a0reposant\u00a0\u00ab\u00a0sur le seul fait que le t\u00e9l\u00e9phone mobile de l\u2019agent consulaire inculp\u00e9 aurait born\u00e9 autour de l\u2019adresse du domicile de l\u2019\u00e9nergum\u00e8ne\u00a0\u00bb\u00a0Amir Boukhors.<\/p>\n<p class=\"editorJs-text mb-5\">Cet influenceur alg\u00e9rien, qui vit depuis 2016 en France, y a obtenu l\u2019asile politique en 2023. Son pays le r\u00e9clame pour le juger. Alger a \u00e9mis neuf mandats d\u2019arr\u00eat internationaux \u00e0 son encontre, l\u2019accusant d\u2019escroquerie et d\u2019infractions terroristes. En 2022, la justice fran\u00e7aise a refus\u00e9 son extradition.<\/p>\n<p class=\"editorJs-text mb-5\">\u00c2g\u00e9 de 41\u00a0ans et suivi par plus d\u2019un million d\u2019abonn\u00e9s sur TikTok, Amir DZ a \u00e9t\u00e9 la cible\u00a0\u00ab\u00a0de deux agressions graves, une en 2022 et une autre dans la soir\u00e9e du 29\u00a0avril 2024\u00a0\u00bb, jour de son enl\u00e8vement en banlieue sud de Paris (Val-de-Marne), avant d\u2019\u00eatre rel\u00e2ch\u00e9 le lendemain, selon son avocat Eric Plouvier.<\/p>\n<p class=\"editorJs-text mb-5\">\u00c0 la suite des mises en examen des trois hommes, dont l\u2019agent consulaire, Me Plouvier a parl\u00e9 d\u2019une\u00a0\u00ab\u00a0affaire d\u2019\u00c9tat\u00a0\u00bb\u00a0et le\u00a0ministre fran\u00e7ais de l\u2019int\u00e9rieur Bruno Retailleau\u00a0avait \u00e9voqu\u00e9\u00a0\u00ab\u00a0peut-\u00eatre\u00a0\u00bb\u00a0un\u00a0\u00ab\u00a0acte d\u2019ing\u00e9rence \u00e9trang\u00e8re\u00a0\u00bb.<\/p>\n<p class=\"editorJs-text mb-5\">Pour le minist\u00e8re alg\u00e9rien des affaires \u00e9trang\u00e8res,\u00a0\u00ab\u00a0ce tournant judiciaire, in\u00e9dit dans les annales des relations alg\u00e9ro-fran\u00e7aises, n\u2019est pas le fruit du hasard\u00a0\u00bb. Il se produit\u00a0\u00ab\u00a0\u00e0 des fins de torpillage du processus de relance des relations bilat\u00e9rales convenu entre les deux chefs d\u2019\u00c9tat lors de leur r\u00e9cent entretien t\u00e9l\u00e9phonique\u00a0\u00bb, a d\u00e9plor\u00e9 ce minist\u00e8re, en exigeant la lib\u00e9ration\u00a0\u00ab\u00a0imm\u00e9diate\u00a0\u00bb\u00a0de son agent consulaire. Alger insiste sur l\u2019immunit\u00e9 diplomatique de cet agent, mais selon une source fran\u00e7aise proche du dossier, celui-ci dispose d\u2019un passeport de service et non d\u2019un passeport diplomatique.<\/p>\n<p class=\"editorJs-text mb-5\">Cette affaire intervient alors que la France a appel\u00e9 \u00e0 un geste de cl\u00e9mence pour faire lib\u00e9rer\u00a0l\u2019\u00e9crivain franco-alg\u00e9rien Boualem Sansal, condamn\u00e9 en Alg\u00e9rie \u00e0 cinq ans de prison notamment pour atteinte \u00e0 l\u2019int\u00e9grit\u00e9 du territoire.<\/p>\n","protected":false},"excerpt":{"rendered":"Les autorit\u00e9s alg\u00e9riennes ont demand\u00e9 \u00e0 douze agents de l\u2019ambassade de France de quitter le territoire, a annonc\u00e9&hellip;\n","protected":false},"author":2,"featured_media":24827,"comment_status":"","ping_status":"","sticky":false,"template":"","format":"standard","meta":{"footnotes":""},"categories":[4],"tags":[11,15,352,312,1011,27,12,25],"class_list":{"0":"post-24826","1":"post","2":"type-post","3":"status-publish","4":"format-standard","5":"has-post-thumbnail","7":"category-france","8":"tag-actualites","9":"tag-algerie","10":"tag-crise","11":"tag-diplomatie","12":"tag-fr","13":"tag-france","14":"tag-news","15":"tag-republique-francaise"},"share_on_mastodon":{"url":"https:\/\/pubeurope.com\/@fr\/114337580231043646","error":""},"_links":{"self":[{"href":"https:\/\/www.europesays.com\/fr\/wp-json\/wp\/v2\/posts\/24826","targetHints":{"allow":["GET"]}}],"collection":[{"href":"https:\/\/www.europesays.com\/fr\/wp-json\/wp\/v2\/posts"}],"about":[{"href":"https:\/\/www.europesays.com\/fr\/wp-json\/wp\/v2\/types\/post"}],"author":[{"embeddable":true,"href":"https:\/\/www.europesays.com\/fr\/wp-json\/wp\/v2\/users\/2"}],"replies":[{"embeddable":true,"href":"https:\/\/www.europesays.com\/fr\/wp-json\/wp\/v2\/comments?post=24826"}],"version-history":[{"count":0,"href":"https:\/\/www.europesays.com\/fr\/wp-json\/wp\/v2\/posts\/24826\/revisions"}],"wp:featuredmedia":[{"embeddable":true,"href":"https:\/\/www.europesays.com\/fr\/wp-json\/wp\/v2\/media\/24827"}],"wp:attachment":[{"href":"https:\/\/www.europesays.com\/fr\/wp-json\/wp\/v2\/media?parent=24826"}],"wp:term":[{"taxonomy":"category","embeddable":true,"href":"https:\/\/www.europesays.com\/fr\/wp-json\/wp\/v2\/categories?post=24826"},{"taxonomy":"post_tag","embeddable":true,"href":"https:\/\/www.europesays.com\/fr\/wp-json\/wp\/v2\/tags?post=24826"}],"curies":[{"name":"wp","href":"https:\/\/api.w.org\/{rel}","templated":true}]}}