{"id":248265,"date":"2025-07-14T00:34:21","date_gmt":"2025-07-14T00:34:21","guid":{"rendered":"https:\/\/www.europesays.com\/fr\/248265\/"},"modified":"2025-07-14T00:34:21","modified_gmt":"2025-07-14T00:34:21","slug":"lyon-ce-collectif-veut-fermer-le-zoo-du-parc-de-la-tete-dor-et-attaque-gregory-doucet","status":"publish","type":"post","link":"https:\/\/www.europesays.com\/fr\/248265\/","title":{"rendered":"Lyon. Ce collectif veut fermer le Zoo du parc de la T\u00eate d&rsquo;Or et attaque Gr\u00e9gory Doucet"},"content":{"rendered":"<p>            Par<br \/>\n        <strong><br \/>\n            <a href=\"https:\/\/actu.fr\/auteur\/julien-damboise\" title=\"Consulter tous les articles de Julien Damboise\" target=\"_blank\" rel=\"noopener\">Julien Damboise<\/a><br \/>\n        <\/strong><\/p>\n<p>        Publi\u00e9 le<\/p>\n<p>            13 juil. 2025 \u00e0 6h04        <\/p>\n<p>Le collectif <strong>PAZ<\/strong> (Projet animaux zoopolis) est depuis longtemps farouchement oppos\u00e9 au maintien du Zoo de <a href=\"https:\/\/actu.fr\/auvergne-rhone-alpes\/lyon_69123\" target=\"_blank\" rel=\"noopener\">Lyon<\/a> au sein du parc de la T\u00eate d\u2019Or, r\u00e9clamant sa <strong>fermeture<\/strong>. Le maire \u00e9cologiste de la ville, <a href=\"https:\/\/actu.fr\/tag\/gregory-doucet\" target=\"_blank\" rel=\"noopener\">Gr\u00e9gory Doucet<\/a>, est particuli\u00e8rement <strong>cibl\u00e9 par les militants<\/strong> qui lui reprochent de revenir sur ses paroles.<\/p>\n<p>Gr\u00e9gory Doucet cibl\u00e9<\/p>\n<p class=\" wall-content\">Alors qu\u2019une <a href=\"https:\/\/actu.fr\/auvergne-rhone-alpes\/lyon_69123\/lyon-vers-une-fermeture-du-zoo-un-sondage-inedit-revele-l-avis-tranche-des-lyonnais_62454191.html\" target=\"_blank\" rel=\"noopener\">\u00e9tude de l\u2019IFOP<\/a> r\u00e9v\u00e9lait en avril dernier que 56 % des Lyonnais sont \u00ab favorables \u00e0 la fermeture du zoo de Lyon et au <strong>placement des animaux<\/strong> dans des sanctuaires \u00bb, l\u2019association PAZ en veut au maire \u00e9cologiste de Lyon Gr\u00e9gory Doucet.<\/p>\n<blockquote class=\"tiktok-embed\" cite=\"https:\/\/www.tiktok.com\/@actulyon\/video\/7526481139687607574\" data-video-id=\"7526481139687607574\" data-embed-from=\"oembed\" style=\"max-width:605px; min-width:325px;\"><p>\n<a target=\"_blank\" title=\"@actulyon\" href=\"https:\/\/www.tiktok.com\/@actulyon?refer=embed\" rel=\"noopener\">@actulyon<\/a> <\/p>\n<p>\ud83d\udc12\ud83e\udd9c\ud83e\udd92 Des d\u00e9fenseurs de la cause animale r\u00e9clament la fermeture du Zoo de Lyon, au parc de la T\u00eate d\u2019Or, voici pourquoi.  <a title=\"animal\" target=\"_blank\" href=\"https:\/\/www.tiktok.com\/tag\/animal?refer=embed\" rel=\"noopener\">#animal<\/a> <a title=\"zoo\" target=\"_blank\" href=\"https:\/\/www.tiktok.com\/tag\/zoo?refer=embed\" rel=\"noopener\">#zoo<\/a> <a title=\"paz\" target=\"_blank\" href=\"https:\/\/www.tiktok.com\/tag\/paz?refer=embed\" rel=\"noopener\">#paz<\/a> <a title=\"lyon\" target=\"_blank\" href=\"https:\/\/www.tiktok.com\/tag\/lyon?refer=embed\" rel=\"noopener\">#lyon<\/a> <\/p>\n<p> <a target=\"_blank\" title=\"\u266c 7 years\uff08\u7eaf\u97f3\u4e50\uff09 - QAQmusic\" href=\"https:\/\/www.tiktok.com\/music\/7-years%E7%BA%AF%E9%9F%B3%E4%B9%90-7516469893588437042?refer=embed\" rel=\"noopener\">\u266c 7 years\uff08\u7eaf\u97f3\u4e50\uff09 \u2013 QAQmusic<\/a> <\/p>\n<\/blockquote>\n<blockquote class=\"ac-article-quote wall-content\">\n<p>Lorsqu&rsquo;on se targue de promouvoir le bien-\u00eatre animal, avoir des animaux mutil\u00e9s dans un zoo ou m\u00eame des cages, c&rsquo;est tout \u00e0 fait contradictoire. En 2020, Gr\u00e9gory Doucet, lorsqu&rsquo;il \u00e9tait candidat, avait bien dit que la place des animaux sauvages n&rsquo;\u00e9taient pas dans les enclos. On ne peut pas dire que lorsqu&rsquo;on enferme des animaux dans des cages, on contribue \u00e0 la pr\u00e9servation des esp\u00e8ces. C&rsquo;est faux, enfermer un sp\u00e9cimen ici ne fait rien l\u00e0-bas.<\/p>\n<p>    <strong>Camille<\/strong><br \/>\n        Association PAZ    <\/p><\/blockquote>\n<p class=\" wall-content\">La municipalit\u00e9 \u00ab\u00a0fait m\u00eame <strong>marche arri\u00e8re<\/strong>, en disant d\u2019abord qu\u2019ils ne pouvaient pas fermer le zoo, car il n\u2019y avait pas de place en sanctuaire, or des places, nous en avons propos\u00e9 ! Deuxi\u00e8mement, ils ont continu\u00e9 les acquisitions, donc pas du tout dans un processus de fermeture\u00a0\u00bb, poursuit Camille.<\/p>\n<p class=\" wall-content\">Pour \u00e9tayer leurs propos, les d\u00e9fenseurs de la cause animale prennent des exemples concrets.<\/p>\n<p>    <img   decoding=\"async\" loading=\"lazy\" src=\"https:\/\/www.europesays.com\/fr\/wp-content\/uploads\/2025\/07\/zoo-parc-de-la-tete-dor-lyon-960x640.jpg\" alt=\"Le zoo du parc de la T\u00eate d'or ne fermera pas insiste la mairie de Lyon.\" width=\"960\" height=\"640\"\/><br \/>\n    Le zoo du parc de la T\u00eate d\u2019or ne fermera pas, selon la mairie de Lyon. (\u00a9Nicolas Zaugra\/ actu Lyon)\u00ab\u00a0Des cages trop petites\u00a0\u00bb<\/p>\n<p class=\" wall-content\">L\u2019espace for\u00eat d\u2019Asie ? \u00ab\u00a0Un espace qui a co\u00fbt\u00e9 <strong>4,7 millions d\u2019euros<\/strong> au contribuable lyonnais, l\u2019entr\u00e9e au zoo n\u2019est pas gratuite\u00a0\u00bb, rappelle PAZ, pour qui cet espace inaugur\u00e9 en 2021 ne respecte pas le bien-\u00eatre des animaux. Exemple avec les gibbons.\u00a0<\/p>\n<p class=\" wall-content\">\u00ab\u00a0Il a une cage qui est bien plus grande que celle des autres singes, on pourrait se dire que c\u2019est d\u00e9j\u00e0 un premier pas. Mais c\u2019est encore beaucoup trop petit. Ce sont des <strong>animaux qui peuvent bondir d\u2019arbre en arbre<\/strong>, en faisant des sauts jusqu\u2019\u00e0 9 m\u00e8tres. Cet enclos qui nous para\u00eet grand, \u00e0 leurs yeux, il est minuscule\u00a0\u00bb, explique la militante de PAZ.<\/p>\n<p class=\" wall-content\">Des inqui\u00e9tudes sont aussi \u00e9mises concernant d\u2019autres esp\u00e8ces embl\u00e9matiques, et dont les probl\u00e9matiques ne sont pas forc\u00e9ment \u00e9videntes.<\/p>\n<p>Les flamants roses mutil\u00e9s ?<\/p>\n<p class=\" wall-content\">\u00ab\u00a0Quand on voit les flamants roses, on peut facilement se dire qu\u2019il n\u2019y a pas de probl\u00e8me : ils ne sont pas dans des cages ou des voli\u00e8res. Ce qu\u2019on ne sait pas, c\u2019est qu\u2019ils sont en cage, avec leur propre corps\u00a0\u00bb, explique Camille.<\/p>\n<p class=\" wall-content\">La jeune femme assure que ces b\u00eates ont subi un \u00ab\u00a0\u00e9jointage\u00a0\u00bb, un proc\u00e9d\u00e9 qui consiste \u00e0 <strong>retirer des plumes<\/strong> qui permettent de voler, soit \u00e0 couper une partie de l\u2019aile. \u00ab\u00a0Une vraie <strong>mutilation<\/strong> qui les prive d\u2019un besoin fondamental.\u00a0\u00bb<\/p>\n<p class=\" wall-content\">PAZ a aussi film\u00e9 des comportements \u00ab\u00a0probl\u00e9matiques qui traduisent le mal-\u00eatre des animaux\u00a0\u00bb, comme en 2019 avec une panth\u00e8re de l\u2019amour en train de tourner en rond dans son enclos.<\/p>\n<p class=\" wall-content\">\n<p>Pas de fermeture<\/p>\n<p class=\" wall-content\">Pour rappel, la municipalit\u00e9 est <strong>totalement ferm\u00e9e<\/strong> \u00e0 l\u2019id\u00e9e de la fin du Zoo de Lyon.\u00a0<\/p>\n<p class=\" wall-content\">Gautier Chapuis, adjoint \u00e0 la Ville de Lyon, <a href=\"https:\/\/actu.fr\/auvergne-rhone-alpes\/lyon_69123\/lyon-gregory-doucet-ne-fermera-pas-le-zoo-de-la-tete-d-or-la-ville-clarifie-sa-position_62751702.html\" target=\"_blank\" rel=\"noopener\">\u00e9tait clair sur actu.fr<\/a> en juin : \u00a0\u00bb Ce n\u2019est pas notre projet de fermer.\u00a0\u00bb Il reconnaissait, n\u00e9anmoins, des <strong>difficult\u00e9s<\/strong> pour respecter la condition animale, \u00ab\u00a0des choses qui se passaient dans ce zoo n\u2019\u00e9taient absolument plus logiques avec ce que l\u2019on portait termes de condition animale\u00a0\u00bb.<\/p>\n<p class=\" wall-content\">L\u2019\u00e9lu assurait qu\u2019il faut ou non d\u00e9placer les b\u00eates dans un autre centre : \u00ab\u00a0Les d\u00e9cisions que l\u2019on prend sont tout le temps centr\u00e9es sur la condition de ces animaux en difficult\u00e9, n\u00e9s en captivit\u00e9 et que l\u2019on ne peut pas rel\u00e2cher dans la nature. Ils ont une histoire, un caract\u00e8re, certains sont vieux. C\u2019est comme nous,<strong> le changement peut le tuer.\u00a0\u00bb<\/strong><\/p>\n<p class=\" wall-content\">Il assurait la cr\u00e9ation prochaine d\u2019un centre de protection. Un discours entendu depuis pr\u00e8s de 10 ans \u00e0 Lyon, rest\u00e9 toujours tr\u00e8s flou.\u00a0<\/p>\n<p class=\" wall-content\">Suivez toute l\u2019actualit\u00e9 de vos villes et m\u00e9dias favoris en vous inscrivant \u00e0 <a href=\"https:\/\/moncompte.actu.fr\" title=\"D\u00e9couvez Mon Actu\" rel=\"nofollow noopener\" data-trk=\"{&quot;cta&quot;:{&quot;action&quot;:&quot;https:\\\/\\\/moncompte.actu.fr&quot;,&quot;category&quot;:&quot;mon compte&quot;,&quot;from&quot;:&quot;article footer&quot;,&quot;name&quot;:&quot;Mon actu&quot;,&quot;type&quot;:&quot;cta&quot;}}\" target=\"_blank\">Mon Actu<\/a>.<\/p>\n<p>                    <script async src=\"\/\/www.tiktok.com\/embed.js\"><\/script><\/p>\n","protected":false},"excerpt":{"rendered":"Par Julien Damboise Publi\u00e9 le 13 juil. 2025 \u00e0 6h04 Le collectif PAZ (Projet animaux zoopolis) est depuis&hellip;\n","protected":false},"author":2,"featured_media":248266,"comment_status":"","ping_status":"","sticky":false,"template":"","format":"standard","meta":{"footnotes":""},"categories":[1889],"tags":[1111,11,1867,2430,1777,674,1011,27,5226,2428,12,13760,25,104],"class_list":{"0":"post-248265","1":"post","2":"type-post","3":"status-publish","4":"format-standard","5":"has-post-thumbnail","7":"category-lyon","8":"tag-actu","9":"tag-actualites","10":"tag-animaux","11":"tag-auvergne-rhone-alpes","12":"tag-eu","13":"tag-europe","14":"tag-fr","15":"tag-france","16":"tag-gregory-doucet","17":"tag-lyon","18":"tag-news","19":"tag-parc-de-la-tete-dor","20":"tag-republique-francaise","21":"tag-societe"},"share_on_mastodon":{"url":"https:\/\/pubeurope.com\/@fr\/114848783697787701","error":""},"_links":{"self":[{"href":"https:\/\/www.europesays.com\/fr\/wp-json\/wp\/v2\/posts\/248265","targetHints":{"allow":["GET"]}}],"collection":[{"href":"https:\/\/www.europesays.com\/fr\/wp-json\/wp\/v2\/posts"}],"about":[{"href":"https:\/\/www.europesays.com\/fr\/wp-json\/wp\/v2\/types\/post"}],"author":[{"embeddable":true,"href":"https:\/\/www.europesays.com\/fr\/wp-json\/wp\/v2\/users\/2"}],"replies":[{"embeddable":true,"href":"https:\/\/www.europesays.com\/fr\/wp-json\/wp\/v2\/comments?post=248265"}],"version-history":[{"count":0,"href":"https:\/\/www.europesays.com\/fr\/wp-json\/wp\/v2\/posts\/248265\/revisions"}],"wp:featuredmedia":[{"embeddable":true,"href":"https:\/\/www.europesays.com\/fr\/wp-json\/wp\/v2\/media\/248266"}],"wp:attachment":[{"href":"https:\/\/www.europesays.com\/fr\/wp-json\/wp\/v2\/media?parent=248265"}],"wp:term":[{"taxonomy":"category","embeddable":true,"href":"https:\/\/www.europesays.com\/fr\/wp-json\/wp\/v2\/categories?post=248265"},{"taxonomy":"post_tag","embeddable":true,"href":"https:\/\/www.europesays.com\/fr\/wp-json\/wp\/v2\/tags?post=248265"}],"curies":[{"name":"wp","href":"https:\/\/api.w.org\/{rel}","templated":true}]}}