{"id":248267,"date":"2025-07-14T00:35:12","date_gmt":"2025-07-14T00:35:12","guid":{"rendered":"https:\/\/www.europesays.com\/fr\/248267\/"},"modified":"2025-07-14T00:35:12","modified_gmt":"2025-07-14T00:35:12","slug":"ce-quon-sait-du-profil-delyazid-a-le-detenu-qui-sest-echappe","status":"publish","type":"post","link":"https:\/\/www.europesays.com\/fr\/248267\/","title":{"rendered":"ce qu\u2019on sait du profil d\u2019Elyazid A., le d\u00e9tenu qui s\u2019est \u00e9chapp\u00e9"},"content":{"rendered":"<p>        <img decoding=\"async\" loading=\"lazy\" src=\"https:\/\/www.europesays.com\/fr\/wp-content\/uploads\/2025\/07\/d25727d_upload-1-ghtkxu2zi6kq-000-1do2f1.jpg\"  width=\"728\" height=\"409\" alt=\"Evasion de la prison de Lyon-Corbas\u00a0: ce qu\u2019on sait du profil d\u2019Elyazid A., le d\u00e9tenu qui s\u2019est \u00e9chapp\u00e9 (Photo de la prison de Lyon-Corbas en 2019)\"\/>  <\/p>\n<p>JEFF PACHOUD \/ AFP<\/p>\n<p>Evasion de la prison de Lyon-Corbas\u00a0: ce qu\u2019on sait du profil d\u2019Elyazid A., le d\u00e9tenu qui s\u2019est \u00e9chapp\u00e9 (Photo de la prison de Lyon-Corbas en 2019)<\/p>\n<p class=\"asset asset-text\">PRISON &#8211; Un d\u00e9tenu de 20 ans, Elyazid A.,  s\u2019est \u00e9vad\u00e9 vendredi <a href=\"https:\/\/www.huffingtonpost.fr\/france\/article\/punaise-de-lit-cellules-indignes-l-etat-des-prisons-francaises-pointe-dans-un-rapport-accablant_233956.html\" target=\"_blank\" rel=\"noopener\" title=\"Nouvelle fen\u00eatre\">de la prison<\/a> de\u00a0Corbas, pr\u00e8s de\u00a0Lyon, en se cachant dans le sac de son cod\u00e9tenu qui, en fin de peine, sortait de l\u2019\u00e9tablissement, a appris l\u2019AFP samedi 13\u00a0juillet de sources concordantes. Depuis ce dimanche 13\u00a0juillet, l\u2019homme fait l\u2019objet d\u2019une\u00a0<a href=\"https:\/\/www.interpol.int\/fr\/Notre-action\/Notices\/Notices-rouges\/Voir-les-notices-rouges#2025-56835\" target=\"_blank\" rel=\"noopener\" title=\"Nouvelle fen\u00eatre\">notice rouge d\u2019Interpol<\/a>, rapportent BFMTV et France T\u00e9l\u00e9visions citant le parquet et <a href=\"https:\/\/www.huffingtonpost.fr\/france\/article\/prison-break-en-quoi-consiste-cette-operation-lancee-dans-les-prisons-francaises_250290.html\" target=\"_blank\" rel=\"noopener\" title=\"Nouvelle fen\u00eatre\">l\u2019administration p\u00e9nitentiaire<\/a>. Il s\u2019agit d\u2019un avis de recherche international adress\u00e9 aux 196\u00a0pays membres de l\u2019organisation.<\/p>\n<p class=\"asset asset-text\">Dans un communiqu\u00e9 transmis \u00e0 l\u2019AFP, l\u2019administration p\u00e9nitentiaire a pr\u00e9cis\u00e9 que le jeune homme, ex\u00e9cutait \u00ab\u00a0plusieurs peines\u00a0\u00bb d\u2019emprisonnement.\u00a0Il a \u00ab\u00a0profit\u00e9 de la lib\u00e9ration de son cod\u00e9tenu pour se dissimuler dans son paquetage et sortir\u00a0\u00bb de la prison, pr\u00e9cise-t-elle, confirmant une information de BFMTV.<\/p>\n<p class=\"asset asset-text\">Elyazid A. est n\u00e9 dans la capitale de Myotte, Mamoudzou. Il faisait l\u2019objet \u00ab\u00a0d\u2019un mandat de d\u00e9p\u00f4t dans le cadre d\u2019une information judiciaire li\u00e9e \u00e0 la criminalit\u00e9 organis\u00e9e\u00a0\u00bb, a indiqu\u00e9 pour sa part \u00e0 l\u2019AFP le parquet de\u00a0Lyon, qui a ouvert une enqu\u00eate pour \u00ab\u00a0\u00e9vasion en bande organis\u00e9e et association de malfaiteurs\u00a0\u00bb.<\/p>\n<p>    \u00ab\u00a0D\u00e9faillances graves\u00a0\u00bb    <\/p>\n<p class=\"asset asset-text\">Une enqu\u00eate a \u00e9t\u00e9 ouverte pour \u00ab\u00a0\u00e9vasion en bande organis\u00e9e et association de malfaiteurs\u00a0\u00bb, et confi\u00e9e \u00e0 la DCOS (ex-police judiciaire) du d\u00e9partement. Cette derni\u00e8re a \u00e9t\u00e9 confi\u00e9e \u00e0 la Division de la criminalit\u00e9 organis\u00e9e et sp\u00e9cialis\u00e9e (DCOS) du Rh\u00f4ne, selon la m\u00eame source.<\/p>\n<p class=\"asset asset-text\">En outre, une enqu\u00eate interne a \u00e9t\u00e9 lanc\u00e9e pour \u00ab\u00a0faire toute la lumi\u00e8re\u00a0\u00bb sur les circonstances de cette \u00e9vasion dont le parquet et les forces de l\u2019ordre ont \u00e9t\u00e9 \u00ab\u00a0imm\u00e9diatement\u00a0\u00bb inform\u00e9s, selon l\u2019administration p\u00e9nitentiaire qui \u00ab\u00a0prendra toutes les mesures disciplinaires qui s\u2019imposent\u00a0\u00bb.<\/p>\n<p class=\"asset asset-text\">S\u00e9bastien Cauwel, directeur de l\u2019administration p\u00e9nitentiaire, a expliqu\u00e9 sur\u00a0<a href=\"https:\/\/www.bfmtv.com\/lyon\/une-accumulation-d-erreurs-l-administration-penitentiaire-reconnait-des-dysfonctionnements-apres-l-evasion-d-un-detenu-pres-de-lyon_AV-202507130172.html?at_brand=BFMTV&amp;at_compte=BFMTV&amp;at_plateforme=twitter&amp;at_campaign=Fan_pages&amp;at_medium=Community_Management\" target=\"_blank\" rel=\"noopener\" title=\"Nouvelle fen\u00eatre\">BFMTV<\/a> qu\u2019il a\u00a0\u00ab\u00a0imm\u00e9diatement\u00a0\u00bb\u00a0demand\u00e9 une enqu\u00eate interne \u00e0 l\u2019\u00e9tablissement. \u00ab\u00a0Il y a eu beaucoup d\u2019erreurs manifestement, des d\u00e9faillances qui sont graves\u00a0\u00bb, a-t-il dit, ajoutant que le ministre de la Justice, G\u00e9rald Darmanin, a demand\u00e9 \u00e0 l\u2019Inspection g\u00e9n\u00e9rale de la justice (IGJ) de mener une mission \u00e0 la maison d\u2019arr\u00eat de Lyon-Corbas.<\/p>\n<p class=\"asset asset-text\">Surtout, il veut faire la lumi\u00e8re sur pourquoi l\u2019alerte a \u00e9t\u00e9 d\u00e9clench\u00e9e seulement 24\u00a0heures apr\u00e8s l\u2019\u00e9vasion.<\/p>\n","protected":false},"excerpt":{"rendered":"JEFF PACHOUD \/ AFP Evasion de la prison de Lyon-Corbas\u00a0: ce qu\u2019on sait du profil d\u2019Elyazid A., le&hellip;\n","protected":false},"author":2,"featured_media":248268,"comment_status":"","ping_status":"","sticky":false,"template":"","format":"standard","meta":{"footnotes":""},"categories":[1889],"tags":[1111,11,2430,1777,674,3727,118,1011,27,2428,12,806,25],"class_list":{"0":"post-248267","1":"post","2":"type-post","3":"status-publish","4":"format-standard","5":"has-post-thumbnail","7":"category-lyon","8":"tag-actu","9":"tag-actualites","10":"tag-auvergne-rhone-alpes","11":"tag-eu","12":"tag-europe","13":"tag-evasion","14":"tag-faits-divers","15":"tag-fr","16":"tag-france","17":"tag-lyon","18":"tag-news","19":"tag-prison","20":"tag-republique-francaise"},"share_on_mastodon":{"url":"https:\/\/pubeurope.com\/@fr\/114848787549730100","error":""},"_links":{"self":[{"href":"https:\/\/www.europesays.com\/fr\/wp-json\/wp\/v2\/posts\/248267","targetHints":{"allow":["GET"]}}],"collection":[{"href":"https:\/\/www.europesays.com\/fr\/wp-json\/wp\/v2\/posts"}],"about":[{"href":"https:\/\/www.europesays.com\/fr\/wp-json\/wp\/v2\/types\/post"}],"author":[{"embeddable":true,"href":"https:\/\/www.europesays.com\/fr\/wp-json\/wp\/v2\/users\/2"}],"replies":[{"embeddable":true,"href":"https:\/\/www.europesays.com\/fr\/wp-json\/wp\/v2\/comments?post=248267"}],"version-history":[{"count":0,"href":"https:\/\/www.europesays.com\/fr\/wp-json\/wp\/v2\/posts\/248267\/revisions"}],"wp:featuredmedia":[{"embeddable":true,"href":"https:\/\/www.europesays.com\/fr\/wp-json\/wp\/v2\/media\/248268"}],"wp:attachment":[{"href":"https:\/\/www.europesays.com\/fr\/wp-json\/wp\/v2\/media?parent=248267"}],"wp:term":[{"taxonomy":"category","embeddable":true,"href":"https:\/\/www.europesays.com\/fr\/wp-json\/wp\/v2\/categories?post=248267"},{"taxonomy":"post_tag","embeddable":true,"href":"https:\/\/www.europesays.com\/fr\/wp-json\/wp\/v2\/tags?post=248267"}],"curies":[{"name":"wp","href":"https:\/\/api.w.org\/{rel}","templated":true}]}}