{"id":248272,"date":"2025-07-14T00:39:21","date_gmt":"2025-07-14T00:39:21","guid":{"rendered":"https:\/\/www.europesays.com\/fr\/248272\/"},"modified":"2025-07-14T00:39:21","modified_gmt":"2025-07-14T00:39:21","slug":"paris-agresse-au-couteau-dans-un-bus-de-nuit-parce-quil-navait-pas-de-briquet-sur-lui","status":"publish","type":"post","link":"https:\/\/www.europesays.com\/fr\/248272\/","title":{"rendered":"Paris\u00a0: agress\u00e9 au couteau dans un bus de nuit parce qu\u2019il n\u2019avait pas de briquet sur lui"},"content":{"rendered":"<p class=\"paragraph text_align_left lp-f-body-02\">Il attendait de rentrer chez lui depuis de longues minutes, pr\u00e8s de la porte d\u2019Orl\u00e9ans \u00e0 Paris (XIVe). Et il a fini \u00e0 l\u2019h\u00f4pital plut\u00f4t que dans son lit.<\/p>\n<p class=\"paragraph text_align_left lp-f-body-02\">Dans la nuit de samedi \u00e0 dimanche, vers 4 h 30, un jeune homme voit enfin arriver son bus de nuit. Alors qu\u2019il s\u2019appr\u00eate \u00e0 monter, un autre homme l\u2019aborde et lui aurait demand\u00e9 un briquet. Le premier passager aurait r\u00e9pondu qu\u2019il n\u2019en avait pas, avant de tenter d\u2019aller s\u2019asseoir. Mais l\u2019autre passager, qui \u00ab voulait du feu \u00bb, s\u2019emporte.<\/p>\n<p class=\"paragraph text_align_left lp-f-body-02\">Une bagarre \u00e9clate \u00e0 l\u2019int\u00e9rieur du bus de nuit N66. L\u2019agresseur sort un couteau et plante \u00e0 deux reprises la victime, au niveau du dos et de la hanche, avant de prendre la fuite.<\/p>\n<p class=\"paragraph text_align_left lp-f-body-02\">La victime tente, un temps, de poursuivre l\u2019auteur des coups de couteau, mais flanche bien vite. Il est pris en charge par les secours et son pronostic vital n\u2019est pas engag\u00e9. Aucune art\u00e8re n\u2019ayant \u00e9t\u00e9 touch\u00e9e. Transport\u00e9 dans un h\u00f4pital voisin, il y a pass\u00e9 la fin de nuit.<\/p>\n<p class=\"paragraph text_align_left lp-f-body-02\">\u00ab Une enqu\u00eate du chef de violences avec arme a \u00e9t\u00e9 confi\u00e9e au commissariat du XIVe arrondissement de Paris, indique le parquet de Paris. Les investigations sont en cours afin de d\u00e9terminer les circonstances de cette agression. \u00bb Les images du bus sont en cours d\u2019exploitation.<\/p>\n","protected":false},"excerpt":{"rendered":"Il attendait de rentrer chez lui depuis de longues minutes, pr\u00e8s de la porte d\u2019Orl\u00e9ans \u00e0 Paris (XIVe).&hellip;\n","protected":false},"author":2,"featured_media":248273,"comment_status":"","ping_status":"","sticky":false,"template":"","format":"standard","meta":{"footnotes":""},"categories":[1888],"tags":[1111,1928,11,1927,1777,674,1011,27,1944,12,1926,626,1925,38873,25],"class_list":{"0":"post-248272","1":"post","2":"type-post","3":"status-publish","4":"format-standard","5":"has-post-thumbnail","7":"category-paris","8":"tag-actu","9":"tag-actu-paris","10":"tag-actualites","11":"tag-actualites-paris","12":"tag-eu","13":"tag-europe","14":"tag-fr","15":"tag-france","16":"tag-ma-ville","17":"tag-news","18":"tag-news-paris","19":"tag-paris","20":"tag-paris-news","21":"tag-paris-75014","22":"tag-republique-francaise"},"share_on_mastodon":{"url":"https:\/\/pubeurope.com\/@fr\/114848803270016454","error":""},"_links":{"self":[{"href":"https:\/\/www.europesays.com\/fr\/wp-json\/wp\/v2\/posts\/248272","targetHints":{"allow":["GET"]}}],"collection":[{"href":"https:\/\/www.europesays.com\/fr\/wp-json\/wp\/v2\/posts"}],"about":[{"href":"https:\/\/www.europesays.com\/fr\/wp-json\/wp\/v2\/types\/post"}],"author":[{"embeddable":true,"href":"https:\/\/www.europesays.com\/fr\/wp-json\/wp\/v2\/users\/2"}],"replies":[{"embeddable":true,"href":"https:\/\/www.europesays.com\/fr\/wp-json\/wp\/v2\/comments?post=248272"}],"version-history":[{"count":0,"href":"https:\/\/www.europesays.com\/fr\/wp-json\/wp\/v2\/posts\/248272\/revisions"}],"wp:featuredmedia":[{"embeddable":true,"href":"https:\/\/www.europesays.com\/fr\/wp-json\/wp\/v2\/media\/248273"}],"wp:attachment":[{"href":"https:\/\/www.europesays.com\/fr\/wp-json\/wp\/v2\/media?parent=248272"}],"wp:term":[{"taxonomy":"category","embeddable":true,"href":"https:\/\/www.europesays.com\/fr\/wp-json\/wp\/v2\/categories?post=248272"},{"taxonomy":"post_tag","embeddable":true,"href":"https:\/\/www.europesays.com\/fr\/wp-json\/wp\/v2\/tags?post=248272"}],"curies":[{"name":"wp","href":"https:\/\/api.w.org\/{rel}","templated":true}]}}