{"id":248278,"date":"2025-07-14T00:42:10","date_gmt":"2025-07-14T00:42:10","guid":{"rendered":"https:\/\/www.europesays.com\/fr\/248278\/"},"modified":"2025-07-14T00:42:10","modified_gmt":"2025-07-14T00:42:10","slug":"kim-jong-un-renforce-le-soutien-inconditionnel-a-la-russie-le-ministre-des-affaires-etrangeres-lavrov-apprecie-le-nord","status":"publish","type":"post","link":"https:\/\/www.europesays.com\/fr\/248278\/","title":{"rendered":"Kim Jong-un renforce le soutien inconditionnel \u00e0 la Russie, le ministre des Affaires \u00e9trang\u00e8res Lavrov appr\u00e9cie le Nord"},"content":{"rendered":"<p>AKARTA &#8211; Le dirigeant Kim Jong-un a soulign\u00e9 son soutien \u00e0 la Russie, tandis que le ministre des Affaires \u00e9trang\u00e8res Sergue\u00ef Lavrov a appr\u00e9ci\u00e9 le soutien de la Cor\u00e9e du Nord lors de la rencontre et a discut\u00e9 de diverses questions.<\/p>\n<p>cor\u00e9en : Le bureau de presse central de la Cor\u00e9e du Nord (KCNA) a rapport\u00e9 que le dirigeant Kim avait r\u00e9it\u00e9r\u00e9 sa volont\u00e9 de soutenir les mesures prises par Moscou pour r\u00e9soudre la situation en Ukraine, comme l\u2019a rapport\u00e9 TASS 13.<\/p>\n<p>Kim Jong-un a encore exprim\u00e9 sa volont\u00e9 de continuer \u00e0 soutenir sans conditions toutes les mesures de leadership russes pour r\u00e9soudre fondamentalement la situation en Ukraine conform\u00e9ment \u00e0 l\u2019esprit d\u2019un accord entre la RPDC et la Russie \u00bb, a d\u00e9clar\u00e9 l\u2019agence de presse.<\/p>\n<p>, \u00e0 son tour, le ministre des Affaires \u00e9trang\u00e8res Lavrov a exprim\u00e9 sa gratitude \u00e0 la Russie pour l\u2019aide de la Cor\u00e9e du Nord \u00e0 lib\u00e9rer la r\u00e9gion de Kursk, lors d\u2019une r\u00e9union tenue \u00e0 Wonsan le 12 juillet.<\/p>\n<p>ronyme : \u00ab La partie russe exprime sa sinc\u00e8re gratitude pour le soutien persistant de Pyongyang \u00e0 l\u2019op\u00e9ration militaire sp\u00e9ciale de la Russie et pour la participation des combattants de l\u2019Arm\u00e9e populaire cor\u00e9enne \u00e0 l\u2019expulsion des nationalistes ukrainiens et des mercenaires \u00e9trangers de la r\u00e9gion de Kursk \u00bb, a d\u00e9clar\u00e9 le minist\u00e8re des Affaires \u00e9trang\u00e8res.<\/p>\n<p>Kim et Lavrov sont tous deux d&rsquo;accord sur le fait que la p\u00e9ninsule cor\u00e9enne s&rsquo;accro\u00eet \u00e0 cause de l&rsquo;activit\u00e9 militaire accrue occidentale.<\/p>\n<p>ronyme : Le plus haut diplomate de la Russie et le dirigeant nord-cor\u00e9en ont \u00e9chang\u00e9 des id\u00e9es approfondies sur les d\u00e9veloppements de la p\u00e9ninsule cor\u00e9enne et de l&rsquo;Asie du Nord-Est.<\/p>\n<p>\u00ab Les deux parties ont convenu que les tensions accrues dans la sous-r\u00e9gion sont dues \u00e0 une activit\u00e9 militaire accrue des \u00c9tats-Unis et de leurs alli\u00e9s et \u00e0 une man\u0153uvre de plus en plus fr\u00e9quente impliquant des armes nucl\u00e9aires \u00bb, a d\u00e9clar\u00e9 le minist\u00e8re des Affaires \u00e9trang\u00e8res.<\/p>\n<p>Les deux auraient \u00e9galement discut\u00e9 de questions bilat\u00e9rales ax\u00e9es sur des domaines de la coop\u00e9ration pratique, soulignant la mise en \u0153uvre des accords conclus entre les dirigeants des deux pays.<\/p>\n<p>The English, Chinese, Japanese, Arabic, and French versions are automatically generated by the AI. So there may still be inaccuracies in translating, please always see Indonesian as our main language.<br \/>\n                                    (system supported by DigitalSiber.id)<\/p>\n","protected":false},"excerpt":{"rendered":"AKARTA &#8211; Le dirigeant Kim Jong-un a soulign\u00e9 son soutien \u00e0 la Russie, tandis que le ministre des&hellip;\n","protected":false},"author":2,"featured_media":248279,"comment_status":"","ping_status":"","sticky":false,"template":"","format":"standard","meta":{"footnotes":""},"categories":[1591],"tags":[11,5436,13987,1887,12416,15404,38874,12,1885,1886,132,18069],"class_list":{"0":"post-248278","1":"post","2":"type-post","3":"status-publish","4":"format-standard","5":"has-post-thumbnail","7":"category-russie","8":"tag-actualites","9":"tag-ar","10":"tag-coree-du-nord","11":"tag-federation-de-russie","12":"tag-guerre-russe-ukrainienne","13":"tag-kim-jong-un","14":"tag-kursk","15":"tag-news","16":"tag-russia","17":"tag-russian-federation","18":"tag-russie","19":"tag-sergey-lavrov"},"share_on_mastodon":{"url":"https:\/\/pubeurope.com\/@fr\/114848815071035281","error":""},"_links":{"self":[{"href":"https:\/\/www.europesays.com\/fr\/wp-json\/wp\/v2\/posts\/248278","targetHints":{"allow":["GET"]}}],"collection":[{"href":"https:\/\/www.europesays.com\/fr\/wp-json\/wp\/v2\/posts"}],"about":[{"href":"https:\/\/www.europesays.com\/fr\/wp-json\/wp\/v2\/types\/post"}],"author":[{"embeddable":true,"href":"https:\/\/www.europesays.com\/fr\/wp-json\/wp\/v2\/users\/2"}],"replies":[{"embeddable":true,"href":"https:\/\/www.europesays.com\/fr\/wp-json\/wp\/v2\/comments?post=248278"}],"version-history":[{"count":0,"href":"https:\/\/www.europesays.com\/fr\/wp-json\/wp\/v2\/posts\/248278\/revisions"}],"wp:featuredmedia":[{"embeddable":true,"href":"https:\/\/www.europesays.com\/fr\/wp-json\/wp\/v2\/media\/248279"}],"wp:attachment":[{"href":"https:\/\/www.europesays.com\/fr\/wp-json\/wp\/v2\/media?parent=248278"}],"wp:term":[{"taxonomy":"category","embeddable":true,"href":"https:\/\/www.europesays.com\/fr\/wp-json\/wp\/v2\/categories?post=248278"},{"taxonomy":"post_tag","embeddable":true,"href":"https:\/\/www.europesays.com\/fr\/wp-json\/wp\/v2\/tags?post=248278"}],"curies":[{"name":"wp","href":"https:\/\/api.w.org\/{rel}","templated":true}]}}