{"id":248283,"date":"2025-07-14T00:45:12","date_gmt":"2025-07-14T00:45:12","guid":{"rendered":"https:\/\/www.europesays.com\/fr\/248283\/"},"modified":"2025-07-14T00:45:12","modified_gmt":"2025-07-14T00:45:12","slug":"trump-effectuera-une-deuxieme-visite-detat-au-royaume-uni-en-septembre","status":"publish","type":"post","link":"https:\/\/www.europesays.com\/fr\/248283\/","title":{"rendered":"Trump effectuera une deuxi\u00e8me visite d&rsquo;\u00c9tat au Royaume-Uni en septembre"},"content":{"rendered":"<p>Le pr\u00e9sident am\u00e9ricain Donald Trump effectuera une deuxi\u00e8me visite d&rsquo;\u00c9tat in\u00e9dite au Royaume-Uni du 17 au 19 septembre. Il sera accueilli par le roi Charles II et la reine Camilla au ch\u00e2teau de Windsor, a annonc\u00e9 lundi le palais de Buckingham.<\/p>\n<p>Donald Trump, fervent soutien de la famille royale, et en particulier du monarque, sera accompagn\u00e9 de son \u00e9pouse, Melania Trump, lors de cette visite de trois jours, a confirm\u00e9 le palais.<\/p>\n<p>Aucun pr\u00e9sident am\u00e9ricain n&rsquo;a \u00e9t\u00e9 invit\u00e9 pour une deuxi\u00e8me visite d&rsquo;\u00c9tat. Donald Trump avait d\u00e9j\u00e0 profit\u00e9 du faste de cette visite d&rsquo;\u00c9tat en 2019, lors de son premier mandat, lorsqu&rsquo;il avait \u00e9t\u00e9 accueilli par la d\u00e9funte m\u00e8re de Charles, la reine \u00c9lisabeth II.<\/p>\n<p>L&rsquo;invitation pour cette deuxi\u00e8me visite d&rsquo;\u00c9tat du roi lui a \u00e9t\u00e9 remise en main propre par le premier ministre britannique Keir Starmer en f\u00e9vrier lors d&rsquo;une r\u00e9union \u00e0 la Maison-Blanche.<\/p>\n<p>Apr\u00e8s l&rsquo;avoir lue, Donald Trump a d\u00e9clar\u00e9 que c&rsquo;\u00e9tait un \u00abimmense honneur\u00bb et s&rsquo;est montr\u00e9 particuli\u00e8rement heureux de s\u00e9journer au ch\u00e2teau de Windsor, \u00e0 l&rsquo;ouest de la capitale.<\/p>\n<p>\u00abC&rsquo;est vraiment exceptionnel\u00bb, a-t-il dit.<\/p>\n<p>Pour les pr\u00e9sidents am\u00e9ricains en second mandat ayant d\u00e9j\u00e0 effectu\u00e9 une visite d&rsquo;\u00c9tat, un pr\u00e9c\u00e9dent est g\u00e9n\u00e9ralement un th\u00e9 ou un d\u00e9jeuner avec la souveraine au ch\u00e2teau de Windsor, comme ce fut le cas pour George W. Bush et Barack Obama.<\/p>\n<p>Les visites d&rsquo;\u00c9tat sont des rencontres solennelles entre chefs d&rsquo;\u00c9tat, utilis\u00e9es pour honorer des nations amies et parfois pour apaiser les relations entre rivaux. Si le roi lance officiellement l&rsquo;invitation \u00e0 une visite d&rsquo;\u00c9tat, il le fait sur avis du gouvernement \u00e9lu.<\/p>\n<p>Cette visite est consid\u00e9r\u00e9e comme une initiative de M. Starmer visant \u00e0 maintenir Donald Trump dans ses proches et \u00e0 att\u00e9nuer l&rsquo;impact de certaines de ses politiques sur le Royaume-Uni. Les relations entre les deux hommes semblent amicales et ont permis au Royaume-Uni d&rsquo;\u00e9viter les lourds droits de douane am\u00e9ricains que connaissent d&rsquo;autres pays.<\/p>\n<p>Mais comme lors de la pr\u00e9c\u00e9dente visite de Donald Trump, il est peu probable qu&rsquo;il soit accueilli favorablement par tous. La derni\u00e8re fois, lors d&rsquo;une journ\u00e9e de manifestations, un personnage g\u00e9ant gonflable repr\u00e9sentant Donald Trump sous les traits d&rsquo;un b\u00e9b\u00e9 orange en col\u00e8re a survol\u00e9 le Parlement. Les d\u00e9put\u00e9s du Parti travailliste de Keir Starmer se sont \u00e9galement interrog\u00e9s sur la pertinence d&rsquo;accorder cet honneur \u00e0 Donald Trump, alors qu&rsquo;il soutient la guerre isra\u00e9lienne \u00e0 Gaza et menace la souverainet\u00e9 d&rsquo;alli\u00e9s comme le Canada et le Groenland.<\/p>\n<p>Le roi pourrait \u00e9galement \u00eatre confront\u00e9 \u00e0 des difficult\u00e9s lors de sa visite, car il est \u00e0 la fois chef d&rsquo;\u00c9tat du Royaume-Uni et du Canada, pays qui, selon Donald Trump, devrait devenir le 51e \u00c9tat am\u00e9ricain. Lors d&rsquo;un discours au Parlement canadien en mai, le roi a soulign\u00e9 \u00abl&rsquo;identit\u00e9 unique\u00bb et la \u00absouverainet\u00e9\u00bb du Canada, reprenant les paroles de l&rsquo;hymne national du pays lorsqu&rsquo;il a d\u00e9clar\u00e9 : \u00ab Le Grand Nord est v\u00e9ritablement fort et libre\u00bb.<\/p>\n<p>Les visites d&rsquo;\u00c9tat en Grande-Bretagne sont particuli\u00e8rement pris\u00e9es par les chefs d&rsquo;\u00c9tat, car elles s&rsquo;accompagnent de tout le faste royal, incluant des revues militaires, des promenades en cal\u00e8che et un somptueux banquet d&rsquo;\u00c9tat offert par le monarque.<\/p>\n<p>Les \u00e9v\u00e9nements se d\u00e9roulent g\u00e9n\u00e9ralement au palais de Buckingham, dans le centre de Londres, et aux alentours. Mais comme la visite d&rsquo;\u00c9tat du pr\u00e9sident fran\u00e7ais Emmanuel Macron et de son \u00e9pouse Brigitte la semaine derni\u00e8re, les Trump s\u00e9journeront au ch\u00e2teau de Windsor. Le palais de Buckingham fait l\u2019objet d\u2019une vaste r\u00e9novation.<\/p>\n<p>Pan Pylas, The Associated Press<\/p>\n","protected":false},"excerpt":{"rendered":"Le pr\u00e9sident am\u00e9ricain Donald Trump effectuera une deuxi\u00e8me visite d&rsquo;\u00c9tat in\u00e9dite au Royaume-Uni du 17 au 19 septembre.&hellip;\n","protected":false},"author":2,"featured_media":248284,"comment_status":"","ping_status":"","sticky":false,"template":"","format":"standard","meta":{"footnotes":""},"categories":[1588],"tags":[11,38875,75,1777,674,21831,12,17421,473,1853,1851,1850,1852],"class_list":{"0":"post-248283","1":"post","2":"type-post","3":"status-publish","4":"format-standard","5":"has-post-thumbnail","7":"category-royaume-uni","8":"tag-actualites","9":"tag-chateau-de-windsor","10":"tag-donald-trump","11":"tag-eu","12":"tag-europe","13":"tag-melania-trump","14":"tag-news","15":"tag-palais-de-buckingham","16":"tag-royaume-uni","17":"tag-royaume-uni-de-grande-bretagne-et-dirlande-du-nord","18":"tag-uk","19":"tag-united-kingdom","20":"tag-united-kingdom-of-great-britain-and-northern-ireland"},"share_on_mastodon":{"url":"https:\/\/pubeurope.com\/@fr\/114848826868624183","error":""},"_links":{"self":[{"href":"https:\/\/www.europesays.com\/fr\/wp-json\/wp\/v2\/posts\/248283","targetHints":{"allow":["GET"]}}],"collection":[{"href":"https:\/\/www.europesays.com\/fr\/wp-json\/wp\/v2\/posts"}],"about":[{"href":"https:\/\/www.europesays.com\/fr\/wp-json\/wp\/v2\/types\/post"}],"author":[{"embeddable":true,"href":"https:\/\/www.europesays.com\/fr\/wp-json\/wp\/v2\/users\/2"}],"replies":[{"embeddable":true,"href":"https:\/\/www.europesays.com\/fr\/wp-json\/wp\/v2\/comments?post=248283"}],"version-history":[{"count":0,"href":"https:\/\/www.europesays.com\/fr\/wp-json\/wp\/v2\/posts\/248283\/revisions"}],"wp:featuredmedia":[{"embeddable":true,"href":"https:\/\/www.europesays.com\/fr\/wp-json\/wp\/v2\/media\/248284"}],"wp:attachment":[{"href":"https:\/\/www.europesays.com\/fr\/wp-json\/wp\/v2\/media?parent=248283"}],"wp:term":[{"taxonomy":"category","embeddable":true,"href":"https:\/\/www.europesays.com\/fr\/wp-json\/wp\/v2\/categories?post=248283"},{"taxonomy":"post_tag","embeddable":true,"href":"https:\/\/www.europesays.com\/fr\/wp-json\/wp\/v2\/tags?post=248283"}],"curies":[{"name":"wp","href":"https:\/\/api.w.org\/{rel}","templated":true}]}}