{"id":248285,"date":"2025-07-14T00:46:18","date_gmt":"2025-07-14T00:46:18","guid":{"rendered":"https:\/\/www.europesays.com\/fr\/248285\/"},"modified":"2025-07-14T00:46:18","modified_gmt":"2025-07-14T00:46:18","slug":"euro-2025-apres-leur-victoire-face-aux-pays-bas-5-2-les-bleues-filent-en-quarts-face-a-lallemagne","status":"publish","type":"post","link":"https:\/\/www.europesays.com\/fr\/248285\/","title":{"rendered":"Euro 2025\u00a0: apr\u00e8s leur victoire face aux Pays-Bas (5-2), les Bleues filent en quarts face \u00e0 l&rsquo;Allemagne"},"content":{"rendered":"<p><a href=\"https:\/\/www.laprovence.com\/article\/sports\/1080175465035115\/football-euro-2025-les-bleues-deja-presque-en-quarts-ne-feront-pas-de-calculs-face-aux-pays-bas\" target=\"_blank\" rel=\"noopener\">\u00ab\u00a0Pas de calculs\u00a0\u00bb r\u00e9p\u00e9taient les Bleues<\/a> avant d&rsquo;affronter les Pays-Bas pour leur dernier match de poule de cet Euro-2025. Chose promise, chose due\u00a0: les joueuses de Laurent Bonadei ont \u00e9trill\u00e9 leurs adversaires du soir (5-2), assurant ainsi leur qualification en quarts de finale, et la premi\u00e8re place de la poule D.<\/p>\n<p>D&rsquo;abord mises en difficult\u00e9, les Tricolores \u00e9taient men\u00e9es \u00e0 la mi-temps apr\u00e8s un contre son camp malheureux de Selma Bacha (1-2, 41e). Mais les Bleues ont su se remobiliser et d\u00e9rouler d\u00e8s le retour des vestiaires.<\/p>\n<p>Des Bleues renversantes<\/p>\n<p>Marie-Antoinette Katoto a montr\u00e9 l&rsquo;exemple d&rsquo;un plat du pied serein pour recoller au score (2-2, 61e). Et si les \u00ab\u00a0Oranje\u00a0\u00bb entretenaient encore une once d&rsquo;espoir, Delphine Cascarino est venue tout \u00e9teindre sur son chemin, avec un doubl\u00e9 en deux petites minutes (65e, 67e). L&rsquo;attaquante de San Diego a commenc\u00e9 par nettoyer la lucarne gauche n\u00e9erlandaise d&rsquo;une sublime frappe du coup du pied. Puis elle a profit\u00e9 du double montant trouv\u00e9 par Katoto, qui lui est revenu dans les pieds, pour assurer d&rsquo;un plat du pied crois\u00e9 et faire le break. <a href=\"https:\/\/www.laprovence.com\/article\/sports\/1032446584545414\/football-euro-feminin-la-miramasseenne-sakina-karchaoui-a-la-conquete-du-premier-titre-de-lequipe-de-france\" target=\"_blank\" rel=\"noopener\">Sakina Karchaoui est venue clore le spectacle<\/a> sur penalty dans les derni\u00e8res minutes (90+\u00a02e).<\/p>\n<p>Les Bleues r\u00e9clamaient cette troisi\u00e8me victoire \u00ab\u00a0importante pour la t\u00eate\u00a0\u00bb selon les mots de Grace Geyoro. Avec ces cinq buts marqu\u00e9s, elles font le plein de confiance et restent invaincues dans cet Euro-2025, ce qui leur permet de garder la t\u00eate du groupe D. Une premi\u00e8re place souvent synonyme d&rsquo;adversaires plus abordables par la suite&#8230; Mais pas cette fois.<\/p>\n<p>L&rsquo;Espagne en cas de demi-finale<\/p>\n<p>En qu\u00eate d&rsquo;un premier titre, les joueuses de Laurent Bonadei affronteront l&rsquo;Allemagne en quart de finale, et potentiellement&#8230; l&rsquo;Espagne, en cas de qualification en demies. Un tableau plus compliqu\u00e9 \u00e0 aborder sur le papier tant les Espagnoles semblent seules sur le toit du football mondial, mais les Bleues le savent\u00a0: pour gagner, il faut battre les meilleures.<\/p>\n<p>Avant d&rsquo;y penser, il faudra d\u00e9j\u00e0 venir \u00e0 bout d&rsquo;une \u00e9quipe d&rsquo;Allemagne physique et au jeu haletant dans un quart de finale qui s&rsquo;annonce intense. L&rsquo;avantage de cette premi\u00e8re place, c&rsquo;est que pour s&rsquo;y pr\u00e9parer, les Bleues auront deux jours de plus. Le choc franco-allemand se jouera samedi prochain \u00e0 21 h, alors qu&rsquo;elles auraient rejou\u00e9 jeudi en cas de deuxi\u00e8me place.<\/p>\n<p>Pour le moment, tout se passe comme pr\u00e9vu pour les Bleues.<\/p>\n<p><img alt=\"\" loading=\"lazy\" width=\"18\" height=\"18\" decoding=\"async\" data-nimg=\"1\" class=\"mx-[8px]\" style=\"color:transparent\" src=\"https:\/\/www.laprovence.com\/_next\/static\/media\/comment.b95dda91.svg\"\/>D\u00e9marrez la conversation<\/p>\n<p class=\"text-[1.8rem] mt-[32px]\">Votre opinion compte pour nous. Rejoignez la communaut\u00e9 laprovence.com en r\u00e9agissant sur l&rsquo;article Football &#8211; Euro 2025\u00a0: apr\u00e8s leur victoire face aux Pays-Bas (5-2), les Bleues filent en quarts face \u00e0 l\u2019Allemagne.<\/p>\n","protected":false},"excerpt":{"rendered":"\u00ab\u00a0Pas de calculs\u00a0\u00bb r\u00e9p\u00e9taient les Bleues avant d&rsquo;affronter les Pays-Bas pour leur dernier match de poule de cet&hellip;\n","protected":false},"author":2,"featured_media":248286,"comment_status":"","ping_status":"","sticky":false,"template":"","format":"standard","meta":{"footnotes":""},"categories":[1587],"tags":[17,11,672,150,1804,1805,1803,1777,450,674,2823,63,1801,3289,12,1802,60,1264],"class_list":{"0":"post-248285","1":"post","2":"type-post","3":"status-publish","4":"format-standard","5":"has-post-thumbnail","7":"category-allemagne","8":"tag-17","9":"tag-actualites","10":"tag-allemagne","11":"tag-apres","12":"tag-bundesrepublik-deutschland","13":"tag-de","14":"tag-deutschland","15":"tag-eu","16":"tag-euro","17":"tag-europe","18":"tag-face","19":"tag-football","20":"tag-germany","21":"tag-leur","22":"tag-news","23":"tag-republique-federale-dallemagne","24":"tag-sports","25":"tag-victoire"},"share_on_mastodon":{"url":"https:\/\/pubeurope.com\/@fr\/114848831188919966","error":""},"_links":{"self":[{"href":"https:\/\/www.europesays.com\/fr\/wp-json\/wp\/v2\/posts\/248285","targetHints":{"allow":["GET"]}}],"collection":[{"href":"https:\/\/www.europesays.com\/fr\/wp-json\/wp\/v2\/posts"}],"about":[{"href":"https:\/\/www.europesays.com\/fr\/wp-json\/wp\/v2\/types\/post"}],"author":[{"embeddable":true,"href":"https:\/\/www.europesays.com\/fr\/wp-json\/wp\/v2\/users\/2"}],"replies":[{"embeddable":true,"href":"https:\/\/www.europesays.com\/fr\/wp-json\/wp\/v2\/comments?post=248285"}],"version-history":[{"count":0,"href":"https:\/\/www.europesays.com\/fr\/wp-json\/wp\/v2\/posts\/248285\/revisions"}],"wp:featuredmedia":[{"embeddable":true,"href":"https:\/\/www.europesays.com\/fr\/wp-json\/wp\/v2\/media\/248286"}],"wp:attachment":[{"href":"https:\/\/www.europesays.com\/fr\/wp-json\/wp\/v2\/media?parent=248285"}],"wp:term":[{"taxonomy":"category","embeddable":true,"href":"https:\/\/www.europesays.com\/fr\/wp-json\/wp\/v2\/categories?post=248285"},{"taxonomy":"post_tag","embeddable":true,"href":"https:\/\/www.europesays.com\/fr\/wp-json\/wp\/v2\/tags?post=248285"}],"curies":[{"name":"wp","href":"https:\/\/api.w.org\/{rel}","templated":true}]}}