{"id":248308,"date":"2025-07-14T00:59:09","date_gmt":"2025-07-14T00:59:09","guid":{"rendered":"https:\/\/www.europesays.com\/fr\/248308\/"},"modified":"2025-07-14T00:59:09","modified_gmt":"2025-07-14T00:59:09","slug":"cyclisme-transfert-remco-evenpoel-chez-red-bull-bora-hansgrohe-les-dessous-du-dossier","status":"publish","type":"post","link":"https:\/\/www.europesays.com\/fr\/248308\/","title":{"rendered":"Cyclisme. Transfert &#8211; Remco Evenpoel chez Red Bull-BORA-hansgrohe&#8230; les dessous du dossier"},"content":{"rendered":"<p>Le feuilleton autour de l\u2019avenir de <strong>Remco Evenepoel <\/strong>prend une tournure plus concr\u00e8te. Selon <a href=\"https:\/\/www.cyclismactu.net\/Le feuilleton autour de l\u2019avenir de Remco Evenepoel prend une tournure plus concr\u00e8te. Selon Le Soir, un transfert du champion olympique vers l\u2019\u00e9quipe Red Bull-Bora-hansgrohe n\u2019est plus une rumeur sans fondement, mais une possibilit\u00e9 r\u00e9elle et juridiquement pr\u00e9par\u00e9e. Depuis quatre ans, le nom du Belge circule dans les discussions de transfert. Annonc\u00e9 tour \u00e0 tour chez Bora, Visma ou encore Ineos, c\u2019est d\u00e9sormais l\u2019\u00e9quipe allemande qui semble tenir la corde.  Plusieurs \u00e9l\u00e9ments rendent ce transfert plausible. Sur le plan sportif, Bora cherche \u00e0 b\u00e2tir autour d\u2019un leader jeune et cr\u00e9dible sur le Tour de France. Primo\u017e Rogli\u010d arrive en fin de carri\u00e8re, et Florian Lipowitz reste encore en apprentissage. Evenepoel incarne donc un successeur id\u00e9al. Il aurait m\u00eame re\u00e7u l\u2019assurance d\u2019un r\u00f4le de leader absolu, avec la possibilit\u00e9 d\u2019\u00eatre entour\u00e9 de ses proches collaborateurs\u202f: son directeur sportif Klaas Lodewyck, l\u2019ancien s\u00e9lectionneur Sven Vanthourenhout, ainsi que quelques membres de son staff personnel.  L\u2019autre acteur cl\u00e9 de ce dossier est Specialized, l\u2019\u00e9quipementier am\u00e9ricain. D\u00e9j\u00e0 partenaire de Bora et li\u00e9 \u00e0 Evenepoel depuis ses d\u00e9buts, la marque soutient activement cette transition. Elle y voit un moyen de renforcer son image autour de son ambassadeur num\u00e9ro un, sans changement logistique.  C\u00f4t\u00e9 Soudal-Quick Step, le dossier est sensible. Le nouveau patron Jurgen For\u00e9, lucide face aux r\u00e9alit\u00e9s \u00e9conomiques, sait que l\u2019\u00e9quipe belge ne peut plus rivaliser avec les armadas \u00e9trang\u00e8res comme UAE ou Visma. La perte d\u2019Evenepoel serait un coup dur symbolique, mais elle serait compens\u00e9e par une indemnit\u00e9 de transfert, un maintien du partenariat avec Specialized et une r\u00e9orientation de l\u2019\u00e9quipe vers les classiques \u2014 avec, notamment, les arriv\u00e9es pr\u00e9vues de Stuyven et Van Baarle.  Dans un sport longtemps r\u00e9fractaire \u00e0 la logique des transferts payants, l\u2019affaire Evenepoel marque un tournant. Si l\u2019op\u00e9ration se concr\u00e9tise, elle ferait entrer d\u00e9finitivement le cyclisme dans une \u00e8re plus proche de celle du football, o\u00f9 ambitions sportives, int\u00e9r\u00eats commerciaux et montages juridiques se m\u00ealent \u00e9troitement.\" target=\"_blank\" rel=\"nofollow noopener\">Le Soir<\/a>, un transfert du double champion olympique vers l\u2019\u00e9quipe <strong>Red Bull-BORA-hansgrohe<\/strong> n\u2019est plus une rumeur sans fondement, mais une possibilit\u00e9 r\u00e9elle et juridiquement pr\u00e9par\u00e9e. Depuis quatre ans, le nom du Belge circule dans les discussions de transfert. Annonc\u00e9 tour \u00e0 tour chez\u00a0<strong>Red Bull-BORA-hansgrohe<\/strong>,\u00a0<strong>Visma | Lease a Bike\u00a0<\/strong>ou encore <strong>INEOS Grenadiers<\/strong>, c\u2019est d\u00e9sormais l\u2019\u00e9quipe allemande qui semble tenir la corde.<\/p>\n<p>Vid\u00e9o &#8211; Tom Steels, directeur sportif d&rsquo;Evenepoel chez Soudal Lire la suite de l&rsquo;article&#13;<\/p>\n<p>\u00a0<\/p>\n<p>&#13;<br \/>\nRemco Evenepoel ne bougera pas seul&#13;<\/p>\n<p>Plusieurs \u00e9l\u00e9ments rendent ce transfert plausible. Sur le plan sportif,\u00a0<strong>Red Bull-BORA-hansgrohe\u00a0<\/strong>cherche \u00e0 b\u00e2tir autour d\u2019un leader jeune et cr\u00e9dible sur le <strong>Tour de France<\/strong>. <strong>Primoz Roglic<\/strong> arrive en fin de carri\u00e8re, et <strong>Florian Lipowitz<\/strong> reste encore en apprentissage. <strong>Evenepoel <\/strong>incarne donc un successeur id\u00e9al. Il aurait m\u00eame re\u00e7u l\u2019assurance d\u2019un r\u00f4le de leader absolu, avec la possibilit\u00e9 d\u2019\u00eatre entour\u00e9 de ses proches collaborateurs\u202f: son directeur sportif <strong>Klaas Lodewyck<\/strong>, l\u2019ancien s\u00e9lectionneur de la Belgique\u00a0<strong>Sven Vanthourenhout<\/strong>, son fid\u00e8le lieutenant<strong> Mattia Cattaneo<\/strong>, ainsi que quelques membres de son staff personnel.<\/p>\n<p>&#13;<\/p>\n<p>L\u2019autre acteur cl\u00e9 de ce dossier est Specialized, l\u2019\u00e9quipementier am\u00e9ricain. D\u00e9j\u00e0 partenaire de\u00a0<strong>Red Bull-BORA-hansgrohe\u00a0<\/strong>et li\u00e9 \u00e0 <strong>Evenepoel <\/strong>depuis ses d\u00e9buts, la marque soutient activement cette transition. Elle y voit un moyen de renforcer son image autour de son ambassadeur num\u00e9ro un, sans changement logistique.<\/p>\n<p>&#13;<\/p>\n<p>\u00a0<\/p>\n<p>&#13;<br \/>\nUn deal gagant-gagnant&#13;<\/p>\n<p>C\u00f4t\u00e9 <strong>Soudal Quick-Step<\/strong>, le dossier est sensible. Le nouveau patron <strong>Jurgen For\u00e9<\/strong>, lucide face aux r\u00e9alit\u00e9s \u00e9conomiques, sait que l\u2019\u00e9quipe belge ne peut plus rivaliser avec les armadas comme <strong>UAE Team Emirates XRG<\/strong> ou<strong> Visma | Lease a Bike<\/strong>. La perte d\u2019<strong>Evenepoel <\/strong>serait un coup dur symbolique, mais elle serait compens\u00e9e par une indemnit\u00e9 de transfert, un maintien du partenariat avec Specialized et une r\u00e9orientation de l\u2019\u00e9quipe vers les classiques, avec notamment les arriv\u00e9es pr\u00e9vues de <strong>Jasper Stuyven<\/strong>, <strong>Dylan van Baarle<\/strong>&#8230;<\/p>\n<p>&#13;<\/p>\n<p>Dans un sport longtemps r\u00e9fractaire \u00e0 la logique des transferts payants, l\u2019affaire <strong>Evenepoel <\/strong>marque un tournant. Si l\u2019op\u00e9ration se concr\u00e9tise, elle ferait entrer d\u00e9finitivement le cyclisme dans une \u00e8re plus proche de celle du football, o\u00f9 ambitions sportives, int\u00e9r\u00eats commerciaux et montages juridiques se m\u00ealent \u00e9troitement.<\/p>\n","protected":false},"excerpt":{"rendered":"Le feuilleton autour de l\u2019avenir de Remco Evenepoel prend une tournure plus concr\u00e8te. Selon Le Soir, un transfert&hellip;\n","protected":false},"author":2,"featured_media":248309,"comment_status":"","ping_status":"","sticky":false,"template":"","format":"standard","meta":{"footnotes":""},"categories":[1411],"tags":[1154,207,211,1011,27,209,60,210,969,212,208,213],"class_list":{"0":"post-248308","1":"post","2":"type-post","3":"status-publish","4":"format-standard","5":"has-post-thumbnail","7":"category-cyclisme","8":"tag-cycling","9":"tag-cyclisme","10":"tag-ffc","11":"tag-fr","12":"tag-france","13":"tag-route","14":"tag-sports","15":"tag-tour-de-france","16":"tag-transfert","17":"tag-uci","18":"tag-velo","19":"tag-world-tour"},"share_on_mastodon":{"url":"https:\/\/pubeurope.com\/@fr\/114848881965811354","error":""},"_links":{"self":[{"href":"https:\/\/www.europesays.com\/fr\/wp-json\/wp\/v2\/posts\/248308","targetHints":{"allow":["GET"]}}],"collection":[{"href":"https:\/\/www.europesays.com\/fr\/wp-json\/wp\/v2\/posts"}],"about":[{"href":"https:\/\/www.europesays.com\/fr\/wp-json\/wp\/v2\/types\/post"}],"author":[{"embeddable":true,"href":"https:\/\/www.europesays.com\/fr\/wp-json\/wp\/v2\/users\/2"}],"replies":[{"embeddable":true,"href":"https:\/\/www.europesays.com\/fr\/wp-json\/wp\/v2\/comments?post=248308"}],"version-history":[{"count":0,"href":"https:\/\/www.europesays.com\/fr\/wp-json\/wp\/v2\/posts\/248308\/revisions"}],"wp:featuredmedia":[{"embeddable":true,"href":"https:\/\/www.europesays.com\/fr\/wp-json\/wp\/v2\/media\/248309"}],"wp:attachment":[{"href":"https:\/\/www.europesays.com\/fr\/wp-json\/wp\/v2\/media?parent=248308"}],"wp:term":[{"taxonomy":"category","embeddable":true,"href":"https:\/\/www.europesays.com\/fr\/wp-json\/wp\/v2\/categories?post=248308"},{"taxonomy":"post_tag","embeddable":true,"href":"https:\/\/www.europesays.com\/fr\/wp-json\/wp\/v2\/tags?post=248308"}],"curies":[{"name":"wp","href":"https:\/\/api.w.org\/{rel}","templated":true}]}}