{"id":248310,"date":"2025-07-14T01:00:12","date_gmt":"2025-07-14T01:00:12","guid":{"rendered":"https:\/\/www.europesays.com\/fr\/248310\/"},"modified":"2025-07-14T01:00:12","modified_gmt":"2025-07-14T01:00:12","slug":"nasser-al-khelaifi-salue-la-saison-historique-du-psg","status":"publish","type":"post","link":"https:\/\/www.europesays.com\/fr\/248310\/","title":{"rendered":"Nasser al-Khela\u00effi salue la saison historique du PSG"},"content":{"rendered":"<p><img width=\"720\" height=\"405\" src=\"https:\/\/www.europesays.com\/fr\/wp-content\/uploads\/2025\/07\/01jz0kza458nrrsqm1q5.webp.webp\" class=\"attachment-jannah-image-post size-jannah-image-post wp-post-image\" alt=\"Nasser Al-Khela\u00effi\" is_main_img=\"1\" decoding=\"async\" fetchpriority=\"high\"  \/><\/p>\n<p>Le PSG a pris une claque ce dimanche avec sa lourde d\u00e9faite<br \/>\ncontre Chelsea (3-0) en finale de la Coupe du monde des clubs.<br \/>\nNasser al-Khela\u00effi estime que cette finale va servir aux<br \/>\nParisiens.<\/p>\n<p>Favori de la finale de la <strong>Coupe du monde des<br \/>\nclubs<\/strong>, le <strong>PSG<\/strong> est tomb\u00e9 sur une tr\u00e8s<br \/>\nbelle \u00e9quipe de <strong>Chelsea<\/strong> qui a d\u00e9jou\u00e9 les<br \/>\npronostics. Meilleurs sur le terrain, les Blues ont m\u00e9rit\u00e9 leur<br \/>\nsucc\u00e8s <a href=\"https:\/\/canal-supporters.com\/le-psg-sincline-largement-en-finale-de-coupe-du-monde-des-clubs\/\" title=\"\" rel=\"nofollow noopener\" target=\"_blank\">(3-0)<\/a>. Pr\u00e9sent en zone mixte apr\u00e8s le revers parisien,<br \/>\n<strong>Nasser al-Khela\u00effi<\/strong> a tenu \u00e0 saluer son adversaire<br \/>\ndu soir avant d\u2019\u00e9voquer une d\u00e9faite qui va servir au<br \/>\n<strong>PSG<\/strong>.<\/p>\n<p>A voir aussi : <a href=\"https:\/\/canal-supporters.com\/marquinhos-on-a-ete-un-peu-en-dessous-de-ce-que-lon-peut-faire\/\" title=\"\" rel=\"nofollow noopener\" target=\"_blank\">Marquinhos : \u00ab\u00a0On a \u00e9t\u00e9 un peu en dessous de ce que<br \/>\nl\u2019on peut faire\u00a0\u00bb<\/a><\/p>\n<p><a href=\"https:\/\/x.com\/CanalSupporters\" target=\"_blank\" rel=\"noopener nofollow\" title=\"\">canalsupporters.com<\/a><\/p>\n<p>\u00ab\u00a0On peut<br \/>\n\u00eatre tr\u00e8s fier de ce qu\u2019on a fait cette saison\u00a0\u00bb<\/p>\n<p>\u00ab\u00a0F\u00e9licitations \u00e0 <strong>Chelsea<\/strong>. Ils ont<br \/>\nm\u00e9rit\u00e9 leur victoire. On peut \u00eatre tr\u00e8s fier de ce qu\u2019on a fait<br \/>\ncette saison. On voulait gagner cette <a href=\"https:\/\/canal-supporters.com\/doue-elu-meilleur-jeune-de-la-coupe-du-monde-des-clubs\/\" title=\"\" rel=\"nofollow noopener\" target=\"_blank\"><strong>Coupe du monde des clubs<\/strong>,<\/a> mais c\u2019est<br \/>\ndifficile. Les joueurs ont tout donn\u00e9. Ils \u00e9taient fatigu\u00e9s. On a<br \/>\nr\u00e9alis\u00e9 une tr\u00e8s belle saison, la meilleure de l\u2019histoire du club.<br \/>\nOn est fiers des joueurs, du staff. Cette d\u00e9faite, c\u2019est bien pour<br \/>\nnous, pour la saison prochaine, avance le pr\u00e9sident du<br \/>\n<strong>PSG<\/strong> dans des propos relay\u00e9s par <a href=\"https:\/\/rmcsport.bfmtv.com\/football\/video-psg-0-3-chelsea-cette-defaite-est-bien-pour-nous-al-khelaifi-fier-et-humble_VN-202507130378.html\" target=\"_blank\" rel=\"noopener nofollow\" title=\"\">RMC Sport<\/a>. Il faut<br \/>\n\u00eatre humble. On est l\u2019\u00e9quipe la plus jeune de la comp\u00e9tition. Place<br \/>\naux vacances, les joueurs vont pouvoir se reposer. On est tr\u00e8s fier<br \/>\nde cette saison, c\u2019est magnifique. C\u2019est vrai qu\u2019on a perdu une<br \/>\nfinale, mais je suis fier de l\u2019\u00e9quipe.\u00a0\u00bb<\/p>\n","protected":false},"excerpt":{"rendered":"Le PSG a pris une claque ce dimanche avec sa lourde d\u00e9faite contre Chelsea (3-0) en finale de&hellip;\n","protected":false},"author":2,"featured_media":248311,"comment_status":"","ping_status":"","sticky":false,"template":"","format":"standard","meta":{"footnotes":""},"categories":[1410],"tags":[38878,81,30640,38315,38316,38879,38317,38880,7151,787,2396,63,1011,27,11486,626,91,92,4919,38881,26479,93,60,96],"class_list":{"0":"post-248310","1":"post","2":"type-post","3":"status-publish","4":"format-standard","5":"has-post-thumbnail","7":"category-football","8":"tag-al-khelaifi","9":"tag-canal-supporters","10":"tag-cdm-des-clubs","11":"tag-cfc-psg","12":"tag-cfcpsg","13":"tag-che-psg","14":"tag-chelsea-psg","15":"tag-chepsg","16":"tag-coupe-du-monde-des-clubs","17":"tag-cs","18":"tag-finale","19":"tag-football","20":"tag-fr","21":"tag-france","22":"tag-nasser-al-khelaifi","23":"tag-paris","24":"tag-paris-saint-germain","25":"tag-paris-sg","26":"tag-president","27":"tag-president-du-psg","28":"tag-president-psg","29":"tag-psg","30":"tag-sports","31":"tag-une"},"share_on_mastodon":{"url":"https:\/\/pubeurope.com\/@fr\/114848886028772193","error":""},"_links":{"self":[{"href":"https:\/\/www.europesays.com\/fr\/wp-json\/wp\/v2\/posts\/248310","targetHints":{"allow":["GET"]}}],"collection":[{"href":"https:\/\/www.europesays.com\/fr\/wp-json\/wp\/v2\/posts"}],"about":[{"href":"https:\/\/www.europesays.com\/fr\/wp-json\/wp\/v2\/types\/post"}],"author":[{"embeddable":true,"href":"https:\/\/www.europesays.com\/fr\/wp-json\/wp\/v2\/users\/2"}],"replies":[{"embeddable":true,"href":"https:\/\/www.europesays.com\/fr\/wp-json\/wp\/v2\/comments?post=248310"}],"version-history":[{"count":0,"href":"https:\/\/www.europesays.com\/fr\/wp-json\/wp\/v2\/posts\/248310\/revisions"}],"wp:featuredmedia":[{"embeddable":true,"href":"https:\/\/www.europesays.com\/fr\/wp-json\/wp\/v2\/media\/248311"}],"wp:attachment":[{"href":"https:\/\/www.europesays.com\/fr\/wp-json\/wp\/v2\/media?parent=248310"}],"wp:term":[{"taxonomy":"category","embeddable":true,"href":"https:\/\/www.europesays.com\/fr\/wp-json\/wp\/v2\/categories?post=248310"},{"taxonomy":"post_tag","embeddable":true,"href":"https:\/\/www.europesays.com\/fr\/wp-json\/wp\/v2\/tags?post=248310"}],"curies":[{"name":"wp","href":"https:\/\/api.w.org\/{rel}","templated":true}]}}