{"id":248314,"date":"2025-07-14T01:02:11","date_gmt":"2025-07-14T01:02:11","guid":{"rendered":"https:\/\/www.europesays.com\/fr\/248314\/"},"modified":"2025-07-14T01:02:11","modified_gmt":"2025-07-14T01:02:11","slug":"les-nouveaux-curateurs-de-lart-des-vip-a-lia","status":"publish","type":"post","link":"https:\/\/www.europesays.com\/fr\/248314\/","title":{"rendered":"Les nouveaux curateurs de l\u2019art : des VIP \u00e0 l\u2019IA"},"content":{"rendered":"<p>                        Les nouveaux curateurs de l\u2019art : des VIP \u00e0 l\u2019IA<\/p>\n<p class=\"byline author vcard\">Par    <a href=\"https:\/\/aoc.media\/auteur\/julie-bawinaoc-media\/\" title=\"Articles par Julie Bawin\" class=\"author url fn\" rel=\"author noopener\" target=\"_blank\">Julie Bawin<\/a><\/p>\n<p>Pharrell Williams ou Sofia Coppola ne sont pas seulement des stars : ce sont aussi des curateurs. Alors que les nouveaux courants de la curation pensent un \u00e9largissement vivifiant des profils de curateurs \u2013 des c\u00e9l\u00e9brit\u00e9s aux publics non initi\u00e9s \u2013, une nouvelle tendance \u00e9merge et questionne le devenir de ce m\u00e9tier et ses savoir-faire : la curation par IA. Comment expliquer ce ph\u00e9nom\u00e8ne ?<\/p>\n<p class=\"first-paragraph\">Le n\u00e9ologisme \u00ab\u00a0curateur\u00a0\u00bb, francisation du mot anglais \u00ab\u00a0curator\u00a0\u00bb, est de nos jours couramment utilis\u00e9 pour d\u00e9signer un organisateur d\u2019exposition. Pour certains observateurs, il pr\u00e9sente cet avantage de s\u2019affranchir de la connotation polici\u00e8re du mot \u00ab\u00a0commissaire\u00a0\u00bb et d\u2019induire, si l\u2019on se r\u00e9f\u00e8re \u00e0 l\u2019\u00e9tymologie latine (curare), l\u2019id\u00e9e d\u2019un \u00ab\u00a0soin apport\u00e9 \u00e0\u00a0\u00bb. Les curateurs et les curatrices sont pourtant moins des soigneurs ou des gu\u00e9risseurs de l\u2019art que des personnalit\u00e9s se positionnant comme les cr\u00e9ateurs d\u2019un projet o\u00f9 la part inventive (et souvent personnelle) est palpable depuis la s\u00e9lection des \u0153uvres jusqu\u2019\u00e0 leur agencement dans l\u2019espace d\u2019exposition.<\/p>\n<p><a href=\"https:\/\/www.lacinetek.com\/fr\" target=\"_blank\" rel=\"noopener\"><img fetchpriority=\"high\" decoding=\"async\" class=\"wp-image-250959 size-full\" src=\"https:\/\/www.europesays.com\/fr\/wp-content\/uploads\/2025\/07\/Zazie-dans-le-metro-300x250-newsletter.jpg\" alt=\"\" width=\"300\" height=\"250\"\/><\/a>publicit\u00e9<\/p>\n<p>En ce sens, leur pratique rel\u00e8ve du curating, mot de code particuli\u00e8rement en vogue, qui s\u2019est impos\u00e9 au d\u00e9but du nouveau mill\u00e9naire dans le champ de l\u2019art contemporain pour englober des pratiques et des formats d\u2019exposition dits \u00ab\u00a0hors norme\u00a0\u00bb, mais aussi des profils curatoriaux inhabituels, voire parfaitement\u00a0 inattendus.<\/p>\n<p>Parmi les curateurs actuels se trouvent d\u2019abord celles et ceux dont c\u2019est le m\u00e9tier, depuis le collaborateur attach\u00e9 \u00e0 une institution au curateur-super-star, souvent free-lance, que le \u00ab\u00a0milieu\u00a0\u00bb s\u2019arrache pour diriger des expositions internationales d\u2019art contemporain. \u00c0 c\u00f4t\u00e9 de ces professionnels, dont les statuts sont vari\u00e9s mais qui contribuent n\u00e9anmoins \u00e0 faire du curating une sph\u00e8re sp\u00e9cialis\u00e9e, d\u2019autres interviennent de fa\u00e7on plus occasionnelle, g\u00e9n\u00e9ralement \u00e0 la suite d\u2019une invitation assortie d\u2019une carte blanche. C\u2019est le cas, en particulier, des artistes auxquels mus\u00e9es et centres d\u2019art font appel depuis au moins les ann\u00e9es 1980 pour concevoir des expositions pens\u00e9es, sinon comme des \u0153uvres d\u2019art, du moins comme des propositions personnelles et volontairement d\u00e9routantes. R\u00e9cemment, par exemple, il a \u00e9t\u00e9 demand\u00e9 \u00e0 l\u2019artiste Maurizio Cattelan, figure incontournable de la sc\u00e8ne artistique internationale, d\u2019imaginer un parcours \u00ab\u00a0spectaculaire\u00a0\u00bb au Centre Pompidou-Metz e<\/p>\n<p class=\"author_name\">\n                <a href=\"https:\/\/aoc.media\/auteur\/julie-bawinaoc-media\/\" target=\"_blank\" rel=\"noopener\">Julie Bawin<\/a>\n            <\/p>\n<p class=\"author_func\">\n                Historienne de l&rsquo;art, Professeure \u00e0 l\u2019Universit\u00e9 de Li\u00e8ge            <\/p>\n","protected":false},"excerpt":{"rendered":"Les nouveaux curateurs de l\u2019art : des VIP \u00e0 l\u2019IA Par Julie Bawin Pharrell Williams ou Sofia Coppola&hellip;\n","protected":false},"author":2,"featured_media":248315,"comment_status":"","ping_status":"","sticky":false,"template":"","format":"standard","meta":{"footnotes":""},"categories":[1358],"tags":[1348,1384,1385,2502,251,1386,58,59,1011,27,38882],"class_list":{"0":"post-248314","1":"post","2":"type-post","3":"status-publish","4":"format-standard","5":"has-post-thumbnail","7":"category-arts-et-design","8":"tag-arts","9":"tag-arts-and-design","10":"tag-arts-et-design","11":"tag-arts-visuels","12":"tag-culture","13":"tag-design","14":"tag-divertissement","15":"tag-entertainment","16":"tag-fr","17":"tag-france","18":"tag-politique-et-economie-de-la-culture"},"share_on_mastodon":{"url":"https:\/\/pubeurope.com\/@fr\/114848893871667555","error":""},"_links":{"self":[{"href":"https:\/\/www.europesays.com\/fr\/wp-json\/wp\/v2\/posts\/248314","targetHints":{"allow":["GET"]}}],"collection":[{"href":"https:\/\/www.europesays.com\/fr\/wp-json\/wp\/v2\/posts"}],"about":[{"href":"https:\/\/www.europesays.com\/fr\/wp-json\/wp\/v2\/types\/post"}],"author":[{"embeddable":true,"href":"https:\/\/www.europesays.com\/fr\/wp-json\/wp\/v2\/users\/2"}],"replies":[{"embeddable":true,"href":"https:\/\/www.europesays.com\/fr\/wp-json\/wp\/v2\/comments?post=248314"}],"version-history":[{"count":0,"href":"https:\/\/www.europesays.com\/fr\/wp-json\/wp\/v2\/posts\/248314\/revisions"}],"wp:featuredmedia":[{"embeddable":true,"href":"https:\/\/www.europesays.com\/fr\/wp-json\/wp\/v2\/media\/248315"}],"wp:attachment":[{"href":"https:\/\/www.europesays.com\/fr\/wp-json\/wp\/v2\/media?parent=248314"}],"wp:term":[{"taxonomy":"category","embeddable":true,"href":"https:\/\/www.europesays.com\/fr\/wp-json\/wp\/v2\/categories?post=248314"},{"taxonomy":"post_tag","embeddable":true,"href":"https:\/\/www.europesays.com\/fr\/wp-json\/wp\/v2\/tags?post=248314"}],"curies":[{"name":"wp","href":"https:\/\/api.w.org\/{rel}","templated":true}]}}