{"id":248318,"date":"2025-07-14T01:04:23","date_gmt":"2025-07-14T01:04:23","guid":{"rendered":"https:\/\/www.europesays.com\/fr\/248318\/"},"modified":"2025-07-14T01:04:23","modified_gmt":"2025-07-14T01:04:23","slug":"personne-ne-voulait-que-ca-sarrete-cet-acteur-revient-sur-la-fin-de-la-serie","status":"publish","type":"post","link":"https:\/\/www.europesays.com\/fr\/248318\/","title":{"rendered":"\u00ab\u00a0Personne ne voulait que \u00e7a s&rsquo;arr\u00eate\u00a0\u00bb\u2026 Cet acteur revient sur la fin de la s\u00e9rie"},"content":{"rendered":"<p>Dans la famille Dutton, on demande le fils.<a href=\"https:\/\/www.programme-tv.net\/news\/series-tv\/375466-yellowstone-le-point-sur-les-spin-off-de-la-serie\/\" data-api-deeplink=\"teleloisirs:\/\/news\/375466\" target=\"_blank\" rel=\"noopener\"> Yellowstone est devenue une franchise \u00e0 succ\u00e8s avec plusieurs spin-offs <\/a>en cours ou en pr\u00e9paration. L\u2019un des plus attendus mais aussi des plus surprenants \u00e0 la fois est celui centr\u00e9 sur le benjamin de la famille Dutton, Kayce. Intitul\u00e9 Y : Marshals, il sera diffus\u00e9 en 2026 sur la cha\u00eene am\u00e9ricaine CBS. Pourtant, ce projet a failli ne pas voir le jour tant <a href=\"https:\/\/www.programme-tv.net\/news\/series-tv\/382586-yellowstone-pourquoi-cet-acteur-etait-contre-un-spin-off-consacre-a-son-personnage\/\" data-api-deeplink=\"teleloisirs:\/\/news\/382586\" target=\"_blank\" rel=\"noopener\">Luke Grimes, l\u2019interpr\u00e8te de Kayce Dutton, avait des doutes sur la viabilit\u00e9 du projet<\/a>, son personnage ayant une fin parfaite puisqu\u2019il avait enfin la vie qu\u2019il r\u00eavait. Le showrunner a su le persuader. Mais si le com\u00e9dien, <a href=\"https:\/\/www.programme-tv.net\/news\/series-tv\/379579-avant-yellowstone-luke-grimes-kayce-a-ete-au-coeur-d-une-polemique\/\" data-api-deeplink=\"teleloisirs:\/\/news\/379579\" target=\"_blank\" rel=\"noopener\">qui a fait pol\u00e9mique il y a quelques ann\u00e9es<\/a>, a h\u00e9sit\u00e9, c\u2019est peut-\u00eatre \u00e9galement parce qu\u2019il a eu du mal \u00e0 voir Yellowstone, dont les quatre premi\u00e8res saisons sont disponibles sur <a href=\"https:\/\/www.programme-tv.net\/guide-netflix\/\" target=\"_blank\" rel=\"noopener\">la plateforme de streaming Netflix<\/a> et la derni\u00e8re sur Paramount+, se terminer. Et apparemment il n\u2019\u00e9tait pas le seul dans cette situation. Pour rappel, malgr\u00e9 son succ\u00e8s, Yellowstone s&rsquo;est achev\u00e9e, notamment \u00e0 la suite du d\u00e9part de <a href=\"https:\/\/www.programme-tv.net\/biographie\/201-costner-kevin\/\" data-link-people=\"abcb6352-c0b0-45d9-a607-e67775292427\" target=\"_blank\" rel=\"noopener\">Kevin Costner<\/a> qui incarnait le patriarche, John Dutton III.<\/p>\n<p>                        <b>Yellowstone <\/b><b>: les acteurs \u00ab\u00a0<\/b>ne voulaient pas que cela se termine\u00a0\u00bb<\/p>\n<p>Dans une interview accord\u00e9e au magazine <a href=\"https:\/\/people.com\/luke-grimes-teases-yellowstone-spinoff-y-marshals-exclusive-11760262\" target=\"_blank\" rel=\"noopener\">People<\/a>, le com\u00e9dien de 41 ans s\u2019est confi\u00e9 sur <a href=\"https:\/\/www.programme-tv.net\/news\/series-tv\/382329-yellowstone-ca-va-etre-bizarre-ces-revelations-de-luke-grimes-sur-le-spin-off-sur-kayce-vont-faire-plaisir-aux-fans\/\" data-api-deeplink=\"teleloisirs:\/\/news\/382329\" target=\"_blank\" rel=\"noopener\">la transition qu\u2019il va devoir vivre<\/a> en passant de Yellowstone \u00e0 sa propre s\u00e9rie avec le m\u00eame personnage. \u00ab\u00a0Ce sera \u00e9trange\u00a0\u00bb, a-t-il confi\u00e9, avant d\u2019ajouter : <a href=\"https:\/\/www.programme-tv.net\/news\/series-tv\/382329-yellowstone-ca-va-etre-bizarre-ces-revelations-de-luke-grimes-sur-le-spin-off-sur-kayce-vont-faire-plaisir-aux-fans\/\" data-api-deeplink=\"teleloisirs:\/\/news\/382329\" target=\"_blank\" rel=\"noopener\">\u00ab\u00a0Il y aura des visages familiers,<\/a> mais il y aura aussi beaucoup de nouveaux visages, alors on verra bien ce que \u00e7a donne.\u00a0\u00bb Comme il l\u2019a r\u00e9v\u00e9l\u00e9  en parlant de Yellowstone, \u00ab\u00a0personne ne voulait que \u00e7a s\u2019arr\u00eate\u00a0\u00bb. Et le com\u00e9dien d\u2019ajouter : \u00ab\u00a0Je ne pense pas que les fans voulaient que \u00e7a se termine. Beaucoup d&rsquo;entre nous, les acteurs, ne voulaient pas non plus que cela se termine, et le studio et la cha\u00eene non plus.\u00a0\u00bb<\/p>\n<p><b>Yellowstone<\/b><b> : Luke Grimes \u00e9voque son dernier jour de tournage<\/b><\/p>\n<p>Sur son propre ressenti lors de son dernier jour de tournage, Luke Grimes a not\u00e9 : \u00ab\u00a0J&rsquo;ai cru que c&rsquo;\u00e9tait mon dernier jour en tant que Kayce. J&rsquo;ai pass\u00e9 sept ans \u00e0 incarner un personnage que je ne reverrai jamais, si ce n&rsquo;est son chapeau et sa veste dans mon placard\u00a0\u00bb, a-t-il expliqu\u00e9 \u00e9voquant un dernier jour de tournage de Yellowstone plus \u00ab\u00a0\u00e9mouvant\u00a0\u00bb qu&rsquo;il ne l&rsquo;avait imagin\u00e9.<\/p>\n<p>Les fans du fils de John Dutton III le retrouveront bient\u00f4t dans une histoire diff\u00e9rente de ce que nous avons pu voir dans Yellowstone. \u00ab\u00a0Kayce Dutton rejoint une unit\u00e9 d&rsquo;\u00e9lite des U.S. Marshals, combinant ses comp\u00e9tences de cow-boy et de Navy SEAL pour faire justice dans le Montana\u00a0\u00bb, a d\u00e9voil\u00e9 le synopsis. Le tournage de ce nouveau spin-off doit d\u00e9buter d\u00e8s cet \u00e9t\u00e9.<\/p>\n<p>Article \u00e9crit avec la collaboration de 6Medias<\/p>\n","protected":false},"excerpt":{"rendered":"Dans la famille Dutton, on demande le fils. Yellowstone est devenue une franchise \u00e0 succ\u00e8s avec plusieurs spin-offs&hellip;\n","protected":false},"author":2,"featured_media":248319,"comment_status":"","ping_status":"","sticky":false,"template":"","format":"standard","meta":{"footnotes":""},"categories":[1356],"tags":[244,58,59,1011,27,19779,127,5388,1722,4496,129,252,1364,4497],"class_list":{"0":"post-248318","1":"post","2":"type-post","3":"status-publish","4":"format-standard","5":"has-post-thumbnail","7":"category-television","8":"tag-commentaire","9":"tag-divertissement","10":"tag-entertainment","11":"tag-fr","12":"tag-france","13":"tag-luke-grimes","14":"tag-netflix","15":"tag-paramount-plus","16":"tag-pub-streaming-netflix","17":"tag-superstream","18":"tag-svod","19":"tag-television","20":"tag-tv","21":"tag-yellowstone"},"share_on_mastodon":{"url":"https:\/\/pubeurope.com\/@fr\/114848901699618041","error":""},"_links":{"self":[{"href":"https:\/\/www.europesays.com\/fr\/wp-json\/wp\/v2\/posts\/248318","targetHints":{"allow":["GET"]}}],"collection":[{"href":"https:\/\/www.europesays.com\/fr\/wp-json\/wp\/v2\/posts"}],"about":[{"href":"https:\/\/www.europesays.com\/fr\/wp-json\/wp\/v2\/types\/post"}],"author":[{"embeddable":true,"href":"https:\/\/www.europesays.com\/fr\/wp-json\/wp\/v2\/users\/2"}],"replies":[{"embeddable":true,"href":"https:\/\/www.europesays.com\/fr\/wp-json\/wp\/v2\/comments?post=248318"}],"version-history":[{"count":0,"href":"https:\/\/www.europesays.com\/fr\/wp-json\/wp\/v2\/posts\/248318\/revisions"}],"wp:featuredmedia":[{"embeddable":true,"href":"https:\/\/www.europesays.com\/fr\/wp-json\/wp\/v2\/media\/248319"}],"wp:attachment":[{"href":"https:\/\/www.europesays.com\/fr\/wp-json\/wp\/v2\/media?parent=248318"}],"wp:term":[{"taxonomy":"category","embeddable":true,"href":"https:\/\/www.europesays.com\/fr\/wp-json\/wp\/v2\/categories?post=248318"},{"taxonomy":"post_tag","embeddable":true,"href":"https:\/\/www.europesays.com\/fr\/wp-json\/wp\/v2\/tags?post=248318"}],"curies":[{"name":"wp","href":"https:\/\/api.w.org\/{rel}","templated":true}]}}