{"id":248326,"date":"2025-07-14T01:09:09","date_gmt":"2025-07-14T01:09:09","guid":{"rendered":"https:\/\/www.europesays.com\/fr\/248326\/"},"modified":"2025-07-14T01:09:09","modified_gmt":"2025-07-14T01:09:09","slug":"cest-surtout-de-ma-jeunesse-dont-je-suis-nostalgique-pour-les-carhaisiens-les-vieilles-charrues-ce-netait-pas-forcement-mieux-avant","status":"publish","type":"post","link":"https:\/\/www.europesays.com\/fr\/248326\/","title":{"rendered":"\u00ab\u00a0C\u2019est surtout de ma jeunesse dont je suis nostalgique\u00a0\u00bb\u00a0: pour les Carhaisiens, les Vieilles Charrues ce n\u2019\u00e9tait pas forc\u00e9ment mieux avant"},"content":{"rendered":"<p>En 1995, <a href=\"https:\/\/www.letelegramme.fr\/culture-loisirs\/festivals\/vieilles-charrues\/carhaix-etait-une-evidence-il-y-a-30-ans-les-vieilles-charrues-demenageaient-pour-sinstaller-dans-la-capitale-du-poher-6837162.php\" target=\"_blank\" rel=\"noopener\">les Vieilles Charrues posent leurs valises \u00e0 Carhaix<\/a>, marquant le tournant d\u00e9cisif vers le format \u00ab\u00a0festival\u00a0\u00bb. Cette ann\u00e9e-l\u00e0, 10\u00a0000 spectateurs se pressent sur la place du Champ-de-foire. L\u2019ann\u00e9e suivante, ils sont 20\u00a0000, puis 40\u00a0000 en 1997\u00a0: une croissance fulgurante qui pousse les organisateurs \u00e0 <a href=\"https:\/\/www.letelegramme.fr\/culture-loisirs\/festivals\/vieilles-charrues\/en-1998-les-vieilles-charrues-ont-migre-a-kerampuilh-et-ont-change-de-dimension-290566.php\" target=\"_blank\" rel=\"noopener\">d\u00e9m\u00e9nager l\u2019\u00e9v\u00e9nement \u00e0 Kerampuilh d\u00e8s 1998<\/a>. Une \u00e9poque r\u00e9volue, que les moins de vingt ans n\u2019ont pas connue, mais que les nostalgiques \u00e9voquent encore avec \u00e9motion.<\/p>\n<p>\u00ab\u00a0On est devenus parents\u00a0; on a vieilli\u00a0\u00bb<\/p>\n<p>Pierre et H\u00e9l\u00e8ne sont de ceux-l\u00e0. En 1995, ils venaient de terminer leurs \u00e9tudes universitaires. Ces premi\u00e8res Charrues \u00e0 Carhaix ont co\u00efncid\u00e9, pour le couple, avec une sorte de dernier \u00e9t\u00e9 de l\u2019insouciance. H\u00e9l\u00e8ne se souvient \u00ab\u00a0comme si c\u2019\u00e9tait hier\u00a0\u00bb du concert des Silencers. \u00ab\u00a0J\u2019habitais Brest \u00e0 l\u2019\u00e9poque. Je serais venue \u00e0 pied pour voir Jim Kerr, mon idole de l\u2019\u00e9poque. Aucun concert des Vieilles Charrues par la suite ne m\u2019a procur\u00e9 une telle \u00e9motion, pas m\u00eame celui de Springsteen que j\u2019adore pourtant\u00a0\u00bb.<\/p>\n<p>Son mari garde plut\u00f4t en m\u00e9moire le passage de James Brown, en 1997. \u00ab\u00a0Un artiste hors norme. J\u2019avais emmen\u00e9 mon p\u00e8re qui n\u2019en revenait pas de voir Mr Dynamite \u00e0 Carhaix\u00a0! C\u2019est la seule fois de sa vie qu\u2019il est venu aux Vieilles Charrues.\u00a0\u00bb Pendant dix ans, le couple n\u2019imaginait pas faire l\u2019impasse sur le festival. \u00ab\u00a0Et puis les ann\u00e9es ont pass\u00e9\u2026 On est devenus parents. On a vieilli. On est toujours contents d\u2019y aller de temps en temps mais si ce n\u2019est pas le cas, ce n\u2019est pas tr\u00e8s grave.\u00a0\u00bb<\/p>\n<p>\u00ab\u00a0C\u2019est surtout de ma jeunesse dont je suis nostalgique\u00a0!\u00a0\u00bb<\/p>\n<p>Sylvie, 66 ans, explique parfois regretter \u00ab\u00a0le c\u00f4t\u00e9 familial des premi\u00e8res \u00e9ditions carhaisiennes\u00a0\u00bb. \u00ab\u00a0Surtout quand il y a des embouteillages. Je me dis alors que c\u2019\u00e9tait plus facile de se garer il y a trente ans\u00a0\u00bb, sourit l\u2019ancienne aide-soignante. Elle a pourtant v\u00e9cu sa plus belle \u00e9motion \u00e0 Kerampuilh. \u00ab\u00a0Pour le concert de Johnny. Mon mari \u00e9tait un fan absolu. C\u2019\u00e9tait notre derni\u00e8re sortie en couple. Il est mort quelques semaines plus tard.\u00a0\u00bb<\/p>\n<blockquote><p>Les odeurs d\u2019urine les lendemains des concerts sur la place du Champ-de-Foire, j\u2019en fais encore des cauchemars\u00a0!<\/p><\/blockquote>\n<p>Lionel, lui, n\u2019a pas connu les Charrues au centre-ville. \u00ab\u00a0Mais j\u2019\u00e9tais l\u00e0 en 1998 pour la premi\u00e8re \u00e0 Kerampuilh. J\u2019avais 25 ans. Pendant dix ans, les Charrues, plus que les concerts, c\u2019\u00e9taient les retrouvailles avec mes potes de lyc\u00e9e. Puis nous sommes devenus parents et la petite bande s\u2019est dispers\u00e9e. J\u2019ai toujours le m\u00eame plaisir \u00e0 aller au festival mais quatre jours de f\u00eate non-stop, je ne peux plus. Rien \u00e0 avoir avec la nostalgie.\u00a0\u00bb Luc, qui vient de souffler ses 60 bougies est sur la m\u00eame longueur d\u2019onde. \u00ab\u00a0C\u2019est surtout de ma jeunesse dont je suis nostalgique\u00a0!\u00a0\u00bb, confie le commercial.<\/p>\n<p>\u00ab Le \u00ab\u00a0c\u2019\u00e9tait mieux avant\u00a0\u00bb, \u00e7a me gonfle\u00a0!\u00a0\u00bb<\/p>\n<p>Si certains souvenirs restent vivaces, le festival, lui, n\u2019est pas rest\u00e9 fig\u00e9. Il a grandi, \u00e9volu\u00e9, s\u2019est professionnalis\u00e9 \u2014 sans jamais perdre cette \u00e9nergie collective qui le rend unique. Pour Alain, 51 ans, \u00ab\u00a0les Charrues c\u2019est mille fois mieux aujourd\u2019hui\u00a0\u00bb. \u00ab\u00a0Dans les ann\u00e9es 90, j\u2019habitais non loin de la place du Champ-de-Foire. Les odeurs d\u2019urine les lendemains des concerts, j\u2019en fais encore des cauchemars\u00a0\u00bb, rigole le technicien informatique<\/p>\n<p>\u00ab\u00a0Le \u00ab\u00a0c\u2019\u00e9tait mieux avant\u00a0\u00bb, \u00e7a me gonfle\u00a0! Pour les Charrues comme pour le reste, abonde Yves, pourtant loin d\u2019\u00eatre un accro. Mon truc c\u2019est le jazz. Cela ne m\u2019emp\u00eache pas aller de temps en temps aux Charrues avec des copains. Je trouve l\u2019organisation parfaite. Probablement que dans trente ans, les festivaliers seront nostalgiques des Charrues actuelles.\u00a0\u00bb<\/p>\n","protected":false},"excerpt":{"rendered":"En 1995, les Vieilles Charrues posent leurs valises \u00e0 Carhaix, marquant le tournant d\u00e9cisif vers le format \u00ab\u00a0festival\u00a0\u00bb.&hellip;\n","protected":false},"author":2,"featured_media":248327,"comment_status":"","ping_status":"","sticky":false,"template":"","format":"standard","meta":{"footnotes":""},"categories":[8],"tags":[11,829,5934,58,59,3337,1011,27,38885],"class_list":{"0":"post-248326","1":"post","2":"type-post","3":"status-publish","4":"format-standard","5":"has-post-thumbnail","7":"category-divertissement","8":"tag-actualites","9":"tag-bretagne","10":"tag-carhaix-plouguer","11":"tag-divertissement","12":"tag-entertainment","13":"tag-festivals","14":"tag-fr","15":"tag-france","16":"tag-vieilles-charrues-2025"},"share_on_mastodon":{"url":"https:\/\/pubeurope.com\/@fr\/114848922884117313","error":""},"_links":{"self":[{"href":"https:\/\/www.europesays.com\/fr\/wp-json\/wp\/v2\/posts\/248326","targetHints":{"allow":["GET"]}}],"collection":[{"href":"https:\/\/www.europesays.com\/fr\/wp-json\/wp\/v2\/posts"}],"about":[{"href":"https:\/\/www.europesays.com\/fr\/wp-json\/wp\/v2\/types\/post"}],"author":[{"embeddable":true,"href":"https:\/\/www.europesays.com\/fr\/wp-json\/wp\/v2\/users\/2"}],"replies":[{"embeddable":true,"href":"https:\/\/www.europesays.com\/fr\/wp-json\/wp\/v2\/comments?post=248326"}],"version-history":[{"count":0,"href":"https:\/\/www.europesays.com\/fr\/wp-json\/wp\/v2\/posts\/248326\/revisions"}],"wp:featuredmedia":[{"embeddable":true,"href":"https:\/\/www.europesays.com\/fr\/wp-json\/wp\/v2\/media\/248327"}],"wp:attachment":[{"href":"https:\/\/www.europesays.com\/fr\/wp-json\/wp\/v2\/media?parent=248326"}],"wp:term":[{"taxonomy":"category","embeddable":true,"href":"https:\/\/www.europesays.com\/fr\/wp-json\/wp\/v2\/categories?post=248326"},{"taxonomy":"post_tag","embeddable":true,"href":"https:\/\/www.europesays.com\/fr\/wp-json\/wp\/v2\/tags?post=248326"}],"curies":[{"name":"wp","href":"https:\/\/api.w.org\/{rel}","templated":true}]}}