{"id":248332,"date":"2025-07-14T01:12:12","date_gmt":"2025-07-14T01:12:12","guid":{"rendered":"https:\/\/www.europesays.com\/fr\/248332\/"},"modified":"2025-07-14T01:12:12","modified_gmt":"2025-07-14T01:12:12","slug":"sur-les-traces-de-jd-vance-une-enfance-cabossee-dans-la-rust-belt","status":"publish","type":"post","link":"https:\/\/www.europesays.com\/fr\/248332\/","title":{"rendered":"Sur les traces de JD Vance, une enfance caboss\u00e9e dans la Rust Belt"},"content":{"rendered":"<p data-module=\"fig-standfirst-editorial-episode\" data-context=\"@media (min-width:48em)\">C\u2019est \u00e0 Middletown, petite ville de l\u2019Ohio \u00e0 l\u2019industrie sinistr\u00e9e, en pleine \u00ab\u00a0ceinture de la rouille\u00a0\u00bb, qu\u2019a grandi le vice-pr\u00e9sident am\u00e9ricain. Un livre, puis son \u00e9lection ont rendu ce nom c\u00e9l\u00e8bre, mais certains habitants d\u00e9plorent un mis\u00e9rabilisme caricatural.<\/p>\n<p class=\"fig-paragraph fig-paragraph--dropped\">En ce mardi 3\u00a0d\u00e9cembre 2024, dans la rotonde \u00e0 l\u2019\u00e9clairage tamis\u00e9 o\u00f9 se r\u00e9unit deux fois par mois le conseil municipal de\u00a0<a href=\"https:\/\/www.lefigaro.fr\/elections-americaines\/2016\/10\/30\/01040-20161030ARTFIG00175-etats-unis-middletown-ou-la-gloire-perdue-de-la-ceinture-de-rouille.php\" data-fig-type=\"Article\" data-gtm-custom-categorie=\"navigation\" data-gtm-custom-action=\"crossclick\" data-gtm-custom-label=\"Contextuel\" data-gtm-event=\"customEventSPE\" data-fig-domain=\"LEFIGARO\" rel=\"nofollow noopener\" target=\"_blank\">Middletown<\/a>, une femme de petite taille, aux lunettes rectangulaires et \u00e0 la chevelure d\u2019un gris terne, s\u2019avance vers le micro. Beverly Aikins, dont la plupart des habitants de cette localit\u00e9 de la Rust Belt (\u00ab\u00a0ceinture de la rouille\u00a0\u00bb) connaissent bien l\u2019histoire, est venue formuler une \u00ab\u00a0humble\u00a0\u00bb requ\u00eate. Un mois plus t\u00f4t, son fils,\u00a0<a href=\"http:\/\/www.lefigaro.fr\/international\/jd-vance-vice-president-americain-sur-tous-les-fronts-du-trumpisme-20250418\" data-fig-type=\"Article\" data-gtm-custom-categorie=\"navigation\" data-gtm-custom-action=\"crossclick\" data-gtm-custom-label=\"Contextuel\" data-gtm-event=\"customEventSPE\" data-fig-domain=\"LEFIGARO\" rel=\"nofollow noopener\" target=\"_blank\">JD\u00a0Vance<\/a>, a \u00e9t\u00e9 \u00e9lu vice-pr\u00e9sident des \u00c9tats-Unis. \u00ab\u00a0Il me semble que ce serait bien si nous pouvions reconna\u00eetre qu\u2019il a grandi dans cette ville en y installant quelques panneaux\u00a0\u00bb, plaide-t-elle d\u2019une voix assur\u00e9e, soulignant qu\u2019\u00ab\u00a0il consid\u00e8re depuis toujours Middletown comme sa maison\u00a0\u00bb et qu\u2019il y revient r\u00e9guli\u00e8rement pour \u00ab\u00a0(lui) rendre visite et (l\u2019)emmener d\u00eener\u00a0\u00bb.<\/p>\n<p class=\"fig-paragraph fig-paragraph--dropped\">Autour d\u2019elle, les \u00e9lus et le public semblent partag\u00e9s. Certains lisent dans le parcours de l\u2019enfant du pays qui a su s\u2019\u00e9lever jusqu\u2019aux plus hautes\u2026<\/p>\n<p class=\"fig-premium-paywall__infos\">\n        Cet article est r\u00e9serv\u00e9 aux abonn\u00e9s.        Il vous reste 91% \u00e0 d\u00e9couvrir.\n    <\/p>\n<p>                <img  data- alt=\"Le Figaro\" class=\"fig-img--complete fig-img\"\/><\/p>\n<p class=\"fig-premium-paywall__title\">Vous avez envie de lire la suite ?<\/p>\n<p class=\"fig-premium-paywall__subtitle\">D\u00e9bloquez tous les articles imm\u00e9diatement.<\/p>\n<p class=\"fig-premium-paywall__connect\">\n                D\u00e9j\u00e0 abonn\u00e9\u00a0?                <a class=\"fig-premium-paywall__connect-link\" href=\"https:\/\/connect.lefigaro.fr\/login?client=horizon_web&amp;type=main&amp;redirect_uri=https%3A%2F%2Fwww.lefigaro.fr%2Finternational%2Ffamille-dysfonctionnelle-drogue-et-grand-mere-dure-a-cuire-sur-les-traces-de-l-enfance-de-jd-vance-dans-la-rust-belt-20250713\" data-js-gtm=\"{&quot;customCategorie&quot;: &quot;conversion&quot;, &quot;customAction&quot;: &quot;before_Landing_Connexion_paywall_auto&quot;, &quot;customLabel&quot;: &quot;bGVmaWdhcm8uZnJfXzFmMDU1YjY0LWQyMzgtNmFiNi1hZDNlLTM1MzUwNWEyNDUyZl9fQXJ0aWNsZQ==_Sur les traces de JD Vance, une enfance caboss\u00e9e dans la Rust Belt_143&quot;, &quot;customIDSPE&quot;: &quot;bGVmaWdhcm8uZnJfXzFmMDU1YjY0LWQyMzgtNmFiNi1hZDNlLTM1MzUwNWEyNDUyZl9fQXJ0aWNsZQ==&quot;, &quot;event&quot;: &quot;customEventSPE&quot;}\" rel=\"nofollow noopener\" target=\"_blank\"><br \/>\n                    Connectez-vous<br \/>\n                <\/a>\n            <\/p>\n","protected":false},"excerpt":{"rendered":"C\u2019est \u00e0 Middletown, petite ville de l\u2019Ohio \u00e0 l\u2019industrie sinistr\u00e9e, en pleine \u00ab\u00a0ceinture de la rouille\u00a0\u00bb, qu\u2019a grandi&hellip;\n","protected":false},"author":2,"featured_media":248333,"comment_status":"","ping_status":"","sticky":false,"template":"","format":"standard","meta":{"footnotes":""},"categories":[5],"tags":[11,73,1011,27,14,79,12,28],"class_list":{"0":"post-248332","1":"post","2":"type-post","3":"status-publish","4":"format-standard","5":"has-post-thumbnail","7":"category-international","8":"tag-actualites","9":"tag-etats-unis","10":"tag-fr","11":"tag-france","12":"tag-international","13":"tag-j-d-vance","14":"tag-news","15":"tag-world"},"share_on_mastodon":{"url":"https:\/\/pubeurope.com\/@fr\/114848933007066337","error":""},"_links":{"self":[{"href":"https:\/\/www.europesays.com\/fr\/wp-json\/wp\/v2\/posts\/248332","targetHints":{"allow":["GET"]}}],"collection":[{"href":"https:\/\/www.europesays.com\/fr\/wp-json\/wp\/v2\/posts"}],"about":[{"href":"https:\/\/www.europesays.com\/fr\/wp-json\/wp\/v2\/types\/post"}],"author":[{"embeddable":true,"href":"https:\/\/www.europesays.com\/fr\/wp-json\/wp\/v2\/users\/2"}],"replies":[{"embeddable":true,"href":"https:\/\/www.europesays.com\/fr\/wp-json\/wp\/v2\/comments?post=248332"}],"version-history":[{"count":0,"href":"https:\/\/www.europesays.com\/fr\/wp-json\/wp\/v2\/posts\/248332\/revisions"}],"wp:featuredmedia":[{"embeddable":true,"href":"https:\/\/www.europesays.com\/fr\/wp-json\/wp\/v2\/media\/248333"}],"wp:attachment":[{"href":"https:\/\/www.europesays.com\/fr\/wp-json\/wp\/v2\/media?parent=248332"}],"wp:term":[{"taxonomy":"category","embeddable":true,"href":"https:\/\/www.europesays.com\/fr\/wp-json\/wp\/v2\/categories?post=248332"},{"taxonomy":"post_tag","embeddable":true,"href":"https:\/\/www.europesays.com\/fr\/wp-json\/wp\/v2\/tags?post=248332"}],"curies":[{"name":"wp","href":"https:\/\/api.w.org\/{rel}","templated":true}]}}