{"id":248349,"date":"2025-07-14T01:28:05","date_gmt":"2025-07-14T01:28:05","guid":{"rendered":"https:\/\/www.europesays.com\/fr\/248349\/"},"modified":"2025-07-14T01:28:05","modified_gmt":"2025-07-14T01:28:05","slug":"les-bons-plans-max-radio-du-14-07-au-20-07","status":"publish","type":"post","link":"https:\/\/www.europesays.com\/fr\/248349\/","title":{"rendered":"Les Bons Plans Max Radio du 14\/07 au 20\/07"},"content":{"rendered":"<p>Chaque semaine, retrouvez les meilleurs bons plans de Grenoble et Chamb\u00e9ry ! <br \/>Que vous soyez \u00e0 la recherche d&rsquo;activit\u00e9s, de sorties, d&rsquo;\u00e9v\u00e9nements ou de bonnes adresses, nous vous partageons tout ce qu&rsquo;il ne faut pas manquer.<\/p>\n<p>Les Bons Plans \u00e0 Grenoble :<\/p>\n<p> <b>Rendez-vous : le 14 juillet, de 18h \u00e0 23h, au Fort de la Bastille.<\/b><\/p>\n<p>Le 14 juillet, prenez d&rsquo;assaut la Bastille\u2026 en rythme et en couleur !<\/p>\n<p>Cette ann\u00e9e, la F\u00eate nationale s&rsquo;annonce renversante au Fort de la Bastille de Grenoble !<br \/>Oubliez les fourches et les flambeaux : on sort les chaussures de danse et on vient lib\u00e9rer la joie autour d&rsquo;un dancefloor musical.<\/p>\n<p>En collaboration avec Retour de Sc\u00e8ne, Petite Lucette vous invite \u00e0 un bal qui fait tomber les murs du quotidien : un tourbillon musical o\u00f9 la scottish flirte avec la cumbia, le jazz libre se m\u00eale aux airs de f\u00eate, et l&rsquo;on peint la r\u00e9alit\u00e9 avec des touches de gouache et de bonne humeur.<br \/>Le r\u00e9sultat ? Une ambiance survolt\u00e9e, pleine d&rsquo;\u00e9nergie, o\u00f9 l&rsquo;instinct prend le dessus et les corps s&rsquo;animent dans une libert\u00e9 toute r\u00e9volutionnaire ! Un bal o\u00f9 l&rsquo;on ne prend pas la Bastille\u2026 on l&rsquo;enchante !<\/p>\n<p>Et bien s\u00fbr, ne manquez pas le feu d&rsquo;artifice visible depuis la Bastille \u00e0 partir de 22h \u2014 un point de vue qui vaut la mont\u00e9e !<br \/>Les gourmands ne seront pas oubli\u00e9s : le Snack de la Bastille et le Restaurant du T\u00e9l\u00e9ph\u00e9rique vous r\u00e9galeront toute la soir\u00e9e.<\/p>\n<p><a class=\"url\" href=\"https:\/\/www.grenoble-tourisme.com\/fr\/decouvrir\/evenements\/agenda\/detail\/le-bal-du-14-juillet-au-fort-de-la-bastille-7427679\/\" target=\"_blank\" rel=\"nofollow noopener\">En savoir plus.<\/a><\/p>\n<tr>\n<td class=\"defaut\"><a href=\"https:\/\/www.radioscoop.com\/agenda\/javascript:void(0)\" onclick=\"parent.RS.diaporama.addMedia(700405) ;\" rel=\"nofollow noopener\" target=\"_blank\"><img loading=\"lazy\" decoding=\"async\" src=\"https:\/\/www.europesays.com\/fr\/wp-content\/uploads\/2025\/07\/1752456484_13_img\" width=\"640\" height=\"480\" border=\"0\" title=\"ehvbjye\"\/><\/a><\/td>\n<\/tr>\n<p> <b>Rendez-vous : le 14 juillet, d\u00e8s 17h, au Parc de Verlhac.<\/b><\/p>\n<p>La Ville de Grenoble organise la traditionnelle f\u00eate du 14 juillet qui se d\u00e9roulera dans le parc Jean Verhlac de la Villeneuve : concerts, animations, bal et feu d&rsquo;artifice.<\/p>\n<p>Pour c\u00e9l\u00e9brer la F\u00eate Nationale, venez assister \u00e0 la c\u00e9r\u00e9monie officielle, suivie d&rsquo;un d\u00e9fil\u00e9 militaire \u00e0 pied et motoris\u00e9 et d&rsquo;une pr\u00e9sentation de mat\u00e9riel.<br \/>17h : d\u00e9but de la c\u00e9r\u00e9monie<br \/>18h : ouverture des stands<br \/>Animations autour du 14 juillet<br \/>Parc Jean-Verlhac et all\u00e9e des Tilleuls<br \/>De 17h \u00e0 21h<br \/>Stand de maquillage avec Palace paillettes.<br \/>Ateliers cr\u00e9atifs \u00ab explosion de couleurs \u2013 feu d&rsquo;artifice en papier d\u00e9coup\u00e9 \u00bb avec Juliette Baras.<br \/>Atelier \u00ab initiation aquarelle \u00bb avec Karine Corbier.<br \/>Mur d&rsquo;escalade avec Profession sport 38<br \/>De 17h30 \u00e0 20h30<br \/>Sc\u00e8ne locale en collaboration avec Retour de Sc\u00e8ne.<br \/>Balla Bangoura (Afro Mandingue).<br \/>Desertstreet (Blues du desert)<br \/>De 18h \u00e0 20h30<br \/>Le verre r\u00e9publicain<br \/>De 18h \u00e0 23h<br \/>Buvette, par le Secours populaire<br \/>De 21h \u00e0 22h30<br \/>Le bal avec l&rsquo;orchestre Clin d&rsquo;\u0153il<br \/>De 18h \u00e0 23h<br \/>Village repas avec :<br \/>Association Villeneuve.<br \/>All Concept : gaufres.<br \/>S\u00e9n\u00e9galais de l&rsquo;Is\u00e8re : poulet Yassa, friands \u00e0 la viande ou thon, jus de bissap et de gingembre.<br \/>Association VDJ : cr\u00eapes et barbecue.<br \/>Association La bande \u00e0 Mamou : tartes, cakes sucr\u00e9s et sal\u00e9s, p\u00e2tisserie, jus maison ( bissap sans sucre, gingembre moringa et tamarin).<br \/>Centre ados Arlequins : g\u00e2teaux.<br \/>Foodtrucks :<br \/>Bis truck : burgers.<br \/>Cr\u00e8me croquante : glace.<br \/>La bigoudine : cr\u00eapes, galettes.<br \/>Les pieds dans le plats : bo bun<br \/>22h30 : Le feu d&rsquo;artifice<\/p>\n<p><a class=\"url\" href=\"https:\/\/www.grenoble-tourisme.com\/fr\/decouvrir\/evenements\/agenda\/detail\/fete-nationale-a-grenoble-4773814\/\" target=\"_blank\" rel=\"nofollow noopener\">En savoir plus.<\/a><\/p>\n<tr>\n<td class=\"defaut\"><img loading=\"lazy\" decoding=\"async\" src=\"https:\/\/www.europesays.com\/fr\/wp-content\/uploads\/2025\/07\/1752456484_413_img\" width=\"440\" height=\"620\" border=\"0\" title=\"fcfvh\"\/><\/td>\n<\/tr>\n<p> <b>Rendez-vous : du 16 au 20 juillet, dans les jardins de la ville.<\/b><\/p>\n<p>En plein centre de Grenoble, le Jardin de Ville donne au Cabaret Frapp\u00e9 son ambiance unique et conviviale. : des concerts gratuits, des d\u00e9couvertes musicales \u00e0 ciel ouvert, parfaites pour profiter des longues soir\u00e9es d&rsquo;\u00e9t\u00e9.<\/p>\n<p>La sc\u00e8ne locale offre de belles opportunit\u00e9s pour les artistes locaux en pleine expansion. Plusieurs d&rsquo;entre eux sont issus de La Cuv\u00e9e grenobloise, dispositif d&rsquo;accompagnement port\u00e9 par l&rsquo;association Retour de Sc\u00e8ne. L&rsquo;ambition du festival est aussi de permettre la d\u00e9couverte de ces groupes \u00e9mergents locaux sur la sc\u00e8ne unique du festival.<\/p>\n<p><a class=\"url\" href=\"https:\/\/www.grenoble-tourisme.com\/fr\/decouvrir\/evenements\/agenda\/detail\/festival-cabaret-frappe-autrement-201943\/\/\" target=\"_blank\" rel=\"nofollow noopener\">Je prends ma place !<\/a><\/p>\n<tr>\n<td class=\"defaut\"><a href=\"https:\/\/www.radioscoop.com\/agenda\/javascript:void(0)\" onclick=\"parent.RS.diaporama.addMedia(700407) ;\" rel=\"nofollow noopener\" target=\"_blank\"><img loading=\"lazy\" decoding=\"async\" src=\"https:\/\/www.europesays.com\/fr\/wp-content\/uploads\/2025\/07\/1752456484_68_img\" width=\"640\" height=\"427\" border=\"0\" title=\"hic\"\/><\/a><\/td>\n<\/tr>\n<p> <b>Rendez-vous : le 16 juillet, \u00e0 partir de 20h, \u00e0 la Com\u00e9die de Grenoble.<\/b><\/p>\n<p>Plongez dans un voyage pr\u00e9historique \u00e9blouissant avec le Dr. Dino et Victor, son v\u00e9lociraptor de compagnie !<\/p>\n<p>D\u00e9couvrez les merveilles de notre plan\u00e8te, ses secrets ancestraux et les \u00e9poques qui ont pr\u00e9c\u00e9d\u00e9 notre \u00e8re, le tout dans une aventure \u00e9pique qui \u00e9merveillera petits et grands !<br \/>Mais attention, le T-Rex r\u00f4de et il faudra \u00eatre bien astucieux pour lui \u00e9chapper&#8230;<\/p>\n<p><a class=\"url\" href=\"https:\/\/www.grenoble-tourisme.com\/fr\/decouvrir\/evenements\/agenda\/detail\/les-aventures-de-docteur-dino-et-victor-le-raptor-6777389\/\" target=\"_blank\" rel=\"nofollow noopener\">Je prends ma place !<\/a><\/p>\n<tr>\n<td class=\"defaut\"><a href=\"https:\/\/www.radioscoop.com\/agenda\/javascript:void(0)\" onclick=\"parent.RS.diaporama.addMedia(700409) ;\" rel=\"nofollow noopener\" target=\"_blank\"><img loading=\"lazy\" decoding=\"async\" src=\"https:\/\/www.europesays.com\/fr\/wp-content\/uploads\/2025\/07\/1752456485_93_img\" width=\"452\" height=\"640\" border=\"0\" title=\"cjtgy\"\/><\/a><\/td>\n<\/tr>\n<p> <b>Rendez-vous : le 16 juillet, \u00e0 partir de 19h, \u00e0 la Galerie de l&rsquo;Arlequin.<\/b><\/p>\n<p>Venez profiter d&rsquo;un temps de jeux et d&rsquo;animations suivi d&rsquo;une s\u00e9ance de cin\u00e9ma en plein air avec la projection du film \u00ab\u00a0Abominable\u00a0\u00bb.<\/p>\n<p>Rendez-vous sur la place Rouge pour des animations de 19h \u00e0 21h et la projection d&rsquo;un film d\u00e8s 21h30.<\/p>\n<p><a class=\"url\" href=\"https:\/\/www.grenoble-tourisme.com\/fr\/decouvrir\/evenements\/agenda\/detail\/cine-en-plein-air-abominable-742929\/\" target=\"_blank\" rel=\"nofollow noopener\">Je prends ma place !<\/a><\/p>\n<tr>\n<td class=\"defaut\"><img loading=\"lazy\" decoding=\"async\" src=\"https:\/\/www.europesays.com\/fr\/wp-content\/uploads\/2025\/07\/1752456485_799_img\" width=\"290\" height=\"435\" border=\"0\" title=\"vejksb\"\/><\/td>\n<\/tr>\n<p><p>Les Bons Plans \u00e0 Chamb\u00e9ry :<\/p>\n<p><\/p>\n<p> <b>Rendez-vous : le 14 juillet, \u00e0 partir de 10h, dans Chamb\u00e9ry.<\/b><\/p>\n<p>Festivit\u00e9s du 14 juillet, F\u00eate Nationale, se d\u00e9rouleront en 2 temps: pique-nique partag\u00e9, feu d&rsquo;artifice (22h15) et fin de soir\u00e9e dansante le 12 juillet, puis le traditionnel d\u00e9fil\u00e9 suivi d&rsquo;un pot r\u00e9publicain offert par la Ville de Chamb\u00e9ry le 14 juillet<br \/>A partir de 19h : Repas partag\u00e9 et animations musicales : moment convivial avec possibilit\u00e9 d&rsquo;amener son pique-nique sur place ou de profiter des buvettes\/ barbecues propos\u00e9s par les associations de quartier Posse 33, Chantemerle Loisirs Enfance Familles, Le Haut Football Club Chamb\u00e9ry ainsi que le Groupe d&rsquo;Arts et Traditions Populaires La Savoie.<\/p>\n<p>22h15 : Tir du feu d&rsquo;artifice (dur\u00e9e 20 minutes)<br \/>22h35 &#8211; 00h : Fin de soir\u00e9e dansante avec DJ LUCA<\/p>\n<p>Le 14 juillet, la Ville de Chamb\u00e9ry vous invite \u00e0 c\u00e9l\u00e9brer la F\u00eate Nationale :<\/p>\n<p>&#8211; 10 h : pour la prise d&rsquo;armes sur la place du Palais de Justice Robert Badinter<\/p>\n<p>&#8211; 10 h 45 : pour le d\u00e9fil\u00e9 Rue de Boigne en direction de la Place du Ch\u00e2teau<\/p>\n<p>&#8211; 11 h 15 : pour la r\u00e9ception officielle dans les jardins du Ch\u00e2teau des Ducs de Savoie (c\u00f4t\u00e9 cour)<\/p>\n<p><a class=\"url\" href=\"https:\/\/www.chambery.fr\/agenda\/32483\/153-fete-nationale-a-chambery-grand-feu-d-artifice-et-traditionnel-defile.htm?periode=261430\/\" target=\"_blank\" rel=\"nofollow noopener\">Je prends ma place !<\/a><\/p>\n<tr>\n<td class=\"defaut\"><a href=\"https:\/\/www.radioscoop.com\/agenda\/javascript:void(0)\" onclick=\"parent.RS.diaporama.addMedia(700412) ;\" rel=\"nofollow noopener\" target=\"_blank\"><img loading=\"lazy\" decoding=\"async\" src=\"https:\/\/www.europesays.com\/fr\/wp-content\/uploads\/2025\/07\/1752456485_748_img\" width=\"640\" height=\"423\" border=\"0\" title=\"jbjhbk\"\/><\/a><\/td>\n<\/tr>\n<p> <b>Rendez-vous : du 12 au 15 juillet, de 17h \u00e0 00h, au Parc du Verney.<\/b><\/p>\n<p>Quatre soir\u00e9es au Verney avec march\u00e9 nocturne, ap\u00e9ros musicaux, repas \u00ab\u00a0\u00a0\u00bbTipicos\u00a0\u00bb\u00a0\u00bb et spectacles. Les pays pr\u00e9sents en 2025 : Slovaquie, Mexique, Taiwan, Sri-Lanka, Togo et bien s\u00fbr la France.<\/p>\n<p><a class=\"url\" href=\"https:\/\/www.chambery.fr\/agenda\/34318\/153-festival-des-cultures-du-monde-de-chambery.htm?periode=261429\/\" target=\"_blank\" rel=\"nofollow noopener\">Je prends ma place !<\/a><\/p>\n<tr>\n<td class=\"defaut\"><img loading=\"lazy\" decoding=\"async\" src=\"https:\/\/www.europesays.com\/fr\/wp-content\/uploads\/2025\/07\/1752456485_877_img\" width=\"275\" height=\"183\" border=\"0\" title=\"vghvhn\"\/><\/td>\n<\/tr>\n<p><\/p>\n","protected":false},"excerpt":{"rendered":"Chaque semaine, retrouvez les meilleurs bons plans de Grenoble et Chamb\u00e9ry ! Que vous soyez \u00e0 la recherche&hellip;\n","protected":false},"author":2,"featured_media":248350,"comment_status":"","ping_status":"","sticky":false,"template":"","format":"standard","meta":{"footnotes":""},"categories":[9566],"tags":[1111,11,2430,677,12362,1777,674,1011,27,2731,12,7518,25],"class_list":{"0":"post-248349","1":"post","2":"type-post","3":"status-publish","4":"format-standard","5":"has-post-thumbnail","7":"category-grenoble","8":"tag-actu","9":"tag-actualites","10":"tag-auvergne-rhone-alpes","11":"tag-bons-plans","12":"tag-chambry","13":"tag-eu","14":"tag-europe","15":"tag-fr","16":"tag-france","17":"tag-grenoble","18":"tag-news","19":"tag-octobre","20":"tag-republique-francaise"},"share_on_mastodon":{"url":"https:\/\/pubeurope.com\/@fr\/114848997258373656","error":""},"_links":{"self":[{"href":"https:\/\/www.europesays.com\/fr\/wp-json\/wp\/v2\/posts\/248349","targetHints":{"allow":["GET"]}}],"collection":[{"href":"https:\/\/www.europesays.com\/fr\/wp-json\/wp\/v2\/posts"}],"about":[{"href":"https:\/\/www.europesays.com\/fr\/wp-json\/wp\/v2\/types\/post"}],"author":[{"embeddable":true,"href":"https:\/\/www.europesays.com\/fr\/wp-json\/wp\/v2\/users\/2"}],"replies":[{"embeddable":true,"href":"https:\/\/www.europesays.com\/fr\/wp-json\/wp\/v2\/comments?post=248349"}],"version-history":[{"count":0,"href":"https:\/\/www.europesays.com\/fr\/wp-json\/wp\/v2\/posts\/248349\/revisions"}],"wp:featuredmedia":[{"embeddable":true,"href":"https:\/\/www.europesays.com\/fr\/wp-json\/wp\/v2\/media\/248350"}],"wp:attachment":[{"href":"https:\/\/www.europesays.com\/fr\/wp-json\/wp\/v2\/media?parent=248349"}],"wp:term":[{"taxonomy":"category","embeddable":true,"href":"https:\/\/www.europesays.com\/fr\/wp-json\/wp\/v2\/categories?post=248349"},{"taxonomy":"post_tag","embeddable":true,"href":"https:\/\/www.europesays.com\/fr\/wp-json\/wp\/v2\/tags?post=248349"}],"curies":[{"name":"wp","href":"https:\/\/api.w.org\/{rel}","templated":true}]}}