{"id":248351,"date":"2025-07-14T01:30:47","date_gmt":"2025-07-14T01:30:47","guid":{"rendered":"https:\/\/www.europesays.com\/fr\/248351\/"},"modified":"2025-07-14T01:30:47","modified_gmt":"2025-07-14T01:30:47","slug":"rennes-nominations-diocesaines-pour-septembre","status":"publish","type":"post","link":"https:\/\/www.europesays.com\/fr\/248351\/","title":{"rendered":"Rennes : nominations dioc\u00e9saines pour septembre"},"content":{"rendered":"<p>Voici les <a href=\"https:\/\/rennes.catholique.fr\/actualite\/articles\/438972-nominations-2025\/\" target=\"_blank\" rel=\"noopener\">nominations<\/a> du dioc\u00e8se de Rennes, effectives en septembre<\/p>\n<p>Par d\u00e9cision de Monseigneur l\u2019Archev\u00eaque,<br \/>voici les nominations parues dans le magazine\u00a0\u00c9glise en Ille-et-Vilaine\u00a0du mois de juin.<\/p>\n<p>\u00c0 compter du 8 juillet 2025<\/p>\n<p><strong>l\u2019abb\u00e9 Olivier ROY<\/strong>, en ann\u00e9e sabbatique, est nomm\u00e9 Sup\u00e9rieur de la Maison Charles de Foucauld.<\/p>\n<p><img loading=\"lazy\" decoding=\"async\" class=\"alignleft size-medium wp-image-153919 lazyload\" src=\"https:\/\/www.europesays.com\/fr\/wp-content\/uploads\/2025\/07\/cathedrale_saint-vincent_saint-malo-300x300.jpg\" alt=\"\" width=\"300\" height=\"300\" data-  \/>\u00c0 compter du 1er\u00a0septembre 2025<\/p>\n<p><strong>Cur\u00e9s<\/strong><\/p>\n<ul>\n<li><strong>le chanoine Erwan DELAHAYE<\/strong>, cur\u00e9 de la Paroisse Saint-Pierre Saint-\u00c9tienne de Rennes Cath\u00e9drale, formateur \u00e0 la Formation Saint-Matthieu, Directeur et enseignant \u00e0 la Maison Charles de Foucauld, est nomm\u00e9 cur\u00e9 de la Paroisse Saint-Jean-Paul II, dans le Doyenn\u00e9 de la Trinit\u00e9. Il demeure formateur \u00e0 la Formation Saint-Matthieu, Directeur et enseignant \u00e0 la Maison Charles de Foucauld.<\/li>\n<li><strong>l\u2019abb\u00e9 Joseph V\u0168 TH\u00c1I H\u00d2A<\/strong>, cur\u00e9 de la Paroisse Sainte-Croix de la Flume, pr\u00eatre accompagnateur de la communaut\u00e9 vietnamienne, est nomm\u00e9 cur\u00e9 de la Paroisse Saint-Cl\u00e9ment de Rennes, dans le Doyenn\u00e9 des Grands Ensembles Rennais. Il demeure pr\u00eatre accompagnateur de la communaut\u00e9 vietnamienne.<\/li>\n<li><strong>l\u2019abb\u00e9 Guyien NDOLO KITANDA<\/strong>, pr\u00eatre du dioc\u00e8se de Nkayi (R\u00e9publique du Congo), auxiliaire pastoral aux Paroisses Notre-Dame de La Guerche et Saint-Martin en Semnon, dans le Doyenn\u00e9 Notre-Dame, est nomm\u00e9 cur\u00e9 des Paroisses Notre-Dame de la Guerche et Saint-Martin en Semnon, dans le Doyenn\u00e9 Notre-Dame.<\/li>\n<li><strong>l\u2019abb\u00e9 Jean-Luc GUILLOTEL<\/strong>, doyen du Doyenn\u00e9 de Broc\u00e9liande, cur\u00e9 de la Paroisse Saint-M\u00e9en du Garun, pr\u00eatre accompagnateur de l\u2019Hospitalit\u00e9 Notre-Dame de Lourdes, est nomm\u00e9 cur\u00e9 de la Paroisse Sainte-Croix de la Flume, dans le Doyenn\u00e9 de La Trinit\u00e9. Il demeure pr\u00eatre accompagnateur de l\u2019Hospitalit\u00e9 Notre-Dame de Lourdes.<\/li>\n<li><strong>l\u2019abb\u00e9 Jean-Pierre NDANDOU<\/strong>, pr\u00eatre du dioc\u00e8se de Brazzaville (R\u00e9publique du Congo), auxiliaire pastoral aux Paroisses La Visitation de Foug\u00e8res, Sainte-Th\u00e9r\u00e8se du Bocage Fougerais, Saint-Gilles de Mu\u00e9, est nomm\u00e9 cur\u00e9 de la Paroisse Saint-M\u00e9en du Garun, dans le Doyenn\u00e9 de Broc\u00e9liande.<\/li>\n<li><strong>l\u2019abb\u00e9 Nicolas GUILLOU<\/strong>, doyen du Doyenn\u00e9 de Rennes Centre, cur\u00e9 de la Paroisse Notre-Dame de Bonne Nouvelle, d\u00e9l\u00e9gu\u00e9 \u00e9piscopal \u00e0 la Communication, aum\u00f4nier d\u2019\u00e9tudiants, responsable du Service dioc\u00e9sain des Vocations, est nomm\u00e9 cur\u00e9 des Paroisses Sainte-Th\u00e9r\u00e8se de l\u2019Enfant-J\u00e9sus de Rennes et Sacr\u00e9s-C\u0153urs de Rennes, dans le Doyenn\u00e9 de Rennes Jeanne Jugan. Il demeure d\u00e9l\u00e9gu\u00e9 \u00e9piscopal pour le Service de Communication, et responsable du Service dioc\u00e9sain des Vocations.<\/li>\n<li><strong>l\u2019abb\u00e9\u00a0<\/strong><strong>Luc M\u00c9TAYER<\/strong>, administrateur paroissial de la Paroisse Saint-Jean-Paul II, est nomm\u00e9 cur\u00e9 de la Paroisse Notre-Dame de Bonne-Nouvelle, dans le Doyenn\u00e9 de Rennes Centre, aum\u00f4nier d\u2019\u00e9tudiants et pr\u00eatre accompagnateur du Campus Frassati.<\/li>\n<li><strong>l\u2019abb\u00e9 Pierre DEM\u00c9<\/strong>, cur\u00e9 de la Paroisse Saint-Aubin de l\u2019Illet, est nomm\u00e9 cur\u00e9 de la Paroisse Saint-Maur de l\u2019Aff, dans le Doyenn\u00e9 Saint-Sauveur.<\/li>\n<li><strong>l\u2019abb\u00e9 Jean-Baptiste NZIMULINDA<\/strong>, cur\u00e9 de la Paroisse Saint-Maur de l\u2019Aff, est nomm\u00e9 cur\u00e9 de la Paroisse Saint-Aubin de l\u2019Illet, dans le Doyenn\u00e9 de La Trinit\u00e9.<\/li>\n<\/ul>\n<p>\u00a0<\/p>\n<p><strong><img loading=\"lazy\" decoding=\"async\" class=\"alignleft size-medium wp-image-183802 lazyload\" src=\"https:\/\/www.europesays.com\/fr\/wp-content\/uploads\/2025\/07\/rennes-seminaire1-300x300.jpg\" alt=\"\" width=\"300\" height=\"300\" data-  \/>Administrateurs paroissiaux<\/strong><\/p>\n<ul>\n<li><strong>\u00a0<\/strong><strong>l\u2019abb\u00e9 Pierre LAMBALLAIS<\/strong>, auxiliaire pastoral \u00e0 la Paroisse Saint-Jean-Paul II, est nomm\u00e9 administrateur paroissial de la Paroisse Saint-Tugdual du Linon, dans le Doyenn\u00e9 d\u2019Ille-et-Rance.<\/li>\n<li><strong>l\u2019abb\u00e9 Louis-Emmanuel de La Foye<\/strong>, cur\u00e9 des Paroisses La Visitation de Foug\u00e8res, Sainte-Th\u00e9r\u00e8se du Bocage Fougerais, Saint-Gilles de Mu\u00e9, est nomm\u00e9, en outre, administrateur paroissial de la Paroisse Sainte-Anne du Couesnon, dans le Doyenn\u00e9 Saint-Martin.<\/li>\n<\/ul>\n","protected":false},"excerpt":{"rendered":"Voici les nominations du dioc\u00e8se de Rennes, effectives en septembre Par d\u00e9cision de Monseigneur l\u2019Archev\u00eaque,voici les nominations parues&hellip;\n","protected":false},"author":2,"featured_media":248352,"comment_status":"","ping_status":"","sticky":false,"template":"","format":"standard","meta":{"footnotes":""},"categories":[2821],"tags":[1111,11,829,38886,1777,674,1011,27,12,9350,584,25],"class_list":{"0":"post-248351","1":"post","2":"type-post","3":"status-publish","4":"format-standard","5":"has-post-thumbnail","7":"category-rennes","8":"tag-actu","9":"tag-actualites","10":"tag-bretagne","11":"tag-diocese-de-rennes","12":"tag-eu","13":"tag-europe","14":"tag-fr","15":"tag-france","16":"tag-news","17":"tag-nominations","18":"tag-rennes","19":"tag-republique-francaise"},"share_on_mastodon":{"url":"https:\/\/pubeurope.com\/@fr\/114849007780389001","error":""},"_links":{"self":[{"href":"https:\/\/www.europesays.com\/fr\/wp-json\/wp\/v2\/posts\/248351","targetHints":{"allow":["GET"]}}],"collection":[{"href":"https:\/\/www.europesays.com\/fr\/wp-json\/wp\/v2\/posts"}],"about":[{"href":"https:\/\/www.europesays.com\/fr\/wp-json\/wp\/v2\/types\/post"}],"author":[{"embeddable":true,"href":"https:\/\/www.europesays.com\/fr\/wp-json\/wp\/v2\/users\/2"}],"replies":[{"embeddable":true,"href":"https:\/\/www.europesays.com\/fr\/wp-json\/wp\/v2\/comments?post=248351"}],"version-history":[{"count":0,"href":"https:\/\/www.europesays.com\/fr\/wp-json\/wp\/v2\/posts\/248351\/revisions"}],"wp:featuredmedia":[{"embeddable":true,"href":"https:\/\/www.europesays.com\/fr\/wp-json\/wp\/v2\/media\/248352"}],"wp:attachment":[{"href":"https:\/\/www.europesays.com\/fr\/wp-json\/wp\/v2\/media?parent=248351"}],"wp:term":[{"taxonomy":"category","embeddable":true,"href":"https:\/\/www.europesays.com\/fr\/wp-json\/wp\/v2\/categories?post=248351"},{"taxonomy":"post_tag","embeddable":true,"href":"https:\/\/www.europesays.com\/fr\/wp-json\/wp\/v2\/tags?post=248351"}],"curies":[{"name":"wp","href":"https:\/\/api.w.org\/{rel}","templated":true}]}}