{"id":24836,"date":"2025-04-14T17:55:11","date_gmt":"2025-04-14T17:55:11","guid":{"rendered":"https:\/\/www.europesays.com\/fr\/24836\/"},"modified":"2025-04-14T17:55:11","modified_gmt":"2025-04-14T17:55:11","slug":"f1-la-ferrari-f2001-de-michael-schumacher-a-vendre-lors-du-gp-de-monaco","status":"publish","type":"post","link":"https:\/\/www.europesays.com\/fr\/24836\/","title":{"rendered":"F1 : la Ferrari F2001 de Michael Schumacher \u00e0 vendre lors du GP de Monaco"},"content":{"rendered":"<p>Dans quelques jours, dans le cadre du GP de Monaco 2025, la Ferrari F2001 pilot\u00e9e par Michael Schumacher lors de sa derni\u00e8re victoire en Principaut\u00e9 sera mise en vente aux ench\u00e8res par RM Sotheby\u2019s. Cette monoplace de la Scuderia Ferrari est l\u2019une des plus exceptionnelles de l\u2019histoire du Championnat du Monde de Formule 1. En 2001, Michael Schumacher a \u00e9t\u00e9 titr\u00e9 gr\u00e2ce \u00e0 cette m\u00eame Ferrari F2001, une quatri\u00e8me fois Champion du Monde de Formule 1. Suivront, bien s\u00fbr, trois autres sacres pour le pilote allemand.<\/p>\n<p>Ce sera une grande premi\u00e8re lors du <strong>GP de Monaco 2025 (25 mai)<\/strong>, car la <strong>Ferrari F2001<\/strong> de la vente aux ench\u00e8res <strong>\u00ab\u00a0The Schumacher Crown Jewel\u00a0\u00bb<\/strong> sera l\u2019unique lot propos\u00e9 par <strong>RM Sotheby\u2019s<\/strong> \u00e0 de potentiels acheteurs fortun\u00e9s. En effet, la maison de <strong>ventes aux ench\u00e8res RM Sotheby\u2019s<\/strong> pr\u00e9cise que ce sera la premi\u00e8re fois qu\u2019un tel \u00e9v\u00e9nement est organis\u00e9 dans le cadre du <strong>GP de Monaco<\/strong>, l\u00e0 o\u00f9 <strong>Michael Schumacher<\/strong> a triomph\u00e9 \u00e0 cinq reprises. Du c\u00f4t\u00e9 de <strong>Girardo &amp; Co.<\/strong>, c\u2019est une <a href=\"https:\/\/lesvoitures.fr\/f1-formule-1-scuderia-ferrari-une-fantastique-ferrari-f1-87-a-vendre\/\" target=\"_blank\" rel=\"noopener\"><strong>Ferrari <a title=\"F1\" href=\" https:\/\/lesvoitures.fr\/formule1\/\">F1<\/a>-87<\/strong><\/a> qui est toujours \u00e0 vendre.<\/p>\n<blockquote class=\"twitter-tweet\">\n<p dir=\"ltr\" lang=\"en\">The Schumacher Crown Jewel: Michael Schumacher\u2019s Monaco Grand Prix and Double World Championship-Winning Ferrari F2001 to Be Sold During the Formula 1 Tag Heuer Grand Prix de Monaco 2025: <a href=\"https:\/\/t.co\/92CVdFAIPz\">https:\/\/t.co\/92CVdFAIPz<\/a> <a href=\"https:\/\/t.co\/uWhUy8Otit\">pic.twitter.com\/uWhUy8Otit<\/a><\/p>\n<p>\u2014 RM Sotheby\u2019s (@rmsothebys) <a href=\"https:\/\/twitter.com\/rmsothebys\/status\/1911404060772548702?ref_src=twsrc%5Etfw\" target=\"_blank\" rel=\"noopener\">April 13, 2025<\/a><\/p>\n<\/blockquote>\n<p>Motoris\u00e9e par un <strong>V10<\/strong> de plus de <strong>820 ch<\/strong>, cette <strong>Ferrari F2001<\/strong>, dont aucune estimation n\u2019a \u00e9t\u00e9 communiqu\u00e9e, a aussi permis \u00e0 la <strong><a title=\"Scuderia\" href=\" https:\/\/scuderiaclassic.com\/\">Scuderia<\/a> Ferrari<\/strong> de remporter le titre <strong>constructeurs<\/strong> du <strong>Championnat du Monde de Formule 1 2001<\/strong>. Au volant de la <strong>Ferrari F2001 (ch\u00e2ssis 211)<\/strong>, <strong>Michael Schumacher<\/strong> a \u00e9galement gagn\u00e9 le <strong>GP de Hongrie 2001<\/strong>. Cette ann\u00e9e-l\u00e0, rappelons que <strong>Rubens Barrichello<\/strong> \u00e9tait le co\u00e9quipier de <strong>Michael Schumacher<\/strong>. A cette \u00e9poque, le \u00ab\u00a0trio magique\u00a0\u00bb compos\u00e9 de <strong>Jean Todt, Ross Brawn, Rory Byrne et Michael Schumacher<\/strong> a marqu\u00e9, \u00e0 tout jamais, par sa supr\u00e9matie, l\u2019histoire du sport automobile.<\/p>\n<p><img loading=\"lazy\" decoding=\"async\" class=\"alignnone wp-image-468040 size-medium\" src=\"https:\/\/www.europesays.com\/fr\/wp-content\/uploads\/2025\/04\/Michael-Schumacher-F2001-GP-de-Monaco-2021-RM-Sotheby-s-231-785x476.png\" alt=\"Michael Schumacher Ferrari F2001 GP de Monaco 2025\" width=\"785\" height=\"476\"  \/><\/p>\n<p>Enfin, pour tout savoir sur cette<strong>\u00a0Ferrari F2001<\/strong> pilot\u00e9e par<strong> Michael Schumacher<\/strong> au <strong>GP de Monaco 2001<\/strong>, en d\u00e9couvrir d\u2019autres photos, et vous renseigner sur la <strong>vente aux ench\u00e8res<\/strong> qui sera organis\u00e9e \u00e0<strong> Monaco<\/strong> par <strong>RM Sotheby\u2019s<\/strong>, le <strong>24 mai 2025<\/strong>, nous vous invitons \u00e0 cliquer sur : <a href=\"https:\/\/rmsothebys.com\/auctions\/mc25\/lots\/r0001-2001-ferrari-f2001-the-schumacher-crown-jewel\/#\/\" target=\"_blank\" rel=\"noopener\"><strong>\u00ab\u00a0The Schumacher Crown Jewel\u00a0\u00bb<\/strong><\/a>. Une donation caritative sera effectu\u00e9e \u00e0 partir des recettes de la vente, ceci au profit de la fondation <strong>Keep Fighting<\/strong> de <strong>Michael Schumacher<\/strong>.<\/p>\n<p>La r\u00e9daction<\/p>\n<p>Photos : RM Sotheby\u2019s<\/p>\n<p><script async src=\"https:\/\/platform.twitter.com\/widgets.js\" charset=\"utf-8\"><\/script><\/p>\n","protected":false},"excerpt":{"rendered":"Dans quelques jours, dans le cadre du GP de Monaco 2025, la Ferrari F2001 pilot\u00e9e par Michael Schumacher&hellip;\n","protected":false},"author":2,"featured_media":24837,"comment_status":"","ping_status":"","sticky":false,"template":"","format":"standard","meta":{"footnotes":""},"categories":[1412],"tags":[1451,2251,8943,1452,1453,1454,1455,1011,27,8942,3504,60],"class_list":{"0":"post-24836","1":"post","2":"type-post","3":"status-publish","4":"format-standard","5":"has-post-thumbnail","7":"category-f1","8":"tag-f1","9":"tag-ferrari","10":"tag-ferrari-f2001","11":"tag-formula-1","12":"tag-formula1","13":"tag-formule-1","14":"tag-formule1","15":"tag-fr","16":"tag-france","17":"tag-michael-schumacher","18":"tag-scuderia-ferrari","19":"tag-sports"},"share_on_mastodon":{"url":"https:\/\/pubeurope.com\/@fr\/114337606953973217","error":""},"_links":{"self":[{"href":"https:\/\/www.europesays.com\/fr\/wp-json\/wp\/v2\/posts\/24836","targetHints":{"allow":["GET"]}}],"collection":[{"href":"https:\/\/www.europesays.com\/fr\/wp-json\/wp\/v2\/posts"}],"about":[{"href":"https:\/\/www.europesays.com\/fr\/wp-json\/wp\/v2\/types\/post"}],"author":[{"embeddable":true,"href":"https:\/\/www.europesays.com\/fr\/wp-json\/wp\/v2\/users\/2"}],"replies":[{"embeddable":true,"href":"https:\/\/www.europesays.com\/fr\/wp-json\/wp\/v2\/comments?post=24836"}],"version-history":[{"count":0,"href":"https:\/\/www.europesays.com\/fr\/wp-json\/wp\/v2\/posts\/24836\/revisions"}],"wp:featuredmedia":[{"embeddable":true,"href":"https:\/\/www.europesays.com\/fr\/wp-json\/wp\/v2\/media\/24837"}],"wp:attachment":[{"href":"https:\/\/www.europesays.com\/fr\/wp-json\/wp\/v2\/media?parent=24836"}],"wp:term":[{"taxonomy":"category","embeddable":true,"href":"https:\/\/www.europesays.com\/fr\/wp-json\/wp\/v2\/categories?post=24836"},{"taxonomy":"post_tag","embeddable":true,"href":"https:\/\/www.europesays.com\/fr\/wp-json\/wp\/v2\/tags?post=24836"}],"curies":[{"name":"wp","href":"https:\/\/api.w.org\/{rel}","templated":true}]}}