{"id":248371,"date":"2025-07-14T01:45:25","date_gmt":"2025-07-14T01:45:25","guid":{"rendered":"https:\/\/www.europesays.com\/fr\/248371\/"},"modified":"2025-07-14T01:45:25","modified_gmt":"2025-07-14T01:45:25","slug":"lyon-cest-quoi-ce-nouveau-panneau-lumineux-sur-le-peripherique-laurent-bonnevay","status":"publish","type":"post","link":"https:\/\/www.europesays.com\/fr\/248371\/","title":{"rendered":"Lyon. C&rsquo;est quoi ce nouveau panneau lumineux sur le p\u00e9riph\u00e9rique Laurent-Bonnevay"},"content":{"rendered":"<p>            Par<br \/>\n        <strong><br \/>\n            <a href=\"https:\/\/actu.fr\/auteur\/theophile-blondet\" title=\"Consulter tous les articles de Theophile Blondet\" target=\"_blank\" rel=\"noopener\">Theophile Blondet<\/a><br \/>\n        <\/strong><\/p>\n<p>        Publi\u00e9 le<\/p>\n<p>            13 juil. 2025 \u00e0 6h02        <\/p>\n<p>Il y a un an \u00e9tait illumin\u00e9e <a href=\"https:\/\/actu.fr\/auvergne-rhone-alpes\/lyon_69123\/lyon-cette-tour-va-changer-de-couleur-tous-les-jours-voici-pourquoi_61263480.html\" target=\"_blank\" rel=\"noopener\">la coiffe color\u00e9e de la Tour Incity \u00e0 Lyon<\/a>, indiquant la qualit\u00e9 de l\u2019air du lendemain dans la capitale des Gaules. \u00c0 cette occasion, l\u2019observatoire r\u00e9gional Atmo Auvergne-Rh\u00f4ne-Alpes a inaugur\u00e9 un nouveau dispositif en juin dernier.<\/p>\n<p>Un nouveau dispositif sur le p\u00e9riph\u00e9rique Laurent-Bonnevay<\/p>\n<p class=\" wall-content\">L\u2019observatoire r\u00e9gional a mis en place un nouveau m\u00e9canisme afin de <strong>\u00ab\u2009rendre l\u2019indice ATMO visible dans l\u2019espace public\u2009\u00bb<\/strong>.<\/p>\n<p class=\" wall-content\">C\u2019est donc dans l\u2019une des stations de mesure de la qualit\u00e9 de l\u2019air de la <a href=\"https:\/\/actu.fr\/tag\/grand-lyon\" target=\"_blank\" rel=\"noopener\">M\u00e9tropole de Lyon<\/a> que se trouve ce dispositif. Ce dernier est construit avec un habillage p\u00e9dagogique visible de jour et un \u00e9clairage nocturne indiquant l\u2019indice ATMO du lendemain.<\/p>\n<p>    <img   decoding=\"async\" loading=\"lazy\" src=\"https:\/\/www.europesays.com\/fr\/wp-content\/uploads\/2025\/07\/mizu-c-station-atmo2-960x640.jpg\" alt=\"Ce nouveau dispositif est op\u00e9rationnel depuis juin 2025.\" width=\"960\" height=\"640\"\/><br \/>\n    Ce nouveau dispositif est op\u00e9rationnel depuis juin 2025. (\u00a9MIZU\u00a9_STATION_ATMO2)<\/p>\n<p class=\" wall-content\">La qualit\u00e9 de l\u2019air sera indiqu\u00e9e par des panneaux lumineux sur le haut de l\u2019appareil, afin que les automobilistes soient inform\u00e9s au mieux.<\/p>\n<p class=\" wall-content\">Il se trouve sur la partie nord du boulevard Laurent-Bonnevay, sur <a href=\"https:\/\/actu.fr\/auvergne-rhone-alpes\/villeurbanne_69266\" target=\"_blank\" rel=\"noopener\">la commune de Villeurbanne<\/a>.<\/p>\n<p>Vid\u00e9os : en ce moment sur Actu<br \/>\n    <a href=\"https:\/\/www.google.com\/maps\/embed?pb=!1m18!1m12!1m3!1d1391.4098508073032!2d4.897788964309531!3d45.77480347829775!2m3!1f0!2f0!3f0!3m2!1i1024!2i768!4f13.1!3m3!1m2!1s0x47f4c10071d52ab9%3A0x5043c577ca455b6c!2sStation%20de%20mesure%20Atmo!5e0!3m2!1sfr!2sfr!4v1752162435848!5m2!1sfr!2sfr\" title=\"Ouvrie le lien\" target=\"_blank\" rel=\"noopener\">Cliquez ici pour visualiser le contenu<\/a><\/p>\n<p>    <img   decoding=\"async\" loading=\"lazy\" src=\"https:\/\/www.europesays.com\/fr\/wp-content\/uploads\/2025\/07\/lyon-peripherique-2-960x640.jpg\" alt=\"Ce nouveau dispositif est op\u00e9rationnel depuis juin 2025.\" width=\"960\" height=\"640\"\/><br \/>\n    Ce nouveau dispositif est situ\u00e9 le long du boulevard Laurent-Bonnevay. (\u00a9MIZU\u00a9_STATION_ATMO2)Un lieu strat\u00e9gique<\/p>\n<p class=\" wall-content\">Son design rappelle volontairement celui de la Tour Incity, situ\u00e9e dans le c\u0153ur de la Part-Dieu.<\/p>\n<p class=\" wall-content\">Sur le choix de ce lieu, l\u2019Atmo pr\u00e9cise que \u00ab\u2009c\u2019est un point de mesure strat\u00e9gique, qui a longtemps enregistr\u00e9 des d\u00e9passements r\u00e9glementaires pour le dioxyde d\u2019azote (NO\u2082). L\u2019ann\u00e9e 2024 a \u00e9t\u00e9 la premi\u00e8re sans d\u00e9passement enregistr\u00e9 sur ce site\u2009\u00bb.<\/p>\n<p class=\" wall-content\">Suivez toute l\u2019actualit\u00e9 de vos villes et m\u00e9dias favoris en vous inscrivant \u00e0 <a href=\"https:\/\/moncompte.actu.fr\" title=\"D\u00e9couvez Mon Actu\" rel=\"nofollow noopener\" data-trk=\"{&quot;cta&quot;:{&quot;action&quot;:&quot;https:\\\/\\\/moncompte.actu.fr&quot;,&quot;category&quot;:&quot;mon compte&quot;,&quot;from&quot;:&quot;article footer&quot;,&quot;name&quot;:&quot;Mon actu&quot;,&quot;type&quot;:&quot;cta&quot;}}\" target=\"_blank\">Mon Actu<\/a>.<\/p>\n","protected":false},"excerpt":{"rendered":"Par Theophile Blondet Publi\u00e9 le 13 juil. 2025 \u00e0 6h02 Il y a un an \u00e9tait illumin\u00e9e la&hellip;\n","protected":false},"author":2,"featured_media":248372,"comment_status":"","ping_status":"","sticky":false,"template":"","format":"standard","meta":{"footnotes":""},"categories":[1889],"tags":[1111,11,2430,3542,1777,674,1011,27,2428,12,15434,52,1800,25],"class_list":{"0":"post-248371","1":"post","2":"type-post","3":"status-publish","4":"format-standard","5":"has-post-thumbnail","7":"category-lyon","8":"tag-actu","9":"tag-actualites","10":"tag-auvergne-rhone-alpes","11":"tag-circulation","12":"tag-eu","13":"tag-europe","14":"tag-fr","15":"tag-france","16":"tag-lyon","17":"tag-news","18":"tag-peripherique-laurent-bonnevay","19":"tag-planete","20":"tag-pollution","21":"tag-republique-francaise"},"share_on_mastodon":{"url":"https:\/\/pubeurope.com\/@fr\/114849063023871022","error":""},"_links":{"self":[{"href":"https:\/\/www.europesays.com\/fr\/wp-json\/wp\/v2\/posts\/248371","targetHints":{"allow":["GET"]}}],"collection":[{"href":"https:\/\/www.europesays.com\/fr\/wp-json\/wp\/v2\/posts"}],"about":[{"href":"https:\/\/www.europesays.com\/fr\/wp-json\/wp\/v2\/types\/post"}],"author":[{"embeddable":true,"href":"https:\/\/www.europesays.com\/fr\/wp-json\/wp\/v2\/users\/2"}],"replies":[{"embeddable":true,"href":"https:\/\/www.europesays.com\/fr\/wp-json\/wp\/v2\/comments?post=248371"}],"version-history":[{"count":0,"href":"https:\/\/www.europesays.com\/fr\/wp-json\/wp\/v2\/posts\/248371\/revisions"}],"wp:featuredmedia":[{"embeddable":true,"href":"https:\/\/www.europesays.com\/fr\/wp-json\/wp\/v2\/media\/248372"}],"wp:attachment":[{"href":"https:\/\/www.europesays.com\/fr\/wp-json\/wp\/v2\/media?parent=248371"}],"wp:term":[{"taxonomy":"category","embeddable":true,"href":"https:\/\/www.europesays.com\/fr\/wp-json\/wp\/v2\/categories?post=248371"},{"taxonomy":"post_tag","embeddable":true,"href":"https:\/\/www.europesays.com\/fr\/wp-json\/wp\/v2\/tags?post=248371"}],"curies":[{"name":"wp","href":"https:\/\/api.w.org\/{rel}","templated":true}]}}