{"id":248373,"date":"2025-07-14T01:46:12","date_gmt":"2025-07-14T01:46:12","guid":{"rendered":"https:\/\/www.europesays.com\/fr\/248373\/"},"modified":"2025-07-14T01:46:12","modified_gmt":"2025-07-14T01:46:12","slug":"qui-est-elyazid-ahamada-le-detenu-qui-sest-evade-de-la-prison-de-lyon-dans-un-sac-de-linges-2","status":"publish","type":"post","link":"https:\/\/www.europesays.com\/fr\/248373\/","title":{"rendered":"Qui est Elyazid Ahamada, le d\u00e9tenu qui s\u2019est \u00e9vad\u00e9 de la prison de Lyon dans un sac de linges ?"},"content":{"rendered":"<p>C\u2019est une \u00e9vasion digne d\u2019un roman d\u2019<a data-i13n=\"cpos:1;pos:1\" href=\"https:\/\/www.20minutes.fr\/arts-stars\/cinema\/4107069-20240826-producteurs-film-comte-monte-cristo-engagent-faveur-ong-bibliotheques-frontieres?at_medium=RSS%20feed&amp;at_campaign=ynews&amp;utm_source=yahoo&amp;utm_medium=rss&amp;utm_campaign=news_feed&amp;utm_content=in_article_link\" rel=\"nofollow noopener\" target=\"_blank\" data-ylk=\"slk:Alexandre Dumas;cpos:1;pos:1;elm:context_link;itc:0;sec:content-canvas\" class=\"link \">Alexandre Dumas<\/a>. Un d\u00e9tenu de 20 ans, qui ex\u00e9cutait plusieurs peines d\u2019emprisonnement, <a data-i13n=\"cpos:2;pos:1\" href=\"https:\/\/www.20minutes.fr\/faits_divers\/faits-divers-lyon\/4163419-20250712-lyon-prisonnier-evade-planquant-valises-codetenu?at_medium=RSS%20feed&amp;at_campaign=ynews&amp;utm_source=yahoo&amp;utm_medium=rss&amp;utm_campaign=news_feed&amp;utm_content=in_article_link\" rel=\"nofollow noopener\" target=\"_blank\" data-ylk=\"slk:s\u2019est \u00e9vad\u00e9 vendredi;cpos:2;pos:1;elm:context_link;itc:0;sec:content-canvas\" class=\"link \">s\u2019est \u00e9vad\u00e9 vendredi<\/a> de la prison de Corbas, pr\u00e8s de <a data-i13n=\"cpos:3;pos:1\" href=\"https:\/\/www.20minutes.fr\/magazine\/foire-de-lyon-mag\/?at_medium=RSS%20feed&amp;at_campaign=ynews&amp;utm_source=yahoo&amp;utm_medium=rss&amp;utm_campaign=news_feed&amp;utm_content=in_article_link\" rel=\"nofollow noopener\" target=\"_blank\" data-ylk=\"slk:Lyon;cpos:3;pos:1;elm:context_link;itc:0;sec:content-canvas\" class=\"link \">Lyon<\/a>, en se cachant dans le sac de son cod\u00e9tenu qui, en fin de peine, sortait de l\u2019\u00e9tablissement. S\u00e9bastien Cauwel, directeur de l\u2019administration p\u00e9nitentiaire, a \u00e9voqu\u00e9 sur BFMTV ce dimanche un \u00ab ph\u00e9nom\u00e8ne extr\u00eamement rare, que nous n\u2019avons jamais connu dans cette administration, et qui r\u00e9v\u00e8le manifestement une s\u00e9rie de dysfonctionnements graves, inadmissibles \u00bb.<\/p>\n<p>Il faisait l\u2019objet \u00ab d\u2019un mandat de d\u00e9p\u00f4t dans le cadre d\u2019une information judiciaire li\u00e9e \u00e0 la criminalit\u00e9 organis\u00e9e, a indiqu\u00e9 le parquet de Lyon, qui a ouvert une enqu\u00eate pour \u00ab \u00e9vasion en bande organis\u00e9e et association de malfaiteurs \u00bb.<\/p>\n<p>Une notice rouge \u00e9mise par Interpol<\/p>\n<p>Interpol a \u00e9mis ce dimanche une <a data-i13n=\"cpos:4;pos:1\" href=\"https:\/\/www.interpol.int\/fr\/Notre-action\/Notices\/Notices-rouges\/Voir-les-notices-rouges#2025-56835?at_medium=RSS%20feed&amp;at_campaign=ynews&amp;utm_source=yahoo&amp;utm_medium=rss&amp;utm_campaign=news_feed&amp;utm_content=in_article_link\" rel=\"nofollow noopener\" target=\"_blank\" data-ylk=\"slk:notice rouge;cpos:4;pos:1;elm:context_link;itc:0;sec:content-canvas\" class=\"link \">notice rouge<\/a>, un avis de recherche international, \u00e0 l\u2019encontre du fugitif, d\u00e9voilant son nom, son visage et ses nombreuses condamnations.<\/p>\n<p>Elyazid Ahamada est n\u00e9 \u00e0 Mamoudzou \u00e0 Mayotte le 4 novembre 2004.<\/p>\n<p>Il est accus\u00e9, entre autres, de meurtre en bande organis\u00e9e, d\u2019une participation \u00e0 une association de malfaiteurs en vue de la pr\u00e9paration d\u2019un crime, transport de mat\u00e9riel de guerre, armes, munitions\u2026<\/p>\n<p>Selon <a data-i13n=\"cpos:5;pos:1\" href=\"https:\/\/www.leparisien.fr\/faits-divers\/sac-chariot-roulant-criminalite-organisee-la-traque-du-joker-le-dangereux-evade-de-corbas-continue-13-07-2025-C57ZY7N5RBAAVJB3YHPTT4Y6CA.php?at_medium=RSS%20feed&amp;at_campaign=ynews&amp;utm_source=yahoo&amp;utm_medium=rss&amp;utm_campaign=news_feed&amp;utm_content=in_article_link\" rel=\"nofollow noopener\" target=\"_blank\" data-ylk=\"slk:Le Parisien;cpos:5;pos:1;elm:context_link;itc:0;sec:content-canvas\" class=\"link \">Le Parisien<\/a>, Elyazid Ahamada a partag\u00e9 un temps en 2022 une cellule de Lyon-Corbas avec un jeune tueur \u00e0 gages pr\u00e9sum\u00e9, soup\u00e7onn\u00e9 d\u2019avoir ex\u00e9cut\u00e9 un contrat \u00e0 Paris \u00e0 l\u2019\u00e2ge de 18 ans.<\/p>\n<p><a data-i13n=\"cpos:6;pos:1\" href=\"https:\/\/www.20minutes.fr\/justice\/4163459-20250713-elyazid-ahamada-detenu-evade-prison-lyon-sac-linges?at_medium=RSS%20feed&amp;at_campaign=ynews&amp;utm_source=yahoo&amp;utm_medium=rss&amp;utm_campaign=news_feed&amp;utm_content=read_more_link%22\" rel=\"nofollow noopener\" target=\"_blank\" data-ylk=\"slk:Lire la suite sur 20minutes;cpos:6;pos:1;elm:context_link;itc:0;sec:content-canvas\" class=\"link \">Lire la suite sur 20minutes<\/a><\/p>\n<p>\u00c0 lire aussi :<\/p>\n<p><a data-i13n=\"cpos:7;pos:1\" href=\"https:\/\/www.20minutes.fr\/justice\/4163277-20250711-prison-famille-depose-plainte-apres-suicide-detenu-24-ans-detention-provisoire-fresnes?at_medium=RSS%20feed&amp;at_campaign=ynews&amp;utm_source=yahoo&amp;utm_medium=rss&amp;utm_campaign=news_feed&amp;utm_content=related_content_link\" rel=\"nofollow noopener\" target=\"_blank\" data-ylk=\"slk:Prison : Une famille d\u00e9pose plainte apr\u00e8s le suicide d\u2019un d\u00e9tenu de 24 ans qui \u00e9tait en d\u00e9tention provisoire \u00e0 Fresnes;cpos:7;pos:1;elm:context_link;itc:0;sec:content-canvas\" class=\"link \">Prison : Une famille d\u00e9pose plainte apr\u00e8s le suicide d\u2019un d\u00e9tenu de 24 ans qui \u00e9tait en d\u00e9tention provisoire \u00e0 Fresnes<\/a><br \/><a data-i13n=\"cpos:8;pos:1\" href=\"https:\/\/www.20minutes.fr\/monde\/4163347-20250711-tunisie-six-mois-prison-plus-detenu-refuse-regarder-allocution-president-tele?at_medium=RSS%20feed&amp;at_campaign=ynews&amp;utm_source=yahoo&amp;utm_medium=rss&amp;utm_campaign=news_feed&amp;utm_content=related_content_link\" rel=\"nofollow noopener\" target=\"_blank\" data-ylk=\"slk:Tunisie : Six mois de prison (de plus) pour un d\u00e9tenu qui a refus\u00e9 de regarder l\u2019allocution du pr\u00e9sident \u00e0 la t\u00e9l\u00e9;cpos:8;pos:1;elm:context_link;itc:0;sec:content-canvas\" class=\"link \">Tunisie : Six mois de prison (de plus) pour un d\u00e9tenu qui a refus\u00e9 de regarder l\u2019allocution du pr\u00e9sident \u00e0 la t\u00e9l\u00e9<\/a><\/p>\n","protected":false},"excerpt":{"rendered":"C\u2019est une \u00e9vasion digne d\u2019un roman d\u2019Alexandre Dumas. Un d\u00e9tenu de 20 ans, qui ex\u00e9cutait plusieurs peines d\u2019emprisonnement,&hellip;\n","protected":false},"author":2,"featured_media":248374,"comment_status":"","ping_status":"","sticky":false,"template":"","format":"standard","meta":{"footnotes":""},"categories":[1889],"tags":[1111,11,5815,2430,1777,674,38887,1011,27,38888,2428,23437,12,28904,25],"class_list":{"0":"post-248373","1":"post","2":"type-post","3":"status-publish","4":"format-standard","5":"has-post-thumbnail","7":"category-lyon","8":"tag-actu","9":"tag-actualites","10":"tag-association-de-malfaiteurs","11":"tag-auvergne-rhone-alpes","12":"tag-eu","13":"tag-europe","14":"tag-fin-de-peine","15":"tag-fr","16":"tag-france","17":"tag-le-sac","18":"tag-lyon","19":"tag-mandat-de-depot","20":"tag-news","21":"tag-parquet-de-lyon","22":"tag-republique-francaise"},"share_on_mastodon":{"url":"https:\/\/pubeurope.com\/@fr\/114849066756436454","error":""},"_links":{"self":[{"href":"https:\/\/www.europesays.com\/fr\/wp-json\/wp\/v2\/posts\/248373","targetHints":{"allow":["GET"]}}],"collection":[{"href":"https:\/\/www.europesays.com\/fr\/wp-json\/wp\/v2\/posts"}],"about":[{"href":"https:\/\/www.europesays.com\/fr\/wp-json\/wp\/v2\/types\/post"}],"author":[{"embeddable":true,"href":"https:\/\/www.europesays.com\/fr\/wp-json\/wp\/v2\/users\/2"}],"replies":[{"embeddable":true,"href":"https:\/\/www.europesays.com\/fr\/wp-json\/wp\/v2\/comments?post=248373"}],"version-history":[{"count":0,"href":"https:\/\/www.europesays.com\/fr\/wp-json\/wp\/v2\/posts\/248373\/revisions"}],"wp:featuredmedia":[{"embeddable":true,"href":"https:\/\/www.europesays.com\/fr\/wp-json\/wp\/v2\/media\/248374"}],"wp:attachment":[{"href":"https:\/\/www.europesays.com\/fr\/wp-json\/wp\/v2\/media?parent=248373"}],"wp:term":[{"taxonomy":"category","embeddable":true,"href":"https:\/\/www.europesays.com\/fr\/wp-json\/wp\/v2\/categories?post=248373"},{"taxonomy":"post_tag","embeddable":true,"href":"https:\/\/www.europesays.com\/fr\/wp-json\/wp\/v2\/tags?post=248373"}],"curies":[{"name":"wp","href":"https:\/\/api.w.org\/{rel}","templated":true}]}}