{"id":248381,"date":"2025-07-14T01:51:11","date_gmt":"2025-07-14T01:51:11","guid":{"rendered":"https:\/\/www.europesays.com\/fr\/248381\/"},"modified":"2025-07-14T01:51:11","modified_gmt":"2025-07-14T01:51:11","slug":"neil-young-en-concert-a-ladidas-arena-le-rockeur-a-electrise-paris-avec-ses-classiques-legendaires","status":"publish","type":"post","link":"https:\/\/www.europesays.com\/fr\/248381\/","title":{"rendered":"Neil Young en concert \u00e0 l\u2019Adidas Arena\u00a0: le rockeur a \u00e9lectris\u00e9 Paris avec ses classiques l\u00e9gendaires"},"content":{"rendered":"<p class=\"paragraph text_align_left lp-f-body-02\">Dans la file, beaucoup de cheveux gris, blancs ou pas de cheveux du tout. Des couples ensemble depuis un bail, par grappes. Ils ont le m\u00eame \u00e2ge que nous ce soir : 15 ans, 30 ans, 60 ans, tout \u00e7a en m\u00eame temps comme le kal\u00e9idoscope et la bande originale d\u2019une vie. Pas encore 80, comme Neil Young qui les aura en novembre. Et qui \u00e9tait dans sa vingtaine quand il a \u00e9crit nombre de ses classiques comme ceux de \u00ab Harvest \u00bb.<\/p>\n<p class=\"paragraph text_align_left lp-f-body-02\">Ce dimanche 13 juillet \u00e0 19h30 \u00e0 l\u2019Adidas Arena (Paris XVIIIe), une note d\u2019harmonica. \u00ab Love Earth \u00bb, c\u2019est le nom de la tourn\u00e9e 2025. Et avec sa casquette, sa chemise de b\u00fbcheron, son gros son de guitare acoustique et son harmonica autour du cou, il arrive en vieil ami.<\/p>\n","protected":false},"excerpt":{"rendered":"Dans la file, beaucoup de cheveux gris, blancs ou pas de cheveux du tout. Des couples ensemble depuis&hellip;\n","protected":false},"author":2,"featured_media":248382,"comment_status":"","ping_status":"","sticky":false,"template":"","format":"standard","meta":{"footnotes":""},"categories":[1888],"tags":[11,872,1777,674,1011,27,873,12,626,25],"class_list":{"0":"post-248381","1":"post","2":"type-post","3":"status-publish","4":"format-standard","5":"has-post-thumbnail","7":"category-paris","8":"tag-actualites","9":"tag-culture-et-loisirs","10":"tag-eu","11":"tag-europe","12":"tag-fr","13":"tag-france","14":"tag-musique","15":"tag-news","16":"tag-paris","17":"tag-republique-francaise"},"share_on_mastodon":{"url":"https:\/\/pubeurope.com\/@fr\/114849086458892112","error":""},"_links":{"self":[{"href":"https:\/\/www.europesays.com\/fr\/wp-json\/wp\/v2\/posts\/248381","targetHints":{"allow":["GET"]}}],"collection":[{"href":"https:\/\/www.europesays.com\/fr\/wp-json\/wp\/v2\/posts"}],"about":[{"href":"https:\/\/www.europesays.com\/fr\/wp-json\/wp\/v2\/types\/post"}],"author":[{"embeddable":true,"href":"https:\/\/www.europesays.com\/fr\/wp-json\/wp\/v2\/users\/2"}],"replies":[{"embeddable":true,"href":"https:\/\/www.europesays.com\/fr\/wp-json\/wp\/v2\/comments?post=248381"}],"version-history":[{"count":0,"href":"https:\/\/www.europesays.com\/fr\/wp-json\/wp\/v2\/posts\/248381\/revisions"}],"wp:featuredmedia":[{"embeddable":true,"href":"https:\/\/www.europesays.com\/fr\/wp-json\/wp\/v2\/media\/248382"}],"wp:attachment":[{"href":"https:\/\/www.europesays.com\/fr\/wp-json\/wp\/v2\/media?parent=248381"}],"wp:term":[{"taxonomy":"category","embeddable":true,"href":"https:\/\/www.europesays.com\/fr\/wp-json\/wp\/v2\/categories?post=248381"},{"taxonomy":"post_tag","embeddable":true,"href":"https:\/\/www.europesays.com\/fr\/wp-json\/wp\/v2\/tags?post=248381"}],"curies":[{"name":"wp","href":"https:\/\/api.w.org\/{rel}","templated":true}]}}