{"id":248389,"date":"2025-07-14T01:55:10","date_gmt":"2025-07-14T01:55:10","guid":{"rendered":"https:\/\/www.europesays.com\/fr\/248389\/"},"modified":"2025-07-14T01:55:10","modified_gmt":"2025-07-14T01:55:10","slug":"donald-trump-annonce-lenvoi-de-systemes-de-defense-anti-aerienne-patriot-a-lukraine-rts-ch","status":"publish","type":"post","link":"https:\/\/www.europesays.com\/fr\/248389\/","title":{"rendered":"Donald Trump annonce l&rsquo;envoi de syst\u00e8mes de d\u00e9fense anti-a\u00e9rienne Patriot \u00e0 l&rsquo;Ukraine &#8211; rts.ch"},"content":{"rendered":"<p>Les Etats-Unis vont envoyer des syst\u00e8mes de d\u00e9fense anti-a\u00e9rienne Patriot \u00e0 l&rsquo;Ukraine pour l&rsquo;aider \u00e0 r\u00e9pondre aux frappes russes, a annonc\u00e9 dimanche le pr\u00e9sident Donald Trump, alors que sa relation avec son homologue russe Vladimir Poutine s&rsquo;est d\u00e9grad\u00e9e.<\/p>\n<p>\u00ab\u00a0Nous leur enverrons des Patriots, dont ils ont d\u00e9sesp\u00e9r\u00e9ment besoin\u00a0\u00bb, a d\u00e9clar\u00e9 Donald Trump, deux semaines apr\u00e8s que Washington a annonc\u00e9 la suspension de certaines livraisons d&rsquo;armes \u00e0 Kiev. \u00ab\u00a0Je n&rsquo;ai pas encore d\u00e9cid\u00e9 du nombre, mais ils vont en avoir, parce qu&rsquo;ils ont besoin de protection\u00a0\u00bb, a-t-il ajout\u00e9.<\/p>\n<p><strong class=\"inline-title\">&gt;&gt; Lire\u00a0: <\/strong><a href=\"https:\/\/www.rts.ch\/info\/monde\/2025\/article\/les-etats-unis-interrompent-certaines-livraisons-d-armes-a-l-ukraine-28930998.html\" data-item-id=\"richtext_link\" target=\"_blank\" rel=\"noopener\">Les Etats-Unis interrompent certaines livraisons d&rsquo;armes \u00e0 l&rsquo;Ukraine, inqui\u00e9tudes \u00e0 Kiev<\/a><\/p>\n<p>La livraison d&rsquo;armes fera partie d&rsquo;un accord impliquant l&rsquo;Otan, qui paiera les Etats-Unis pour des armes qu&rsquo;elle enverra \u00e0 l&rsquo;Ukraine, selon le pr\u00e9sident. \u00ab\u00a0Nous allons, en fait, leur envoyer divers \u00e9quipements militaires tr\u00e8s sophistiqu\u00e9s et ils vont nous les payer \u00e0 100%\u00a0\u00bb, a d\u00e9clar\u00e9 Donald Trump.<\/p>\n<p>\u00ab\u00a0D\u00e9\u00e7u\u00a0\u00bb par Vladimir Poutine<\/p>\n<p>Le pr\u00e9sident am\u00e9ricain a r\u00e9p\u00e9t\u00e9 qu&rsquo;il \u00e9tait \u00ab\u00a0d\u00e9\u00e7u\u00a0\u00bb par son homologue russe, pointant les intenses frappes russes qui ont continu\u00e9 \u00e0 s&rsquo;abattre sur l&rsquo;Ukraine, sans cessez-le-feu en vue. \u00ab\u00a0[Vladimir] Poutine a vraiment surpris beaucoup de gens. Il parle gentiment et, ensuite, il bombarde tout le monde le soir\u00a0\u00bb, a relev\u00e9 le r\u00e9publicain, visiblement m\u00e9content.<\/p>\n<p><strong class=\"inline-title\">&gt;&gt; Lire aussi\u00a0: <\/strong><a href=\"https:\/\/www.rts.ch\/info\/monde\/2025\/article\/donald-trump-deplore-l-absence-de-progres-avec-vladimir-poutine-sur-la-guerre-en-ukraine-28933395.html\" data-item-id=\"richtext_link\" target=\"_blank\" rel=\"noopener\">Donald Trump d\u00e9plore l&rsquo;absence de \u00ab\u00a0progr\u00e8s\u00a0\u00bb avec Vladimir Poutine sur la guerre en Ukraine<\/a><\/p>\n<p>Donald Trump avait au d\u00e9but de son mandat tent\u00e9 de convaincre Vladimir Poutine de n\u00e9gocier sur la fin du conflit.<\/p>\n<p>Rencontre avec Mark Rutte<\/p>\n<p>L&rsquo;\u00e9missaire am\u00e9ricain Keith Kellogg doit entamer une nouvelle visite en Ukraine lundi.<\/p>\n<p>Donald Trump a \u00e9galement pr\u00e9cis\u00e9 qu&rsquo;il rencontrerait le secr\u00e9taire g\u00e9n\u00e9ral de l&rsquo;Otan Mark Rutte lundi, date \u00e0 laquelle il a annonc\u00e9 pr\u00e9c\u00e9demment avoir \u00ab\u00a0une d\u00e9claration importante \u00e0 faire sur la Russie\u00a0\u00bb.<\/p>\n<p class=\"sources\">ats\/iar<\/p>\n","protected":false},"excerpt":{"rendered":"Les Etats-Unis vont envoyer des syst\u00e8mes de d\u00e9fense anti-a\u00e9rienne Patriot \u00e0 l&rsquo;Ukraine pour l&rsquo;aider \u00e0 r\u00e9pondre aux frappes&hellip;\n","protected":false},"author":2,"featured_media":248390,"comment_status":"","ping_status":"","sticky":false,"template":"","format":"standard","meta":{"footnotes":""},"categories":[1589],"tags":[11,10268,21153,2120,554,75,73,1866,418,131,3577,7032,74,12,316,2543,220,1864,1865,1863,308,135],"class_list":{"0":"post-248389","1":"post","2":"type-post","3":"status-publish","4":"format-standard","5":"has-post-thumbnail","7":"category-etats-unis","8":"tag-actualites","9":"tag-arme","10":"tag-chef-de-letat","11":"tag-conflit","12":"tag-defense","13":"tag-donald-trump","14":"tag-etats-unis","15":"tag-etats-unis-damerique","16":"tag-gouvernement","17":"tag-guerre-en-ukraine","18":"tag-guerre-et-paix","19":"tag-livraison","20":"tag-monde","21":"tag-news","22":"tag-politique","23":"tag-relations-internationales","24":"tag-ukraine","25":"tag-united-states","26":"tag-united-states-of-america","27":"tag-us","28":"tag-usa","29":"tag-vladimir-poutine"},"share_on_mastodon":{"url":"https:\/\/pubeurope.com\/@fr\/114849102110058243","error":""},"_links":{"self":[{"href":"https:\/\/www.europesays.com\/fr\/wp-json\/wp\/v2\/posts\/248389","targetHints":{"allow":["GET"]}}],"collection":[{"href":"https:\/\/www.europesays.com\/fr\/wp-json\/wp\/v2\/posts"}],"about":[{"href":"https:\/\/www.europesays.com\/fr\/wp-json\/wp\/v2\/types\/post"}],"author":[{"embeddable":true,"href":"https:\/\/www.europesays.com\/fr\/wp-json\/wp\/v2\/users\/2"}],"replies":[{"embeddable":true,"href":"https:\/\/www.europesays.com\/fr\/wp-json\/wp\/v2\/comments?post=248389"}],"version-history":[{"count":0,"href":"https:\/\/www.europesays.com\/fr\/wp-json\/wp\/v2\/posts\/248389\/revisions"}],"wp:featuredmedia":[{"embeddable":true,"href":"https:\/\/www.europesays.com\/fr\/wp-json\/wp\/v2\/media\/248390"}],"wp:attachment":[{"href":"https:\/\/www.europesays.com\/fr\/wp-json\/wp\/v2\/media?parent=248389"}],"wp:term":[{"taxonomy":"category","embeddable":true,"href":"https:\/\/www.europesays.com\/fr\/wp-json\/wp\/v2\/categories?post=248389"},{"taxonomy":"post_tag","embeddable":true,"href":"https:\/\/www.europesays.com\/fr\/wp-json\/wp\/v2\/tags?post=248389"}],"curies":[{"name":"wp","href":"https:\/\/api.w.org\/{rel}","templated":true}]}}