{"id":248393,"date":"2025-07-14T01:57:08","date_gmt":"2025-07-14T01:57:08","guid":{"rendered":"https:\/\/www.europesays.com\/fr\/248393\/"},"modified":"2025-07-14T01:57:08","modified_gmt":"2025-07-14T01:57:08","slug":"lallemagne-sera-favorite-en-quarts-de-finale-selon-laurent-bonadei-le-selectionneur-des-bleues-lequipe","status":"publish","type":"post","link":"https:\/\/www.europesays.com\/fr\/248393\/","title":{"rendered":"\u00ab L&#039;Allemagne sera favorite \u00bb en quarts de finale selon Laurent Bonadei, le s\u00e9lectionneur des Bleues &#8211; L&#039;\u00c9quipe"},"content":{"rendered":"<ol>\n<li><a href=\"https:\/\/news.google.com\/rss\/articles\/CBMi4AFBVV95cUxOU3pHS00wOVNqRTBvYmJmbXM1TUVvRUUtTlg4T0E0bDRrYUJIU1VZSEdCVUZ5dVV2WlJ1ZnhzdFJjWnVvV1hIVndLcXhGajZDX3l0SFQ4UzZFaTZXb3FaR096cU5qX21mNU5CenI0V2RoVlJFUFF4bllhZlE5d2RMOVFXNlBtTUFjTnBGX25Ray1OcGNDM2ljcS1IMHFuR1A2UTNCeTRUcUhPaE1NU3pNTmJlbnMxT0NQYzJsXy1rbFRLcmZSX3U1SWtaNVluWGZtMTE4YnA2Mk5acXUwWkhkRg?oc=5\" target=\"_blank\" rel=\"nofollow noopener\">\u00ab L&rsquo;Allemagne sera favorite \u00bb en quarts de finale selon Laurent Bonadei, le s\u00e9lectionneur des Bleues<\/a>&nbsp;&nbsp;L&rsquo;\u00c9quipe<\/li>\n<li><a href=\"https:\/\/news.google.com\/rss\/articles\/CBMi8AFBVV95cUxPeV82Ukticzk5cXZsUmwycWtoWGZJa2s4aW8wTjFSbEQzSUc3V1dJOTk2QWFDYW5lY1VNRVpYajFoU1FyWVo1OEVNMUdQQ3NBV3BTU0dGTmp1Yld6d2NHc0NHM0FSak41MW9xUmVYTHZKdUt3S3RPbk1EMThUYm9admVmcmNTbUpFQlFNZ0NUU3BsVEZlUnBZTjdDS3RvdkpMVDh4MnRLYTY4aWpieFo3WEhGc3JrT0llVUZuN3Myc2dfb0Mxb0Z3UjMwd3d1VkZLRHNsWV9lNzVlYTBJRVM1OXp3c2JOeDBxX1BQNWU1UzI?oc=5\" target=\"_blank\" rel=\"nofollow noopener\">Euro f\u00e9minin 2025: France-Allemagne, Espagne-Suisse&#8230; le tableau complet des quarts de finale<\/a>&nbsp;&nbsp;RMC Sport<\/li>\n<li><a href=\"https:\/\/news.google.com\/rss\/articles\/CBMiswFBVV95cUxNSjFZX1g3dWRmQ29mMmxPZWtlNFdJcXFwTTlEMXRQU1VXMUtkVXNXUUREQlZpWFRPQk5HTkcxU2dTV0Z3bkhVd18tVmhjaUpyY2ttdlZSVDhtSEpFSjI5bHJLdW1ORHlMUnVZOXdUWFl4Tm5kblAydTFBWjd3UnRPdkROOG1lQV9yV1BFV0lMYzNuUXlDeHB4dGZvdDRKbDh0YTdTMEFJZGJ0czlsbVd0OWtYSdIBuAFBVV95cUxNQldtT3ZnbExBRF9Zem5wVTJPLUFkbEhaaDdyRG5fNE5haVFrbldFNDRVeGVDSUlmTGFxZm5ELTlmeGk5V3dlQWw1OVpwSmlSdXhwUi1GV1VTcDZuQXp3eVp6ZDVGOUdmV2lvbXJfbHlvWXM1YTE5dVFRNWtlM21PWk5OZXY0d1RMeTQtQmd0dDVFbnB0ZlRzWjV2U1FJTHNiT3daOWlHRlBGckFtZU1zOWE0b3JVa2Zn?oc=5\" target=\"_blank\" rel=\"nofollow noopener\">Euro f\u00e9minin 2025 de football : le calendrier et les r\u00e9sultats complets de la comp\u00e9tition<\/a>&nbsp;&nbsp;CNews<\/li>\n<li><a href=\"https:\/\/news.google.com\/rss\/articles\/CBMimAJBVV95cUxPRF96MHFNVG5jeFo5OGRRcTJmY1VpdEUwUkt1dzJYdTBiTTNUQmpQLUd5N3RDNmNQMWVDMVNrYWJQY0J4TzQxLWk2cnQ4M3AwZy1GRlFKVDRWSlpqal8wc1h3SGM5U1FHMnBEU0luMzlGZWo1OWN2dmlYT1ZDWXBMamhONmZXU0R6bHJidUN1ckJFeS1jYmMzd0NXTnUwbi0xMjFxcTVGaExzXy03OXhCb1NtZlJIQnd6NGxuV0dkQTlNUmdOc1NtZXRTMUltb3Y5Wk5qMWIzMWhzUDdSSzNDeklTMk15VzZmRlduVXFKaFdaYmRuSVBOc0RhWHN1aURhbWFEYW1zdkV5am5TYnFHVTN0VWpLZVR2?oc=5\" target=\"_blank\" rel=\"nofollow noopener\">France &#8211; Allemagne. Quand aura lieu le quart de finale des Bleues \u00e0 l\u2019Euro f\u00e9minin 2025 ?<\/a>&nbsp;&nbsp;Ouest-France<\/li>\n<li><a href=\"https:\/\/news.google.com\/rss\/articles\/CBMilgFBVV95cUxNZGstQjl1VTBkOVVtOFhfUlVabm5IemZnejNSa0dyd0dtbU5XRUFaUUQtU05ITzBCQzg4eUNNeUJQSVlaOWotU1JQT01ONGdWaXFwcHdjUnQwc0VNc1Q3SGNrZlpnbWdMM3hkbmRUcVpueENqWUh0Qm80Y29WZmVpemw1cWxmVm5ZYzhjV2p2TTJWdXI1TlE?oc=5\" target=\"_blank\" rel=\"nofollow noopener\">Football : Euro f\u00e9minin<\/a>&nbsp;&nbsp;T\u00e9l\u00e9rama<\/li>\n<\/ol>\n","protected":false},"excerpt":{"rendered":"\u00ab L&rsquo;Allemagne sera favorite \u00bb en quarts de finale selon Laurent Bonadei, le s\u00e9lectionneur des Bleues&nbsp;&nbsp;L&rsquo;\u00c9quipe Euro f\u00e9minin&hellip;\n","protected":false},"author":2,"featured_media":248394,"comment_status":"","ping_status":"","sticky":false,"template":"","format":"standard","meta":{"footnotes":""},"categories":[1587],"tags":[11,672,1804,1805,1803,1777,674,1801,12,1802],"class_list":{"0":"post-248393","1":"post","2":"type-post","3":"status-publish","4":"format-standard","5":"has-post-thumbnail","7":"category-allemagne","8":"tag-actualites","9":"tag-allemagne","10":"tag-bundesrepublik-deutschland","11":"tag-de","12":"tag-deutschland","13":"tag-eu","14":"tag-europe","15":"tag-germany","16":"tag-news","17":"tag-republique-federale-dallemagne"},"share_on_mastodon":{"url":"https:\/\/pubeurope.com\/@fr\/114849109970441832","error":""},"_links":{"self":[{"href":"https:\/\/www.europesays.com\/fr\/wp-json\/wp\/v2\/posts\/248393","targetHints":{"allow":["GET"]}}],"collection":[{"href":"https:\/\/www.europesays.com\/fr\/wp-json\/wp\/v2\/posts"}],"about":[{"href":"https:\/\/www.europesays.com\/fr\/wp-json\/wp\/v2\/types\/post"}],"author":[{"embeddable":true,"href":"https:\/\/www.europesays.com\/fr\/wp-json\/wp\/v2\/users\/2"}],"replies":[{"embeddable":true,"href":"https:\/\/www.europesays.com\/fr\/wp-json\/wp\/v2\/comments?post=248393"}],"version-history":[{"count":0,"href":"https:\/\/www.europesays.com\/fr\/wp-json\/wp\/v2\/posts\/248393\/revisions"}],"wp:featuredmedia":[{"embeddable":true,"href":"https:\/\/www.europesays.com\/fr\/wp-json\/wp\/v2\/media\/248394"}],"wp:attachment":[{"href":"https:\/\/www.europesays.com\/fr\/wp-json\/wp\/v2\/media?parent=248393"}],"wp:term":[{"taxonomy":"category","embeddable":true,"href":"https:\/\/www.europesays.com\/fr\/wp-json\/wp\/v2\/categories?post=248393"},{"taxonomy":"post_tag","embeddable":true,"href":"https:\/\/www.europesays.com\/fr\/wp-json\/wp\/v2\/tags?post=248393"}],"curies":[{"name":"wp","href":"https:\/\/api.w.org\/{rel}","templated":true}]}}