{"id":248407,"date":"2025-07-14T02:05:13","date_gmt":"2025-07-14T02:05:13","guid":{"rendered":"https:\/\/www.europesays.com\/fr\/248407\/"},"modified":"2025-07-14T02:05:13","modified_gmt":"2025-07-14T02:05:13","slug":"bielle-biarrey-yannick-bru-ne-refera-pas-deux-fois-la-meme-erreur","status":"publish","type":"post","link":"https:\/\/www.europesays.com\/fr\/248407\/","title":{"rendered":"Bielle-Biarrey, Yannick Bru ne refera pas deux fois la m\u00eame erreur"},"content":{"rendered":"<p>L&rsquo;UBB aurait pu se passer de son meilleur joueur et s&rsquo;en sortir face au Stade Toulousain. Mais on n&rsquo;en saura rien aujourd&rsquo;hui, puisque Louis Bielle-Biarrey avait particip\u00e9 \u00e0 la rencontre. Sauf qu&rsquo;il n&rsquo;\u00e9tait pas vraiment \u00e0 100% et n&rsquo;a pas d\u00e9montr\u00e9 le potentiel qu&rsquo;on attendait de lui. Plusieurs jours apr\u00e8s, Yannick Bru le regrette encore.<\/p>\n<p>\u00a0<\/p>\n<p>\u00ab Quand tu as tout un corps m\u00e9dical, y compris des m\u00e9decins ind\u00e9pendants, qui nous disent que les tests de Louis sont \u00e0 10 sur 10 et qu\u2019on a un joueur plein d\u2019\u00e9nergie qui a envie de jouer, et que ce joueur est l\u2019un des meilleurs ailiers du monde, il faut \u00eatre vraiment solide dans sa t\u00eate pour se dire qu\u2019on va se passer de lui \u00bb, a d\u00e9clar\u00e9 Yannick Bru, l&rsquo;entra\u00eeneur de l&rsquo;UBB.<\/p>\n<p>\u00a0<\/p>\n<p>Prochainement, il restera dans les tribunes<\/p>\n<p>\u00a0<\/p>\n<p>Dans des propos accord\u00e9s \u00e0 Midi Olympique, celui-ci a indiqu\u00e9 qu&rsquo;une situation du genre ne va plus se reproduire \u00e0 l&rsquo;avenir. Yannick Bru a appris de cette f\u00e2cheuse exp\u00e9rience. \u00ab Il y a toujours un apprentissage et ce cas-l\u00e0 en est encore un. \u00c7a veut dire que si Louis est incertain et que, par bonheur, on est en finale l\u2019ann\u00e9e prochaine, il sera dans les tribunes \u00bb, tranche-t-il.<\/p>\n<p>\u00a0<\/p>\n<p>Pour rappel, la finale 2025 du Top 14 avait \u00e9t\u00e9 remport\u00e9e par le Stade Toulousain dans les prolongations. L&rsquo;\u00e9quipe de Toulouse s&rsquo;est impos\u00e9e par 39-33 pour s&rsquo;offrir le sacre. A d\u00e9faut de Louis Bielle-Biarrey, c&rsquo;est plut\u00f4t Lucu Maxime Lucu qui a \u00e9t\u00e9 pr\u00e9sent en marquant plusieurs points.<\/p>\n<p>Partagez cette info avec vos amis et vos proches en cliquant ici<br \/>Pour r\u00e9sumer<\/p>\n<p>Yannick Bru regrette d\u2019avoir align\u00e9 Louis Bielle-Biarrey en finale du Top 14, jug\u00e9 incertain physiquement. Malgr\u00e9 des tests positifs, son impact fut limit\u00e9. Il promet plus de prudence \u00e0 l\u2019avenir. Toulouse a gagn\u00e9 39-33, Lucu a brill\u00e9.<\/p>\n<p> <img decoding=\"async\" width=\"76\" height=\"76\" loading=\"lazy\" src=\"https:\/\/www.europesays.com\/fr\/wp-content\/uploads\/2025\/04\/avatar-quinze.png\" alt=\"Voldi Fr\u00e9jus\u00a0Hounvio\"\/><\/p>\n","protected":false},"excerpt":{"rendered":"L&rsquo;UBB aurait pu se passer de son meilleur joueur et s&rsquo;en sortir face au Stade Toulousain. Mais on&hellip;\n","protected":false},"author":2,"featured_media":248408,"comment_status":"","ping_status":"","sticky":false,"template":"","format":"standard","meta":{"footnotes":""},"categories":[1416],"tags":[1011,27,479,1468,60],"class_list":{"0":"post-248407","1":"post","2":"type-post","3":"status-publish","4":"format-standard","5":"has-post-thumbnail","7":"category-rugby","8":"tag-fr","9":"tag-france","10":"tag-rugby","11":"tag-rugby-football","12":"tag-sports"},"share_on_mastodon":{"url":"https:\/\/pubeurope.com\/@fr\/114849141479510043","error":""},"_links":{"self":[{"href":"https:\/\/www.europesays.com\/fr\/wp-json\/wp\/v2\/posts\/248407","targetHints":{"allow":["GET"]}}],"collection":[{"href":"https:\/\/www.europesays.com\/fr\/wp-json\/wp\/v2\/posts"}],"about":[{"href":"https:\/\/www.europesays.com\/fr\/wp-json\/wp\/v2\/types\/post"}],"author":[{"embeddable":true,"href":"https:\/\/www.europesays.com\/fr\/wp-json\/wp\/v2\/users\/2"}],"replies":[{"embeddable":true,"href":"https:\/\/www.europesays.com\/fr\/wp-json\/wp\/v2\/comments?post=248407"}],"version-history":[{"count":0,"href":"https:\/\/www.europesays.com\/fr\/wp-json\/wp\/v2\/posts\/248407\/revisions"}],"wp:featuredmedia":[{"embeddable":true,"href":"https:\/\/www.europesays.com\/fr\/wp-json\/wp\/v2\/media\/248408"}],"wp:attachment":[{"href":"https:\/\/www.europesays.com\/fr\/wp-json\/wp\/v2\/media?parent=248407"}],"wp:term":[{"taxonomy":"category","embeddable":true,"href":"https:\/\/www.europesays.com\/fr\/wp-json\/wp\/v2\/categories?post=248407"},{"taxonomy":"post_tag","embeddable":true,"href":"https:\/\/www.europesays.com\/fr\/wp-json\/wp\/v2\/tags?post=248407"}],"curies":[{"name":"wp","href":"https:\/\/api.w.org\/{rel}","templated":true}]}}