{"id":248411,"date":"2025-07-14T02:08:09","date_gmt":"2025-07-14T02:08:09","guid":{"rendered":"https:\/\/www.europesays.com\/fr\/248411\/"},"modified":"2025-07-14T02:08:09","modified_gmt":"2025-07-14T02:08:09","slug":"10-ans-apres-la-france-de-retour-sur-le-podium-en-rookies-cup","status":"publish","type":"post","link":"https:\/\/www.europesays.com\/fr\/248411\/","title":{"rendered":"10 ans apr\u00e8s, la France de retour sur le podium en Rookies Cup !"},"content":{"rendered":"<p>&#13;<\/p>\n<p><strong>Le Grand Prix moto d&rsquo;Allemagne constituait la 5e des 7 \u00e9preuves de la Red Bull MotoGP Rookies Cup 2025, comp\u00e9tition r\u00e9serv\u00e9e aux jeunes talents. Et pour la premi\u00e8re fois depuis 2015, un pilote fran\u00e7ais \u2013 Guillem Planques \u2013 est mont\u00e9 sur le podium.<\/strong><\/p>\n<p>\u00c2g\u00e9 de 17 ans, <strong>Guillem Planques<\/strong> dispute sa deuxi\u00e8me saison en Red Bull MotoGP Rookies Cup. Il avait pour meilleur r\u00e9sultat cette saison une 5e place obtenue au Mans. Il a fait mieux au Sachsenring en terminant 3e de la premi\u00e8re course, samedi. Le premier podium de la France depuis Silverstone 2015 avec<strong> Enzo Boulom<\/strong> !<\/p>\n<p>Class\u00e9 11e de la seconde manche, dimanche, <strong>Guillem Planques<\/strong> (\u00e0 droite sur la photo) a quitt\u00e9 l&rsquo;Allemagne au 13e rang du championnat, au contact du top-10 qui n&rsquo;est que 7 points devant lui. Bless\u00e9, son compatriote <strong>David Da Costa<\/strong> a fait l&rsquo;impasse sur l&rsquo;\u00e9preuve.<\/p>\n<p>&#13;<br \/>\n           &#13;<br \/>\n&#13;<br \/>\n    &#13;<br \/>\n    &#13;<\/p>\n","protected":false},"excerpt":{"rendered":"&#13; Le Grand Prix moto d&rsquo;Allemagne constituait la 5e des 7 \u00e9preuves de la Red Bull MotoGP Rookies&hellip;\n","protected":false},"author":2,"featured_media":248412,"comment_status":"","ping_status":"","sticky":false,"template":"","format":"standard","meta":{"footnotes":""},"categories":[1413],"tags":[1011,27,1457,1456,60],"class_list":{"0":"post-248411","1":"post","2":"type-post","3":"status-publish","4":"format-standard","5":"has-post-thumbnail","7":"category-moto","8":"tag-fr","9":"tag-france","10":"tag-moto","11":"tag-motocycle","12":"tag-sports"},"share_on_mastodon":{"url":"https:\/\/pubeurope.com\/@fr\/114849153222866044","error":""},"_links":{"self":[{"href":"https:\/\/www.europesays.com\/fr\/wp-json\/wp\/v2\/posts\/248411","targetHints":{"allow":["GET"]}}],"collection":[{"href":"https:\/\/www.europesays.com\/fr\/wp-json\/wp\/v2\/posts"}],"about":[{"href":"https:\/\/www.europesays.com\/fr\/wp-json\/wp\/v2\/types\/post"}],"author":[{"embeddable":true,"href":"https:\/\/www.europesays.com\/fr\/wp-json\/wp\/v2\/users\/2"}],"replies":[{"embeddable":true,"href":"https:\/\/www.europesays.com\/fr\/wp-json\/wp\/v2\/comments?post=248411"}],"version-history":[{"count":0,"href":"https:\/\/www.europesays.com\/fr\/wp-json\/wp\/v2\/posts\/248411\/revisions"}],"wp:featuredmedia":[{"embeddable":true,"href":"https:\/\/www.europesays.com\/fr\/wp-json\/wp\/v2\/media\/248412"}],"wp:attachment":[{"href":"https:\/\/www.europesays.com\/fr\/wp-json\/wp\/v2\/media?parent=248411"}],"wp:term":[{"taxonomy":"category","embeddable":true,"href":"https:\/\/www.europesays.com\/fr\/wp-json\/wp\/v2\/categories?post=248411"},{"taxonomy":"post_tag","embeddable":true,"href":"https:\/\/www.europesays.com\/fr\/wp-json\/wp\/v2\/tags?post=248411"}],"curies":[{"name":"wp","href":"https:\/\/api.w.org\/{rel}","templated":true}]}}