{"id":248425,"date":"2025-07-14T02:15:12","date_gmt":"2025-07-14T02:15:12","guid":{"rendered":"https:\/\/www.europesays.com\/fr\/248425\/"},"modified":"2025-07-14T02:15:12","modified_gmt":"2025-07-14T02:15:12","slug":"isabelle-morini-bosc-delaissee-par-cyril-hanouna-apres-tpmp-je-ne-suis-pas-blessee","status":"publish","type":"post","link":"https:\/\/www.europesays.com\/fr\/248425\/","title":{"rendered":"Isabelle Morini-Bosc d\u00e9laiss\u00e9e par Cyril Hanouna apr\u00e8s TPMP ? \u00ab\u00a0Je ne suis pas bless\u00e9e\u00a0\u00bb"},"content":{"rendered":"<p>Depuis la fin de Touche Pas \u00e0 Mon Poste, les<br \/>\nchroniqueurs vaquent tous \u00e0 leur occupation. Certains ont continu\u00e9<br \/>\n\u00e0 \u00eatre pr\u00e9sents dans divers m\u00e9dias et d\u00a0\u00bbautres en ont profit\u00e9 pour<br \/>\nprendre un peu de vacances. C&rsquo;est par exemple le cas de Kelly<br \/>\nVedovelli qui a visit\u00e9 la Martinique avant de faire un road trip du<br \/>\nc\u00f4t\u00e9 de l&rsquo;Asie. Depuis, <a href=\"https:\/\/www.melty.fr\/people\/kelly-vedovelli-separee-de-cyril-hanouna-depuis-6-mois-une-video-avec-son-nouveau-cheri-fuite-2244256.html\" target=\"_blank\" rel=\"noopener\"><br \/>\nla jeune femme est revenue \u00e0 Paris o\u00f9 une vid\u00e9o d&rsquo;elle et son<br \/>\nnouveau copain a fuit\u00e9 sur les r\u00e9seaux sociaux.<\/a><\/p>\n<p>Quels chroniqueurs seront avec Cyril Hanouna \u00e0 la rentr\u00e9e<br \/>\n?<\/p>\n<p>\u00c0 quelques semaines de l&rsquo;arriv\u00e9e de Cyril Hanouna sur W9, les<br \/>\npremiers noms des chroniqueurs \u00e0 rejoindre son \u00e9quipe ont \u00e9t\u00e9<br \/>\nd\u00e9voil\u00e9s. <strong>Il devrait y avoir Val\u00e9rie B\u00e9na\u00efm et G\u00e9raldine<br \/>\nMaillet \u00e0 ses c\u00f4t\u00e9s.<\/strong> Tout comme Raymond ! D&rsquo;ailleurs, ce<br \/>\ndernier apparait dans le teaser de la nouvelle \u00e9mission de Cyril<br \/>\nHanouna. En revanche, <a href=\"https:\/\/www.melty.fr\/tele\/cyril-hanouna-bientot-sur-w9-trois-chroniqueurs-emblematiques-quittent-le-navire-2247643.html\" target=\"_blank\" rel=\"noopener\"><br \/>\ntrois chroniqueurs embl\u00e9matiques de Touche Pas \u00e0 Mon Poste<br \/>\nauraient d\u00e9cid\u00e9 de quitter le navire.<\/a><\/p>\n<p>\u00ab\u00a0On va avoir des nouvelles s\u00e9quences. On est en train de<br \/>\ntravailler avec des s\u00e9quences avec l&rsquo;intelligence artificielle et<br \/>\nil va y avoir des nouvelles personnes autour de la table.\u00a0On a<br \/>\nquand m\u00eame invent\u00e9 un truc : c&rsquo;est l&rsquo;\u00e9mission de t\u00e9l\u00e9 un peu de<br \/>\nsitcom\u00a0\u00bb, a par ailleurs r\u00e9v\u00e9l\u00e9 Cyril Hanouna sur les ondes<br \/>\nd&rsquo;Europe 1, lorsqu&rsquo;il \u00e9tait encore aux commandes de On marche<br \/>\nsur la t\u00eate.<\/p>\n<p><strong>\u00ab\u00a0Je n&rsquo;envole pas de textos comme \u00e7a je ne suis pas<br \/>\nbless\u00e9e s&rsquo;il ne me r\u00e9pond pas\u00a0\u00bb<\/strong><\/p>\n<p><strong>De son c\u00f4t\u00e9, Isabelle Morini-Bosc sera-t-elle avec Cyril<br \/>\nHanouna \u00e0 la rentr\u00e9e ?<\/strong> La logique voudrait que la r\u00e9ponse<br \/>\nsoit positive, puisque la journaliste est dans le groupe M6 depuis<br \/>\nbien des ann\u00e9es. Mais la r\u00e9alit\u00e9 pourrait bien \u00eatre tout autre&#8230;<br \/>\nAu cours de son passage dans l&rsquo;\u00e9mission Jet De Luxe avec<br \/>\nJordan De Luxe, elle a indirectement r\u00e9v\u00e9l\u00e9 ne pas trop avoir de<br \/>\nnouvelles.<\/p>\n<p><strong>\u00ab\u00a0Je n&rsquo;envole pas de textos comme \u00e7a je ne suis pas<br \/>\nbless\u00e9e s&rsquo;il ne me r\u00e9pond pas. (&#8230;) J&rsquo;ai des nouvelles par le<br \/>\ngroupe, je sais qu&rsquo;ils se voient, qu&rsquo;il y a des r\u00e9unions qui se<br \/>\npassent bien. Je ne veux pas l&#8217;emmerder\u00a0\u00bb<\/strong>, a-t-elle<br \/>\nexpliqu\u00e9.<\/p>\n<p>L&rsquo;avis cash d&rsquo;Isabelle Morini-Bosc sur<br \/>\nMatthieu Delormeau<\/p>\n<p>Au cours de cette m\u00eame \u00e9mission, Isabelle Morini-Bosc a r\u00e9v\u00e9l\u00e9<br \/>\nque certains chroniqueurs se seraient oppos\u00e9s \u00e0 la suppos\u00e9e arriv\u00e9e<br \/>\nde Matthieu Delormeau dans l&rsquo;\u00e9quipe de Cyril Hanouna.<br \/>\n<strong>\u00ab\u00a0Il y en a beaucoup qui ont dit : s&rsquo;il<br \/>\nrevient, nous, on part\u00a0\u00bb<\/strong>, a-t-elle l\u00e2ch\u00e9.<\/p>\n<p>Dans un second temps, elle a pr\u00e9cis\u00e9 : \u00ab\u00a0Le gar\u00e7on \u00e9tant un<br \/>\nhypersensible, il est tortur\u00e9 et compliqu\u00e9. Il a un immense talent,<br \/>\nun vrai courage. C&rsquo;est un bon producteur. (&#8230;) C&rsquo;est un gar\u00e7on que<br \/>\nj&rsquo;aime beaucoup et je suis d\u00e9sol\u00e9e qu&rsquo;il traverse une zone de<br \/>\nturbulence. J&rsquo;esp\u00e8re de tout coeur que \u00e7a sera bient\u00f4t derri\u00e8re<br \/>\nlui.\u00a0\u00bb Pour le moment, Cyril Hanouna n&rsquo;a absolument pas r\u00e9v\u00e9l\u00e9<br \/>\nsi Matthieu Delormeau allait rejoindre son \u00e9quipe, pas plus qu&rsquo;il<br \/>\nn&rsquo;a \u00e9voqu\u00e9 la pr\u00e9sence d&rsquo;Isabelle Morini-Bosc. Il va donc falloir<br \/>\ns&rsquo;armer d&rsquo;un peu de patience pour en savoir plus.<\/p>\n","protected":false},"excerpt":{"rendered":"Depuis la fin de Touche Pas \u00e0 Mon Poste, les chroniqueurs vaquent tous \u00e0 leur occupation. Certains ont&hellip;\n","protected":false},"author":2,"featured_media":248426,"comment_status":"","ping_status":"","sticky":false,"template":"","format":"standard","meta":{"footnotes":""},"categories":[1356],"tags":[1083,58,59,1011,27,16182,252,1364],"class_list":{"0":"post-248425","1":"post","2":"type-post","3":"status-publish","4":"format-standard","5":"has-post-thumbnail","7":"category-television","8":"tag-cyril-hanouna","9":"tag-divertissement","10":"tag-entertainment","11":"tag-fr","12":"tag-france","13":"tag-isabelle-morini-bosc","14":"tag-television","15":"tag-tv"},"share_on_mastodon":{"url":"https:\/\/pubeurope.com\/@fr\/114849181055446909","error":""},"_links":{"self":[{"href":"https:\/\/www.europesays.com\/fr\/wp-json\/wp\/v2\/posts\/248425","targetHints":{"allow":["GET"]}}],"collection":[{"href":"https:\/\/www.europesays.com\/fr\/wp-json\/wp\/v2\/posts"}],"about":[{"href":"https:\/\/www.europesays.com\/fr\/wp-json\/wp\/v2\/types\/post"}],"author":[{"embeddable":true,"href":"https:\/\/www.europesays.com\/fr\/wp-json\/wp\/v2\/users\/2"}],"replies":[{"embeddable":true,"href":"https:\/\/www.europesays.com\/fr\/wp-json\/wp\/v2\/comments?post=248425"}],"version-history":[{"count":0,"href":"https:\/\/www.europesays.com\/fr\/wp-json\/wp\/v2\/posts\/248425\/revisions"}],"wp:featuredmedia":[{"embeddable":true,"href":"https:\/\/www.europesays.com\/fr\/wp-json\/wp\/v2\/media\/248426"}],"wp:attachment":[{"href":"https:\/\/www.europesays.com\/fr\/wp-json\/wp\/v2\/media?parent=248425"}],"wp:term":[{"taxonomy":"category","embeddable":true,"href":"https:\/\/www.europesays.com\/fr\/wp-json\/wp\/v2\/categories?post=248425"},{"taxonomy":"post_tag","embeddable":true,"href":"https:\/\/www.europesays.com\/fr\/wp-json\/wp\/v2\/tags?post=248425"}],"curies":[{"name":"wp","href":"https:\/\/api.w.org\/{rel}","templated":true}]}}